{"id":33026,"date":"2020-04-09T00:00:00","date_gmt":"2020-04-08T23:00:00","guid":{"rendered":"https:\/\/imagazine.it\/?p=33026"},"modified":"2020-04-09T00:00:00","modified_gmt":"2020-04-08T23:00:00","slug":"generali-dona-1-milione-di-euro-al-sistema-sanitario-di-trieste","status":"publish","type":"post","link":"https:\/\/imagazine.it\/home_desk\/generali-dona-1-milione-di-euro-al-sistema-sanitario-di-trieste\/","title":{"rendered":"Generali dona 1 milione di euro al sistema sanitario di Trieste"},"content":{"rendered":"<p>Generali ha donato 1 milione di euro all\u2019Azienda sanitaria universitaria Giuliano Isontina (ASUGI) per l\u2019acquisto di dotazioni tecnologiche per la terapia intensiva dell\u2019Ospedale di Cattinara di Trieste e per dispositivi di protezione individuale nelle case di riposo della citt\u00e0. L\u2019iniziativa rientra nell\u2019ambito del Fondo Straordinario Internazionale creato dalla Compagnia per far fronte all\u2019emergenza del Covid-19.<\/p>\n<p>Grazie anche a queste risorse, l\u2019ospedale triestino potr\u00e0 acquistare una serie di strumentazioni sanitarie \u2013 quali ad esempio ventilatori polmonari e sistemi tecnici essenziali per reparti intensivi o sub intensivi \u2013 che aiutano il trattamento dei pazienti con gravi problemi respiratori. A questi si aggiungono apparecchiature portatili per radiologia ed ecografi portatili per eseguire approfonditi esami diagnostici su pazienti affetti da Covid-19 intrasportabili.<\/p>\n<p>Inoltre, con le risorse verranno acquistati dispositivi di protezione individuale per operatori e ospiti all\u2019interno delle case di riposo di Trieste, nell\u2019ambito del piano di supporto all\u2019attivit\u00e0 delle strutture che ASUGI sta attuando per fronteggiare l\u2019emergenza.<\/p>\n<p>ASUGI \u00e8 fortemente impegnata ad aumentare il numero di posti letto di terapia sub intensiva, di pneumologia e di terapia intensiva per assistere pazienti con insufficienza respiratoria, allestendo a questo scopo un nuovo reparto dell\u2019Ospedale di Cattinara che prevede 33 nuovi posti letto.<\/p>\n<p><a href=\"http:\/\/imagazinevideotruck.it\/outlet\/relink.html\" target=\"_top\" rel=\"noopener\"><img loading=\"lazy\" decoding=\"async\" align=\"LEFT\" height=\"250\" src=\"http:\/\/imagazinevideotruck.it\/outlet\/outlet30.jpg\" width=\"300\" alt=\"\" title=\"\"><\/a><\/p>\n<p>\u00a0<\/p>\n<p>\u00a0<\/p>\n<p>\u00a0<\/p>\n<p>\u00a0<\/p>\n<p>\u00a0<\/p>\n<p>\u00a0<\/p>\n<p>\u00a0<\/p>\n<p>\u00a0<\/p>\n<p>\u00a0<\/p>\n<p>\u201c<em>La lotta all\u2019epidemia Covid-19 \u2013 <\/em>affermano il <strong>presidente di Generali, Gabriele Galateri di Genola,<\/strong> e l\u2019amministratore delegato<strong>, Philippe Donnet <\/strong><em>\u2013 \u00e8 una sfida che sta toccando drammaticamente persone, famiglie e aziende in tutto il mondo, per cui si rende necessaria la condivisione e la concertazione degli sforzi, sia a livello globale sia intervenendo sulle comunit\u00e0 locali. L\u2019intervento di Generali a favore della comunit\u00e0 di Trieste \u00e8 un\u2019ulteriore iniziativa nell\u2019ambito nel nostro impegno responsabile in questo momento difficile\u201d.<\/em><\/p>\n<p>\u201c<em>La comunit\u00e0 regionale \u2013 <\/em>sottolinea il <strong>presidente della Regione Friuli Venezia Giulia, Massimiliano Fedriga<\/strong><em> \u2013 saluta con riconoscenza questa nobile iniziativa, che testimonia un legame \u2013 quello tra Generali e il Friuli Venezia Giulia \u2013 che non si esaurisce nella ricchezza della propria storia ma si rinnova invece in una profondit\u00e0 di relazione che emerge con particolare forza nel momento del bisogno<\/em>\u201d.<\/p>\n<p>\u201c<em>Questa emergenza Covid-19 \u2013 <\/em>conclude il sindaco di Trieste,<strong> Roberto Dipiazza<\/strong><em> \u2013 sta mettendo in evidenza un grande senso di appartenenza territoriale e di solidariet\u00e0. Ringrazio a nome della citt\u00e0 di Trieste il Gruppo Generali per questo importantissimo sostegno e per essere concretamente sempre al fianco della citt\u00e0. Ognuno con le proprie competenze e capacit\u00e0 si sta impegnando contro questo nemico comune. Insieme vinceremo e ne usciremo pi\u00f9 forti e pi\u00f9 uniti come comunit\u00e0\u201d.<\/em><\/p>\n","protected":false},"excerpt":{"rendered":"<p>Per la lotta al Covid-19<\/p>\n","protected":false},"author":28,"featured_media":33027,"comment_status":"closed","ping_status":"closed","sticky":false,"template":"","format":"standard","meta":{"dwc-title":[],"dwc-content":[],"footnotes":""},"categories":[5],"tags":[],"class_list":["post-33026","post","type-post","status-publish","format-standard","has-post-thumbnail","hentry","category-attualita"],"rttpg_featured_image_url":{"full":["https:\/\/imagazine.it\/wp-content\/uploads\/2024\/01\/33535-1.webp",750,489,false],"landscape":["https:\/\/imagazine.it\/wp-content\/uploads\/2024\/01\/33535-1.webp",750,489,false],"portraits":["https:\/\/imagazine.it\/wp-content\/uploads\/2024\/01\/33535-1.webp",750,489,false],"thumbnail":["https:\/\/imagazine.it\/wp-content\/uploads\/2024\/01\/33535-1-150x150.webp",150,150,true],"medium":["https:\/\/imagazine.it\/wp-content\/uploads\/2024\/01\/33535-1-300x196.webp",300,196,true],"large":["https:\/\/imagazine.it\/wp-content\/uploads\/2024\/01\/33535-1.webp",640,417,false],"thumblist":["https:\/\/imagazine.it\/wp-content\/uploads\/2024\/01\/33535-1.webp",300,196,false],"thumbrelated":["https:\/\/imagazine.it\/wp-content\/uploads\/2024\/01\/33535-1.webp",500,326,false],"meccarouselthumb":["https:\/\/imagazine.it\/wp-content\/uploads\/2024\/01\/33535-1.webp",474,309,false],"gridsquare":["https:\/\/imagazine.it\/wp-content\/uploads\/2024\/01\/33535-1.webp",391,255,false],"tileview":["https:\/\/imagazine.it\/wp-content\/uploads\/2024\/01\/33535-1.webp",300,196,false],"1536x1536":["https:\/\/imagazine.it\/wp-content\/uploads\/2024\/01\/33535-1.webp",750,489,false],"2048x2048":["https:\/\/imagazine.it\/wp-content\/uploads\/2024\/01\/33535-1.webp",750,489,false],"newsup-slider-full":["https:\/\/imagazine.it\/wp-content\/uploads\/2024\/01\/33535-1.webp",750,489,false],"newsup-featured":["https:\/\/imagazine.it\/wp-content\/uploads\/2024\/01\/33535-1.webp",750,489,false],"newsup-medium":["https:\/\/imagazine.it\/wp-content\/uploads\/2024\/01\/33535-1-720x380.webp",720,380,true],"tptn_thumbnail":["https:\/\/imagazine.it\/wp-content\/uploads\/2024\/01\/33535-1.webp",250,163,false],"sow-carousel-default":["https:\/\/imagazine.it\/wp-content\/uploads\/2024\/01\/33535-1-272x182.webp",272,182,true]},"rttpg_author":{"display_name":"redazione","author_link":"https:\/\/imagazine.it\/home_desk\/author\/redazione\/"},"rttpg_comment":0,"rttpg_category":"<a href=\"https:\/\/imagazine.it\/home_desk\/category\/attualita\/\" rel=\"category tag\">ATTUALIT\u00c0<\/a>","rttpg_excerpt":"Per la lotta al Covid-19","_links":{"self":[{"href":"https:\/\/imagazine.it\/home_desk\/wp-json\/wp\/v2\/posts\/33026","targetHints":{"allow":["GET"]}}],"collection":[{"href":"https:\/\/imagazine.it\/home_desk\/wp-json\/wp\/v2\/posts"}],"about":[{"href":"https:\/\/imagazine.it\/home_desk\/wp-json\/wp\/v2\/types\/post"}],"author":[{"embeddable":true,"href":"https:\/\/imagazine.it\/home_desk\/wp-json\/wp\/v2\/users\/28"}],"replies":[{"embeddable":true,"href":"https:\/\/imagazine.it\/home_desk\/wp-json\/wp\/v2\/comments?post=33026"}],"version-history":[{"count":0,"href":"https:\/\/imagazine.it\/home_desk\/wp-json\/wp\/v2\/posts\/33026\/revisions"}],"wp:featuredmedia":[{"embeddable":true,"href":"https:\/\/imagazine.it\/home_desk\/wp-json\/wp\/v2\/media\/33027"}],"wp:attachment":[{"href":"https:\/\/imagazine.it\/home_desk\/wp-json\/wp\/v2\/media?parent=33026"}],"wp:term":[{"taxonomy":"category","embeddable":true,"href":"https:\/\/imagazine.it\/home_desk\/wp-json\/wp\/v2\/categories?post=33026"},{"taxonomy":"post_tag","embeddable":true,"href":"https:\/\/imagazine.it\/home_desk\/wp-json\/wp\/v2\/tags?post=33026"}],"curies":[{"name":"wp","href":"https:\/\/api.w.org\/{rel}","templated":true}]}}