{"id":33014,"date":"2020-04-08T00:00:00","date_gmt":"2020-04-07T23:00:00","guid":{"rendered":"https:\/\/imagazine.it\/?p=33014"},"modified":"2020-04-08T00:00:00","modified_gmt":"2020-04-07T23:00:00","slug":"piano-fvg-attesi-a-sacile-60-talenti-da-tutto-il-mondo","status":"publish","type":"post","link":"https:\/\/imagazine.it\/home_desk\/piano-fvg-attesi-a-sacile-60-talenti-da-tutto-il-mondo\/","title":{"rendered":"Piano FVG, attesi a Sacile 60 talenti da tutto il mondo"},"content":{"rendered":"<p>Nonostante l\u2019epidemia in corso, <strong>sono 60 i concorrenti iscritti, <\/strong>all\u2019edizione 2020 del <strong>Concorso pianistico internazionale del Friuli Venezia Giulia PIANO FVG<\/strong> che ogni due anni riunisce a Sacile<strong> giovani e talentuosi pianisti <\/strong>da tutto il mondo.<\/p>\n<p><strong>Provenienti da 18 Paesi<\/strong> tra Corea del Sud, Albania, Giappone, Croazia, Israele, Italia, Svizzera, Polonia, Repubblica Ceca, Slovenia, Bulgaria, Germania, Russia, Francia, Ucraina, Olanda, Usa e Cina, le giovani promesse del pianismo mondiale hanno presentato domanda per partecipare alla competizione.<\/p>\n<p><strong>\u00abLa forte adesione<\/strong> <strong>ci stimola<\/strong> nel cercare di procedere regolarmente allo svolgimento del Concorso fissato dal 26 maggio al primo giugno\u00bb, spiega l\u2019ideatore e direttore artistico del Concorso, <strong>Davide Fregona<\/strong>. \u00abTuttavia, vista l\u2019emergenza internazionale causata dal Coronavirus, si dovr\u00e0 garantire uno svolgimento del concorso in linea con le pi\u00f9 strette necessit\u00e0 di salvaguardia della salute e della sicurezza di tutti, nel rispetto di tutte le normative che regolano spostamenti, viaggi ed eventi pubblici\u00bb.<\/p>\n<p>Per tali ragioni il <strong>direttore artistico e la giuria<\/strong> del Concorso, presieduta dalla pianista slovena <strong>Dubravka Tom\u0161i\u010d Srebotnjak<\/strong>, si riservano di comunicare la decisione presa in merito alle modalit\u00e0 di attuazione del Concorso entro il 27 aprile.<\/p>\n<p>Di alto profilo i <strong>pianisti chiamati a costituire la giuria<\/strong> del Concorso: oltre alla presidente <strong>Dubravka Tom\u0161i\u010d Srebotnjak<\/strong>, ne fanno parte lo spagnolo <strong>Carles Lama, <\/strong>l\u2019italiano <strong>Massimo Gon, <\/strong>l\u2019argentino <strong>Daniel Rivera, Johannes Kroptfish <\/strong>dall\u2019Austria<strong>, <\/strong>il coreano <strong>Ick Choo Moon <\/strong>e il cinese<strong> Hong Fu<\/strong>.<\/p>\n<p>I concorrenti si cimenteranno nelle prove che da una prima serie di brani obbligatori (legati anche all\u2019assegnazione dei premi speciali) porteranno i migliori all\u2019esecuzione di un articolato <strong>programma libero<\/strong>, riservando quindi ai tre finalisti la prova decisiva, il <strong>concerto con Orchestra<\/strong>, attesissimo dalla Citt\u00e0 di Sacile, con l\u2019intervento dell\u2019<strong>Orchestra di Stato della Romania<\/strong>, diretta dal <strong>Maestro Ovidiu Balan<\/strong>: anche questo prestigioso appuntamento sar\u00e0 naturalmente calendarizzato nella prima data utile.<\/p>\n<p><strong>Piano FVG <\/strong>assicura storicamente una serie di concerti, con un <strong>tour regionale e internazionale<\/strong>, per i vincitori e i migliori piazzamenti, oltre a garantire la <strong>registrazione del CD del vincitore<\/strong> presso la <strong>Fazioli Concert Hall <\/strong>di Sacile, grazie alla partnership di Fazioli al Concorso. La registrazione del CD fa parte di <strong>Premi speciali<\/strong> messi a disposizione dal Concorso come particolare forma di promozione dei giovani pianisti laureati dalla competizione.<\/p>\n","protected":false},"excerpt":{"rendered":"<p>A partire dal 26 maggio<\/p>\n","protected":false},"author":28,"featured_media":33015,"comment_status":"closed","ping_status":"closed","sticky":false,"template":"","format":"standard","meta":{"dwc-title":[],"dwc-content":[],"footnotes":""},"categories":[37],"tags":[],"class_list":["post-33014","post","type-post","status-publish","format-standard","has-post-thumbnail","hentry","category-cultura-e-spettacolo"],"rttpg_featured_image_url":{"full":["https:\/\/imagazine.it\/wp-content\/uploads\/2024\/01\/33527-1.webp",750,500,false],"landscape":["https:\/\/imagazine.it\/wp-content\/uploads\/2024\/01\/33527-1.webp",750,500,false],"portraits":["https:\/\/imagazine.it\/wp-content\/uploads\/2024\/01\/33527-1.webp",750,500,false],"thumbnail":["https:\/\/imagazine.it\/wp-content\/uploads\/2024\/01\/33527-1-150x150.webp",150,150,true],"medium":["https:\/\/imagazine.it\/wp-content\/uploads\/2024\/01\/33527-1-300x200.webp",300,200,true],"large":["https:\/\/imagazine.it\/wp-content\/uploads\/2024\/01\/33527-1.webp",640,427,false],"thumblist":["https:\/\/imagazine.it\/wp-content\/uploads\/2024\/01\/33527-1.webp",300,200,false],"thumbrelated":["https:\/\/imagazine.it\/wp-content\/uploads\/2024\/01\/33527-1.webp",500,333,false],"meccarouselthumb":["https:\/\/imagazine.it\/wp-content\/uploads\/2024\/01\/33527-1.webp",474,316,false],"gridsquare":["https:\/\/imagazine.it\/wp-content\/uploads\/2024\/01\/33527-1.webp",391,260,false],"tileview":["https:\/\/imagazine.it\/wp-content\/uploads\/2024\/01\/33527-1.webp",300,200,false],"1536x1536":["https:\/\/imagazine.it\/wp-content\/uploads\/2024\/01\/33527-1.webp",750,500,false],"2048x2048":["https:\/\/imagazine.it\/wp-content\/uploads\/2024\/01\/33527-1.webp",750,500,false],"newsup-slider-full":["https:\/\/imagazine.it\/wp-content\/uploads\/2024\/01\/33527-1.webp",750,500,false],"newsup-featured":["https:\/\/imagazine.it\/wp-content\/uploads\/2024\/01\/33527-1.webp",750,500,false],"newsup-medium":["https:\/\/imagazine.it\/wp-content\/uploads\/2024\/01\/33527-1-720x380.webp",720,380,true],"tptn_thumbnail":["https:\/\/imagazine.it\/wp-content\/uploads\/2024\/01\/33527-1.webp",250,167,false],"sow-carousel-default":["https:\/\/imagazine.it\/wp-content\/uploads\/2024\/01\/33527-1-272x182.webp",272,182,true]},"rttpg_author":{"display_name":"redazione","author_link":"https:\/\/imagazine.it\/home_desk\/author\/redazione\/"},"rttpg_comment":0,"rttpg_category":"<a href=\"https:\/\/imagazine.it\/home_desk\/category\/cultura-e-spettacolo\/\" rel=\"category tag\">CULTURA&amp;SPETTACOLO<\/a>","rttpg_excerpt":"A partire dal 26 maggio","_links":{"self":[{"href":"https:\/\/imagazine.it\/home_desk\/wp-json\/wp\/v2\/posts\/33014","targetHints":{"allow":["GET"]}}],"collection":[{"href":"https:\/\/imagazine.it\/home_desk\/wp-json\/wp\/v2\/posts"}],"about":[{"href":"https:\/\/imagazine.it\/home_desk\/wp-json\/wp\/v2\/types\/post"}],"author":[{"embeddable":true,"href":"https:\/\/imagazine.it\/home_desk\/wp-json\/wp\/v2\/users\/28"}],"replies":[{"embeddable":true,"href":"https:\/\/imagazine.it\/home_desk\/wp-json\/wp\/v2\/comments?post=33014"}],"version-history":[{"count":0,"href":"https:\/\/imagazine.it\/home_desk\/wp-json\/wp\/v2\/posts\/33014\/revisions"}],"wp:featuredmedia":[{"embeddable":true,"href":"https:\/\/imagazine.it\/home_desk\/wp-json\/wp\/v2\/media\/33015"}],"wp:attachment":[{"href":"https:\/\/imagazine.it\/home_desk\/wp-json\/wp\/v2\/media?parent=33014"}],"wp:term":[{"taxonomy":"category","embeddable":true,"href":"https:\/\/imagazine.it\/home_desk\/wp-json\/wp\/v2\/categories?post=33014"},{"taxonomy":"post_tag","embeddable":true,"href":"https:\/\/imagazine.it\/home_desk\/wp-json\/wp\/v2\/tags?post=33014"}],"curies":[{"name":"wp","href":"https:\/\/api.w.org\/{rel}","templated":true}]}}