{"id":33010,"date":"2020-04-08T00:00:00","date_gmt":"2020-04-07T23:00:00","guid":{"rendered":"https:\/\/imagazine.it\/?p=33010"},"modified":"2020-04-08T00:00:00","modified_gmt":"2020-04-07T23:00:00","slug":"alla-riscoperta-dellinno-del-friuli-venezia-giulia","status":"publish","type":"post","link":"https:\/\/imagazine.it\/home_desk\/alla-riscoperta-dellinno-del-friuli-venezia-giulia\/","title":{"rendered":"Alla riscoperta dell&#8217;inno del Friuli Venezia Giulia"},"content":{"rendered":"<p>Il <u><a href=\"http:\/\/www.imagazine.it\/notizie-trieste-gorizia-udine-friuli\/6558\" target=\"_blank\" rel=\"noopener\">musicista e direttore d&#39;orchestra friulano <strong>Francesco Gioia<\/strong><\/a><\/u> si sta occupando della riscoperta dell&#39;inno del Friuli Venezia Giulia, <em>Decima Regio <\/em>(<u><a href=\"https:\/\/gioiafrancesco.weebly.com\/inno-della-regione-friuli-venezia-giulia.html\" target=\"_blank\" rel=\"noopener\">clicca qui per leggere la partitura per eseguirlo<\/a><\/u>).<\/p>\n<p>L&#39;inno del FVG fu scritto nel 2004 da Giovanni Canciani (1936-2018), fu donato alla Regione nel 2005 e accolto con un concerto di presentazione alla Basilica delle Grazie di Udine, alla presenza dell\u2019allora presidente della Regione, Riccardo Illy.\u00a0Da allora l&#39;inno \u00e8 scomparso, non eseguito e non ascoltato da nessuno per 15 anni.<\/p>\n<p>\u201cAssieme al figlio del Maestro, <strong>Daniel Canciani<\/strong>, oggi \u2013 spiega Gioia \u2013 mi sto dando da fare affinch\u00e9 il messaggio di unit\u00e0, libert\u00e0, ricchezza storica e fratellanza insito nell&#39;inno (oggi pi\u00f9 che mai importante in un momento di crisi come quello che viviamo) sia conosciuto. Il testo\u00a0mira infatti all&#39;unit\u00e0\u00a0e alla\u00a0coesione\u00a0di tutta la variegata popolazione del Friuli Venezia Giulia, mantenendo\u00a0ciascuno\u00a0le proprie tradizioni e la propria identit\u00e0 culturale,\u00a0raccolti in un unico grande popolo ricco di storia e proiettato verso il futuro\u201d.<\/p>\n<p>\u201cGiovanni Canciani \u2013 conclude Gioia \u2013 si \u00e8 speso per tutta la vita con immensa generosit\u00e0, con anima e corpo per la cultura e per i giovani, senza cercare mai il tornaconto personale. Dotato di un livello culturale altissimo, guardava all&#39;altro come un fratello da incoraggiare, esercitando quella che lui chiamava filosoficamente la &#8220;carit\u00e0 intellettuale&#8221;, ossia donare affinch\u00e9 ci si possa affrancare dal bisogno. La sua memoria merita senz&#39;altro attenzione: per questo confidiamo che, alla fine di questa grave pandemia, la Regione dia definitivo riconoscimento e visibilit\u00e0 a questo brano\u201d.<\/p>\n<p>\u00a0<\/p>\n<p><u>Testo<\/u>:<br \/> Decima regio, romana filia, aquilejensis patria,<br \/> Per vias tuas mundus cognovit humanitatis cultum.<br \/> Hodie simul, julia regio, in europea patria,<br \/> Proximis tuis, porrigis manum in unitatis spiritu.<\/p>\n<p> <em><u>Traduzione<\/u>:<\/em><br \/> <em>O decima regione, figlia di Roma, patria d&#39;Aquileja,<br \/> Attraverso le tue strade (consolari) il mondo ha conosciuto la civilt\u00e0.<br \/> Oggi similmente, o regione giulia, nella patria europea<br \/> Ai tuoi confinanti porgi la mano, nello spirito dell&#39;unione.<\/em><\/p>\n","protected":false},"excerpt":{"rendered":"<p>Il testo &#8220;Decima Regio&#8221;<\/p>\n","protected":false},"author":28,"featured_media":33011,"comment_status":"closed","ping_status":"closed","sticky":false,"template":"","format":"standard","meta":{"dwc-title":[],"dwc-content":[],"footnotes":""},"categories":[37],"tags":[],"class_list":["post-33010","post","type-post","status-publish","format-standard","has-post-thumbnail","hentry","category-cultura-e-spettacolo"],"rttpg_featured_image_url":{"full":["https:\/\/imagazine.it\/wp-content\/uploads\/2024\/01\/33523-1.webp",750,405,false],"landscape":["https:\/\/imagazine.it\/wp-content\/uploads\/2024\/01\/33523-1.webp",750,405,false],"portraits":["https:\/\/imagazine.it\/wp-content\/uploads\/2024\/01\/33523-1.webp",750,405,false],"thumbnail":["https:\/\/imagazine.it\/wp-content\/uploads\/2024\/01\/33523-1-150x150.webp",150,150,true],"medium":["https:\/\/imagazine.it\/wp-content\/uploads\/2024\/01\/33523-1-300x162.webp",300,162,true],"large":["https:\/\/imagazine.it\/wp-content\/uploads\/2024\/01\/33523-1.webp",640,346,false],"thumblist":["https:\/\/imagazine.it\/wp-content\/uploads\/2024\/01\/33523-1.webp",300,162,false],"thumbrelated":["https:\/\/imagazine.it\/wp-content\/uploads\/2024\/01\/33523-1.webp",500,270,false],"meccarouselthumb":["https:\/\/imagazine.it\/wp-content\/uploads\/2024\/01\/33523-1.webp",474,256,false],"gridsquare":["https:\/\/imagazine.it\/wp-content\/uploads\/2024\/01\/33523-1.webp",391,211,false],"tileview":["https:\/\/imagazine.it\/wp-content\/uploads\/2024\/01\/33523-1.webp",300,162,false],"1536x1536":["https:\/\/imagazine.it\/wp-content\/uploads\/2024\/01\/33523-1.webp",750,405,false],"2048x2048":["https:\/\/imagazine.it\/wp-content\/uploads\/2024\/01\/33523-1.webp",750,405,false],"newsup-slider-full":["https:\/\/imagazine.it\/wp-content\/uploads\/2024\/01\/33523-1.webp",750,405,false],"newsup-featured":["https:\/\/imagazine.it\/wp-content\/uploads\/2024\/01\/33523-1.webp",750,405,false],"newsup-medium":["https:\/\/imagazine.it\/wp-content\/uploads\/2024\/01\/33523-1-720x380.webp",720,380,true],"tptn_thumbnail":["https:\/\/imagazine.it\/wp-content\/uploads\/2024\/01\/33523-1.webp",250,135,false],"sow-carousel-default":["https:\/\/imagazine.it\/wp-content\/uploads\/2024\/01\/33523-1-272x182.webp",272,182,true]},"rttpg_author":{"display_name":"redazione","author_link":"https:\/\/imagazine.it\/home_desk\/author\/redazione\/"},"rttpg_comment":0,"rttpg_category":"<a href=\"https:\/\/imagazine.it\/home_desk\/category\/cultura-e-spettacolo\/\" rel=\"category tag\">CULTURA&amp;SPETTACOLO<\/a>","rttpg_excerpt":"Il testo \"Decima Regio\"","_links":{"self":[{"href":"https:\/\/imagazine.it\/home_desk\/wp-json\/wp\/v2\/posts\/33010","targetHints":{"allow":["GET"]}}],"collection":[{"href":"https:\/\/imagazine.it\/home_desk\/wp-json\/wp\/v2\/posts"}],"about":[{"href":"https:\/\/imagazine.it\/home_desk\/wp-json\/wp\/v2\/types\/post"}],"author":[{"embeddable":true,"href":"https:\/\/imagazine.it\/home_desk\/wp-json\/wp\/v2\/users\/28"}],"replies":[{"embeddable":true,"href":"https:\/\/imagazine.it\/home_desk\/wp-json\/wp\/v2\/comments?post=33010"}],"version-history":[{"count":0,"href":"https:\/\/imagazine.it\/home_desk\/wp-json\/wp\/v2\/posts\/33010\/revisions"}],"wp:featuredmedia":[{"embeddable":true,"href":"https:\/\/imagazine.it\/home_desk\/wp-json\/wp\/v2\/media\/33011"}],"wp:attachment":[{"href":"https:\/\/imagazine.it\/home_desk\/wp-json\/wp\/v2\/media?parent=33010"}],"wp:term":[{"taxonomy":"category","embeddable":true,"href":"https:\/\/imagazine.it\/home_desk\/wp-json\/wp\/v2\/categories?post=33010"},{"taxonomy":"post_tag","embeddable":true,"href":"https:\/\/imagazine.it\/home_desk\/wp-json\/wp\/v2\/tags?post=33010"}],"curies":[{"name":"wp","href":"https:\/\/api.w.org\/{rel}","templated":true}]}}