{"id":32990,"date":"2020-04-06T00:00:00","date_gmt":"2020-04-05T23:00:00","guid":{"rendered":"https:\/\/imagazine.it\/?p=32990"},"modified":"2020-04-06T00:00:00","modified_gmt":"2020-04-05T23:00:00","slug":"la-vita-con-il-coronavirus-non-dimentichero-queste-settimane","status":"publish","type":"post","link":"https:\/\/imagazine.it\/home_desk\/la-vita-con-il-coronavirus-non-dimentichero-queste-settimane\/","title":{"rendered":"La vita con il Coronavirus: &#8220;Non dimenticher\u00f2 queste settimane&#8221;"},"content":{"rendered":"<p>Una residente di Cervignano del Friuli, positiva al Covid19 assieme a un suo familiare pi\u00f9 anziano, ci ha scritto un breve pensiero per condividere la propria situazione emotiva. Lo riportiamo nelle righe sottostanti.<\/p>\n<p>\u00a0<\/p>\n<p><em>Dopo quasi due settimane di incertezza, paura e speranza, ho voluto scrivere un breve pensiero su ci\u00f2 che stiamo vivendo oggi. Questo vuole essere solo un momento di riflessione libera e non uno spazio polemico.<\/em><\/p>\n<p><em>Sono una ragazza giovane risultata positiva al Covid-19. In questo momento sono in via di guarigione ma l\u2019intensit\u00e0 delle emozioni provate in queste ultime settimane rimarranno indelebili nella mia mente. Esorto con queste parole perch\u00e9 a casa non ero sola ma con un familiare, anagraficamente pi\u00f9 adulto di me, anch\u2019egli risultato positivo al Covid-19 con una sintomatologia decisamente pi\u00f9 preoccupante della mia.<\/em><\/p>\n<p><em>Ultimamente siamo costantemente bombardati da informazioni da parte dei media e dei giornali ed ammetto di aver smesso di guardare la tv per almeno una settimana perch\u00e9 era solo motivo di ulteriore ansia.\u00a0<\/em><\/p>\n<p><em>In questi giorni di graduale ripresa psico-fisica ho letto\u00a0che diverse persone sono preoccupate all\u2019idea di non sapere chi sono le persone positive al Covid-19 nella propria cittadina. A queste persone vorrei dire che comprendo emotivamente la preoccupazione ma purtroppo, in questa circostanza, ha una rilevanza relativa avere questo tipo di informazione; mi spiego meglio: l\u2019iter che segue una persona risultata positiva al Covid-19 comprende anche una sorta di dichiarazione volta a verificare quali persone sono entrate in contatto con l\u2019infetto. Ad esempio, sia io che il mio famigliare eravamo da settimane attenti e, per quanto possibile, rigorosi a seguire le corrette precauzioni igieniche. \u00c8 anche vero che dovendo andare a lavoro la probabilit\u00e0 di contrarre il virus era concreta.<\/em><\/p>\n<p><a href=\"http:\/\/imagazinevideotruck.it\/outlet\/relink.html\" target=\"_top\" rel=\"noopener\"><img loading=\"lazy\" decoding=\"async\" align=\"LEFT\" height=\"250\" src=\"http:\/\/imagazinevideotruck.it\/outlet\/outlet30.jpg\" width=\"300\" alt=\"\" title=\"\"><\/a><\/p>\n<p>\u00a0<\/p>\n<p>\u00a0<\/p>\n<p>\u00a0<\/p>\n<p>\u00a0<\/p>\n<p>\u00a0<\/p>\n<p>\u00a0<\/p>\n<p>\u00a0<\/p>\n<p>\u00a0<\/p>\n<p>\u00a0<\/p>\n<p><em>Pertanto, il pensiero che vorrei trasmettere \u00e8 che tutti noi siamo quotidianamente responsabili di noi stessi e di tutti gli altri, soprattutto di quelle persone pi\u00f9 fragili ed anziane. Infatti, a mio parere, \u00e8 pi\u00f9 pericoloso un cittadino asintomatico o che vive questa situazione con troppa leggerezza.<\/em><\/p>\n<p><em>Cosa sarebbe cambiato al singolo se noi avessimo diffuso i nostri luoghi di frequentazione (farmacia, supermercato, ecc.)? E che dire delle persone che pur avendo minime sintomatologie connesse per\u00f2 al virus in questione, continuano a girare per farmacie e supermercati non preoccupandosi o non pensando di poter contagiare il prossimo. Noi ad oggi, nonostante un\u2019attenta analisi, non abbiamo capito da chi e come siamo stati infettati. Credo che il pensiero principale sia quello di seguire un comportamento responsabile adottando tutte le precauzioni ripetutamente comunicate dalle Istituzioni.<\/em><\/p>\n<p><em>Vorrei, infine, concludere con un messaggio positivo e di speranza per tutte quelle persone che stanno vivendo un\u2019esperienza analoga alla nostra o che potranno viverla in futuro perch\u00e9, salvo casi specifici, si pu\u00f2 guarire e tornare ad apprezzare ancora di pi\u00f9 la vita ed i piccoli momenti di quotidianit\u00e0. Vorrei, inoltre, esprimere un caloroso ringraziamento a tutto il personale sanitario che ci ha seguito e sostenuto in questo percorso ed un grazie anche al Sindaco che ci ha contattato esprimendo disponibilit\u00e0 e sostegno nell\u2019affrontare questo momento.<\/em><\/p>\n","protected":false},"excerpt":{"rendered":"<p>La testimonianza di una giovane contagiata<\/p>\n","protected":false},"author":28,"featured_media":32991,"comment_status":"closed","ping_status":"closed","sticky":false,"template":"","format":"standard","meta":{"dwc-title":[],"dwc-content":[],"footnotes":""},"categories":[5],"tags":[],"class_list":["post-32990","post","type-post","status-publish","format-standard","has-post-thumbnail","hentry","category-attualita"],"rttpg_featured_image_url":{"full":["https:\/\/imagazine.it\/wp-content\/uploads\/2024\/01\/33502-1.webp",750,455,false],"landscape":["https:\/\/imagazine.it\/wp-content\/uploads\/2024\/01\/33502-1.webp",750,455,false],"portraits":["https:\/\/imagazine.it\/wp-content\/uploads\/2024\/01\/33502-1.webp",750,455,false],"thumbnail":["https:\/\/imagazine.it\/wp-content\/uploads\/2024\/01\/33502-1-150x150.webp",150,150,true],"medium":["https:\/\/imagazine.it\/wp-content\/uploads\/2024\/01\/33502-1-300x182.webp",300,182,true],"large":["https:\/\/imagazine.it\/wp-content\/uploads\/2024\/01\/33502-1.webp",640,388,false],"thumblist":["https:\/\/imagazine.it\/wp-content\/uploads\/2024\/01\/33502-1.webp",300,182,false],"thumbrelated":["https:\/\/imagazine.it\/wp-content\/uploads\/2024\/01\/33502-1.webp",500,303,false],"meccarouselthumb":["https:\/\/imagazine.it\/wp-content\/uploads\/2024\/01\/33502-1.webp",474,288,false],"gridsquare":["https:\/\/imagazine.it\/wp-content\/uploads\/2024\/01\/33502-1.webp",391,237,false],"tileview":["https:\/\/imagazine.it\/wp-content\/uploads\/2024\/01\/33502-1.webp",300,182,false],"1536x1536":["https:\/\/imagazine.it\/wp-content\/uploads\/2024\/01\/33502-1.webp",750,455,false],"2048x2048":["https:\/\/imagazine.it\/wp-content\/uploads\/2024\/01\/33502-1.webp",750,455,false],"newsup-slider-full":["https:\/\/imagazine.it\/wp-content\/uploads\/2024\/01\/33502-1.webp",750,455,false],"newsup-featured":["https:\/\/imagazine.it\/wp-content\/uploads\/2024\/01\/33502-1.webp",750,455,false],"newsup-medium":["https:\/\/imagazine.it\/wp-content\/uploads\/2024\/01\/33502-1-720x380.webp",720,380,true],"tptn_thumbnail":["https:\/\/imagazine.it\/wp-content\/uploads\/2024\/01\/33502-1.webp",250,152,false],"sow-carousel-default":["https:\/\/imagazine.it\/wp-content\/uploads\/2024\/01\/33502-1-272x182.webp",272,182,true]},"rttpg_author":{"display_name":"redazione","author_link":"https:\/\/imagazine.it\/home_desk\/author\/redazione\/"},"rttpg_comment":0,"rttpg_category":"<a href=\"https:\/\/imagazine.it\/home_desk\/category\/attualita\/\" rel=\"category tag\">ATTUALIT\u00c0<\/a>","rttpg_excerpt":"La testimonianza di una giovane contagiata","_links":{"self":[{"href":"https:\/\/imagazine.it\/home_desk\/wp-json\/wp\/v2\/posts\/32990","targetHints":{"allow":["GET"]}}],"collection":[{"href":"https:\/\/imagazine.it\/home_desk\/wp-json\/wp\/v2\/posts"}],"about":[{"href":"https:\/\/imagazine.it\/home_desk\/wp-json\/wp\/v2\/types\/post"}],"author":[{"embeddable":true,"href":"https:\/\/imagazine.it\/home_desk\/wp-json\/wp\/v2\/users\/28"}],"replies":[{"embeddable":true,"href":"https:\/\/imagazine.it\/home_desk\/wp-json\/wp\/v2\/comments?post=32990"}],"version-history":[{"count":0,"href":"https:\/\/imagazine.it\/home_desk\/wp-json\/wp\/v2\/posts\/32990\/revisions"}],"wp:featuredmedia":[{"embeddable":true,"href":"https:\/\/imagazine.it\/home_desk\/wp-json\/wp\/v2\/media\/32991"}],"wp:attachment":[{"href":"https:\/\/imagazine.it\/home_desk\/wp-json\/wp\/v2\/media?parent=32990"}],"wp:term":[{"taxonomy":"category","embeddable":true,"href":"https:\/\/imagazine.it\/home_desk\/wp-json\/wp\/v2\/categories?post=32990"},{"taxonomy":"post_tag","embeddable":true,"href":"https:\/\/imagazine.it\/home_desk\/wp-json\/wp\/v2\/tags?post=32990"}],"curies":[{"name":"wp","href":"https:\/\/api.w.org\/{rel}","templated":true}]}}