{"id":32974,"date":"2020-04-04T00:00:00","date_gmt":"2020-04-03T23:00:00","guid":{"rendered":"https:\/\/imagazine.it\/?p=32974"},"modified":"2020-04-04T00:00:00","modified_gmt":"2020-04-03T23:00:00","slug":"grado-raccolti-gia-42-mila-euro-per-la-spesa-solidale","status":"publish","type":"post","link":"https:\/\/imagazine.it\/home_desk\/grado-raccolti-gia-42-mila-euro-per-la-spesa-solidale\/","title":{"rendered":"Grado, raccolti gi\u00e0 42 mila euro per la spesa solidale"},"content":{"rendered":"<p>\u201c<em>Ringraziamo di cuore tutti le persone che con grande generosit\u00e0 hanno contribuito a donare il proprio contributo all\u2019associazione Protezione Civile di Grado per la Spesa Solidale: in pochi giorni sono gi\u00e0 stati raggiunti 42 mila euro di donazioni\u201d,<\/em> dichiara il\u00a0sindaco di Grado,<strong> Dario Raugna<\/strong>\u00a0<\/p>\n<p>Grazie al centralino che \u00e8 stato istituito (che risponde tutti i giorni allo 0431\/898123 dalle 9 alle 12 e dalle 15 alle 17.30) e all\u2019assistente sociale, la procedura per la consegna della Spesa Solidale alle persone con difficolt\u00e0 economiche si \u00e8 snellita, cos\u00ec si \u00e8 potuto intervenire prontamente nei casi urgenti e tutte le famiglie bisognose sono state assistite.\u00a0<\/p>\n<p>L\u2019Assistente sociale, che costituisce la regia di questo sistema messo in atto dall\u2019Amministrazione comunale, processa tutte le richieste in arrivo, assegnando alla Caritas le emergenze di natura economica e a Croce Rossa Italiana quelle alimentari e di prima necessit\u00e0.<\/p>\n<p>Dalla presa in carico delle schede di assegnazione inviate dall\u2019Assistente sociale, i Volontari CRI confezionano le borse della spesa in base ai componenti e alle patologie presenti nel nucleo familiare. Gli aiuti vengono consegnati al domicilio dei richiedenti nell\u2019arco massimo di 24 ore, rispettando le disposizioni di servizio CRI relative all\u2019emergenza Covid-19, come dpi, modalit\u00e0 di consegna e disinfezione di sede e mezzi.<\/p>\n<p>I nuclei familiari in carico a Croce Rossa Italiana sono 44, di cui 29 erano gi\u00e0 seguiti e sostenuti attingendo alle donazioni, alle risorse del Banco Alimentare e al fondo comunale annuo di 5.000 euro; altri 15 si sono aggiunti in questi giorni, ma i numeri sono destinati a crescere.<\/p>\n<p>I nuclei familiari sono in prevalenza unipersonali (57%), suddivisi in egual misura tra maschi e femmine. Le persone ad oggi assistite sono complessivamente 97, inclusi 21 bambini e 11 ragazzi.<\/p>\n<p>In poco pi\u00f9 di una settimana sono aumentati del 50% i nuclei familiari assistiti da Croce Rossa Italiana con generi alimentari e di prima necessit\u00e0 a causa dell\u2019emergenza sociale Covid-19.<\/p>\n<p>\u201c<em>Grazie alla Protezione Civile, alla Caritas, Sogit e CRI per essere riusciti ad organizzarsi in tempi brevissimi a gestire tutte le richieste che sono pervenute. Oltre ai fondi della Protezione Civile e al contributo comunale di 10 mila euro che abbiamo gi\u00e0 stanziato a favore di CRI e Caritas, come amministrazione stiamo lavorando per la gestione dei buoni spesa erogati dallo Stato d\u2019accordo con l\u2019Ambito Socio Assistenziale per definirne la gestione. Inoltre stiamo pianificando delle misure da adottare nel prossimo bilancio di previsione che rafforzeranno il fondo sociale<\/em>&#8220;, conclude Raugna.<\/p>\n","protected":false},"excerpt":{"rendered":"<p>Sinergia tra Assistente sociale, Caritas, Croce Rossa Italiana e Protezione Civile<\/p>\n","protected":false},"author":28,"featured_media":32975,"comment_status":"closed","ping_status":"closed","sticky":false,"template":"","format":"standard","meta":{"dwc-title":[],"dwc-content":[],"footnotes":""},"categories":[5],"tags":[],"class_list":["post-32974","post","type-post","status-publish","format-standard","has-post-thumbnail","hentry","category-attualita"],"rttpg_featured_image_url":{"full":["https:\/\/imagazine.it\/wp-content\/uploads\/2024\/01\/33492-1.webp",750,502,false],"landscape":["https:\/\/imagazine.it\/wp-content\/uploads\/2024\/01\/33492-1.webp",750,502,false],"portraits":["https:\/\/imagazine.it\/wp-content\/uploads\/2024\/01\/33492-1.webp",750,502,false],"thumbnail":["https:\/\/imagazine.it\/wp-content\/uploads\/2024\/01\/33492-1-150x150.webp",150,150,true],"medium":["https:\/\/imagazine.it\/wp-content\/uploads\/2024\/01\/33492-1-300x201.webp",300,201,true],"large":["https:\/\/imagazine.it\/wp-content\/uploads\/2024\/01\/33492-1.webp",640,428,false],"thumblist":["https:\/\/imagazine.it\/wp-content\/uploads\/2024\/01\/33492-1.webp",300,201,false],"thumbrelated":["https:\/\/imagazine.it\/wp-content\/uploads\/2024\/01\/33492-1.webp",500,335,false],"meccarouselthumb":["https:\/\/imagazine.it\/wp-content\/uploads\/2024\/01\/33492-1.webp",474,317,false],"gridsquare":["https:\/\/imagazine.it\/wp-content\/uploads\/2024\/01\/33492-1.webp",388,260,false],"tileview":["https:\/\/imagazine.it\/wp-content\/uploads\/2024\/01\/33492-1.webp",300,201,false],"1536x1536":["https:\/\/imagazine.it\/wp-content\/uploads\/2024\/01\/33492-1.webp",750,502,false],"2048x2048":["https:\/\/imagazine.it\/wp-content\/uploads\/2024\/01\/33492-1.webp",750,502,false],"newsup-slider-full":["https:\/\/imagazine.it\/wp-content\/uploads\/2024\/01\/33492-1.webp",750,502,false],"newsup-featured":["https:\/\/imagazine.it\/wp-content\/uploads\/2024\/01\/33492-1.webp",750,502,false],"newsup-medium":["https:\/\/imagazine.it\/wp-content\/uploads\/2024\/01\/33492-1-720x380.webp",720,380,true],"tptn_thumbnail":["https:\/\/imagazine.it\/wp-content\/uploads\/2024\/01\/33492-1.webp",250,167,false],"sow-carousel-default":["https:\/\/imagazine.it\/wp-content\/uploads\/2024\/01\/33492-1-272x182.webp",272,182,true]},"rttpg_author":{"display_name":"redazione","author_link":"https:\/\/imagazine.it\/home_desk\/author\/redazione\/"},"rttpg_comment":0,"rttpg_category":"<a href=\"https:\/\/imagazine.it\/home_desk\/category\/attualita\/\" rel=\"category tag\">ATTUALIT\u00c0<\/a>","rttpg_excerpt":"Sinergia tra Assistente sociale, Caritas, Croce Rossa Italiana e Protezione Civile","_links":{"self":[{"href":"https:\/\/imagazine.it\/home_desk\/wp-json\/wp\/v2\/posts\/32974","targetHints":{"allow":["GET"]}}],"collection":[{"href":"https:\/\/imagazine.it\/home_desk\/wp-json\/wp\/v2\/posts"}],"about":[{"href":"https:\/\/imagazine.it\/home_desk\/wp-json\/wp\/v2\/types\/post"}],"author":[{"embeddable":true,"href":"https:\/\/imagazine.it\/home_desk\/wp-json\/wp\/v2\/users\/28"}],"replies":[{"embeddable":true,"href":"https:\/\/imagazine.it\/home_desk\/wp-json\/wp\/v2\/comments?post=32974"}],"version-history":[{"count":0,"href":"https:\/\/imagazine.it\/home_desk\/wp-json\/wp\/v2\/posts\/32974\/revisions"}],"wp:featuredmedia":[{"embeddable":true,"href":"https:\/\/imagazine.it\/home_desk\/wp-json\/wp\/v2\/media\/32975"}],"wp:attachment":[{"href":"https:\/\/imagazine.it\/home_desk\/wp-json\/wp\/v2\/media?parent=32974"}],"wp:term":[{"taxonomy":"category","embeddable":true,"href":"https:\/\/imagazine.it\/home_desk\/wp-json\/wp\/v2\/categories?post=32974"},{"taxonomy":"post_tag","embeddable":true,"href":"https:\/\/imagazine.it\/home_desk\/wp-json\/wp\/v2\/tags?post=32974"}],"curies":[{"name":"wp","href":"https:\/\/api.w.org\/{rel}","templated":true}]}}