{"id":32972,"date":"2020-04-04T00:00:00","date_gmt":"2020-04-03T23:00:00","guid":{"rendered":"https:\/\/imagazine.it\/?p=32972"},"modified":"2020-04-04T00:00:00","modified_gmt":"2020-04-03T23:00:00","slug":"una-app-per-ritirare-i-farmaci-in-fvg","status":"publish","type":"post","link":"https:\/\/imagazine.it\/home_desk\/una-app-per-ritirare-i-farmaci-in-fvg\/","title":{"rendered":"Una app per ritirare i farmaci in FVG"},"content":{"rendered":"<p>&#8220;L&#39;Italia e il Friuli Venezia Giulia scontano un ritardo nell&#39;innovazione tecnologica in ambito sanitario, senza il quale sarebbe stata possibile una gestione migliore di alcuni aspetti dell&#39;emergenza, ad esempio permettendo alle persone di ottenere i farmaci di cui hanno bisogno senza uscire di casa pi\u00f9 dello stretto necessario. Per risolvere almeno in parte questo problema, abbiamo avviato un confronto con il sistema sanitario, e in particolare i medici di medicina generale e i pediatri di libera scelta, che ci permetter\u00e0 in breve di mettere in campo un&#39;applicazione per smartphone per la gestione delle prescrizioni dematerializzate dei farmaci&#8221;.<\/p>\n<p>Lo ha dichiarato il vicegovernatore del Friuli Venezia Giulia con delega alla Salute, <strong>Riccardo Riccardi<\/strong>, durante la videoconferenza di presentazione dell&#39;app ai coordinatori delle Aggregazioni funzionali territoriali (Aft) dei medici di medicina generale e dei pediatri di libera scelta dell&#39;Asugi.<\/p>\n<p>Riccardi ha evidenziato che &#8220;data l&#39;attuale emergenza, il Servizio sanitario regionale ha accelerato lo sviluppo di questo sistema implementandolo sulla base delle indicazioni nazionali sulla dematerializzazione della ricetta. In tale quadro l&#39;esperienza dei medici che sono il primo punto di contatto tra i pazienti e il sistema sanitario \u00e8 fondamentale sia per garantire lo sviluppo di un sistema pienamente rispondente alle necessit\u00e0 di professionisti e pazienti, sia per potenziare l&#39;efficacia della rete sociosanitaria, che giocher\u00e0 un ruolo fondamentale nella tutela delle persone pi\u00f9 fragili, come gli anziani, anche una volta terminata quest&#39;emergenza&#8221;.<\/p>\n<p>&#8220;Si tratta di una possibilit\u00e0 in pi\u00f9 che si aggiunge a quelle gi\u00e0 messe in campo con la dematerializzazione delle ricette, come l&#39;invio della ricetta via email o sistemi di messaggistica, che si integra ai sistemi a disposizione dei medici e trasmette le prescrizioni direttamente in via telematica all&#39;applicazione &#8211; ha spiegato il vicegovernatore -. Tramite questo strumento verranno semplificati l&#39;invio delle ricette ai pazienti e la loro gestione da parte delle farmacie. La app, che sar\u00e0 scaricabile gratuitamente su smartphone Android e iOS, \u00e8 stata studiata per essere semplice e fruibile e vi si potr\u00e0 accedere sia tramite il codice fiscale, sia le credenziali Spid. In pratica ci si potr\u00e0 recare in farmacia, mostrare il telefonino e, dopo una scansione dello schermo, ritirare il farmaco. Da un lato ridurremo cos\u00ec la necessit\u00e0 di uscire da parte della popolazione e dall&#39;altro limiteremo la possibilit\u00e0 di errore dovuta alla trascrizione del codice della ricetta, dato che tutti i dati saranno presenti nel telefonino. Inoltre, sar\u00e0 dotata della possibilit\u00e0 di registrare pi\u00f9 di un utente e permetter\u00e0, ad esempio, l&#39;accesso da parte dei figli alle ricette dei genitori anziani&#8221;.<\/p>\n<p>Il vicegovernatore ha quindi spiegato che &#8220;questa \u00e8 una delle soluzioni individuate dalla Regione in questo momento emergenziale per tutelare i cittadini e deve essere migliorata e implementata con il contributo di tutto il sistema sanitario, attraverso un confronto rapido e costruttivo. Tramite gli Ordini dei medici saranno quindi raccolte le indicazioni dei sanitari di modo che nel momento della sua messa online l&#39;app sia pienamente funzionale e rispondente a tutte le necessit\u00e0 degli utenti&#8221;.<\/p>\n","protected":false},"excerpt":{"rendered":"<p>La anticipa l&#8217;assessore regionale Riccardi<\/p>\n","protected":false},"author":28,"featured_media":32973,"comment_status":"closed","ping_status":"closed","sticky":false,"template":"","format":"standard","meta":{"dwc-title":[],"dwc-content":[],"footnotes":""},"categories":[5],"tags":[],"class_list":["post-32972","post","type-post","status-publish","format-standard","has-post-thumbnail","hentry","category-attualita"],"rttpg_featured_image_url":{"full":["https:\/\/imagazine.it\/wp-content\/uploads\/2024\/01\/33491-1.webp",750,482,false],"landscape":["https:\/\/imagazine.it\/wp-content\/uploads\/2024\/01\/33491-1.webp",750,482,false],"portraits":["https:\/\/imagazine.it\/wp-content\/uploads\/2024\/01\/33491-1.webp",750,482,false],"thumbnail":["https:\/\/imagazine.it\/wp-content\/uploads\/2024\/01\/33491-1-150x150.webp",150,150,true],"medium":["https:\/\/imagazine.it\/wp-content\/uploads\/2024\/01\/33491-1-300x193.webp",300,193,true],"large":["https:\/\/imagazine.it\/wp-content\/uploads\/2024\/01\/33491-1.webp",640,411,false],"thumblist":["https:\/\/imagazine.it\/wp-content\/uploads\/2024\/01\/33491-1.webp",300,193,false],"thumbrelated":["https:\/\/imagazine.it\/wp-content\/uploads\/2024\/01\/33491-1.webp",500,321,false],"meccarouselthumb":["https:\/\/imagazine.it\/wp-content\/uploads\/2024\/01\/33491-1.webp",474,305,false],"gridsquare":["https:\/\/imagazine.it\/wp-content\/uploads\/2024\/01\/33491-1.webp",391,251,false],"tileview":["https:\/\/imagazine.it\/wp-content\/uploads\/2024\/01\/33491-1.webp",300,193,false],"1536x1536":["https:\/\/imagazine.it\/wp-content\/uploads\/2024\/01\/33491-1.webp",750,482,false],"2048x2048":["https:\/\/imagazine.it\/wp-content\/uploads\/2024\/01\/33491-1.webp",750,482,false],"newsup-slider-full":["https:\/\/imagazine.it\/wp-content\/uploads\/2024\/01\/33491-1.webp",750,482,false],"newsup-featured":["https:\/\/imagazine.it\/wp-content\/uploads\/2024\/01\/33491-1.webp",750,482,false],"newsup-medium":["https:\/\/imagazine.it\/wp-content\/uploads\/2024\/01\/33491-1-720x380.webp",720,380,true],"tptn_thumbnail":["https:\/\/imagazine.it\/wp-content\/uploads\/2024\/01\/33491-1.webp",250,161,false],"sow-carousel-default":["https:\/\/imagazine.it\/wp-content\/uploads\/2024\/01\/33491-1-272x182.webp",272,182,true]},"rttpg_author":{"display_name":"redazione","author_link":"https:\/\/imagazine.it\/home_desk\/author\/redazione\/"},"rttpg_comment":0,"rttpg_category":"<a href=\"https:\/\/imagazine.it\/home_desk\/category\/attualita\/\" rel=\"category tag\">ATTUALIT\u00c0<\/a>","rttpg_excerpt":"La anticipa l'assessore regionale Riccardi","_links":{"self":[{"href":"https:\/\/imagazine.it\/home_desk\/wp-json\/wp\/v2\/posts\/32972","targetHints":{"allow":["GET"]}}],"collection":[{"href":"https:\/\/imagazine.it\/home_desk\/wp-json\/wp\/v2\/posts"}],"about":[{"href":"https:\/\/imagazine.it\/home_desk\/wp-json\/wp\/v2\/types\/post"}],"author":[{"embeddable":true,"href":"https:\/\/imagazine.it\/home_desk\/wp-json\/wp\/v2\/users\/28"}],"replies":[{"embeddable":true,"href":"https:\/\/imagazine.it\/home_desk\/wp-json\/wp\/v2\/comments?post=32972"}],"version-history":[{"count":0,"href":"https:\/\/imagazine.it\/home_desk\/wp-json\/wp\/v2\/posts\/32972\/revisions"}],"wp:featuredmedia":[{"embeddable":true,"href":"https:\/\/imagazine.it\/home_desk\/wp-json\/wp\/v2\/media\/32973"}],"wp:attachment":[{"href":"https:\/\/imagazine.it\/home_desk\/wp-json\/wp\/v2\/media?parent=32972"}],"wp:term":[{"taxonomy":"category","embeddable":true,"href":"https:\/\/imagazine.it\/home_desk\/wp-json\/wp\/v2\/categories?post=32972"},{"taxonomy":"post_tag","embeddable":true,"href":"https:\/\/imagazine.it\/home_desk\/wp-json\/wp\/v2\/tags?post=32972"}],"curies":[{"name":"wp","href":"https:\/\/api.w.org\/{rel}","templated":true}]}}