{"id":32956,"date":"2020-04-03T00:00:00","date_gmt":"2020-04-02T23:00:00","guid":{"rendered":"https:\/\/imagazine.it\/?p=32956"},"modified":"2020-04-03T00:00:00","modified_gmt":"2020-04-02T23:00:00","slug":"un-progetto-per-vendere-in-rete-prodotti-del-friuli-venezia-giulia","status":"publish","type":"post","link":"https:\/\/imagazine.it\/home_desk\/un-progetto-per-vendere-in-rete-prodotti-del-friuli-venezia-giulia\/","title":{"rendered":"Un progetto per vendere in rete prodotti del Friuli Venezia Giulia"},"content":{"rendered":"<p>Una piattaforma online e una rete di vendita dei prodotti locali del Friuli Venezia Giulia che si appoggi sui Comuni e sulle Pro Loco.<\/p>\n<p>\u00c8 questo in sintesi il progetto a cui stanno lavorando congiuntamente gli assessori regionali alle Attivit\u00e0 produttive, <strong>Sergio Emidio Bini<\/strong>, e alle Risorse agroalimentari, forestali e ittiche, <strong>Stefano Zannier<\/strong>, assieme al cluster AgrifoodFvg, a PromoturismoFVG, al sistema delle Pro Loco regionali e all&#39;Anci Fvg.<br \/> &#8220;L&#39;idea &#8211; ha spiegato Bini &#8211; \u00e8 quella di favorire il pi\u00f9 possibile l&#39;acquisto di produzioni locali che in questo momento di emergenza, da un lato, godono di una crescita della domanda interna da parte dei consumatori, dall&#39;altro, scontano dimensioni e strutture che non consentono loro di garantire al meglio la possibilit\u00e0 della vendita online o della consegna a domicilio&#8221;.<\/p>\n<p>&#8220;Il lancio dell&#39;iniziativa #iocomproFVG &#8211; ha aggiunto Zannier &#8211; ha avuto un forte richiamo tanto che ci stiamo scontrando con tentativi di imitazione se non addirittura di &#8220;scippo&#8221; del marchio. Ma il progetto della Regione intende superare l&#39;emergenza e favorire la creazione di una piattaforma regionale che attivi una vera e propria filiera commerciale, promozionale e distributiva dei prodotti agroalimentari locali&#8221;.<\/p>\n<p>Una cabina di regia operativa, diretta dal Cluster AgrifoodFvg e supportata da PromoTurismoFVG, dall&#39;Anci e dalle Pro Loco, sta gi\u00e0 lavorando alla realizzazione di una vetrina web che aggreghi l&#39;offerta a livello locale (a partire da quanto gi\u00e0 realizzato da AgrifoodFvg con #iocomproFVG sul proprio sito) e alla possibilit\u00e0, con l&#39;appoggio di una piattaforma logistica alimentare e di un sistema di pagamenti online, di distribuire la merce in maniera capillare nei vari Comuni.<\/p>\n<p>Parallelamente PromoTurismoFVG sta lavorando al rafforzamento della promozione dei prodotti locali nel circuito della grande distribuzione (supermercati) dove le abitudini di consumo, a seguito dell&#39;emergenza Covid-19, si sono fortemente orientate sui marchi e sulle specialit\u00e0 a chilometro zero.<\/p>\n<p>&#8220;C&#39;\u00e8 un cambio di sensibilit\u00e0 negli acquisti alimentari da parte dei consumatori &#8211; hanno commentato Bini e Zannier &#8211; e riteniamo possa essere uno degli effetti positivi che ci lascer\u00e0 questa pandemia e che dovremo saper valorizzare quando, speriamo presto, si torner\u00e0 alla normalit\u00e0&#8221;.<\/p>\n","protected":false},"excerpt":{"rendered":"<p>Ad anticiparlo gli assessori regionali Bini e Zannier<\/p>\n","protected":false},"author":28,"featured_media":32957,"comment_status":"closed","ping_status":"closed","sticky":false,"template":"","format":"standard","meta":{"dwc-title":[],"dwc-content":[],"footnotes":""},"categories":[5],"tags":[],"class_list":["post-32956","post","type-post","status-publish","format-standard","has-post-thumbnail","hentry","category-attualita"],"rttpg_featured_image_url":{"full":["https:\/\/imagazine.it\/wp-content\/uploads\/2024\/01\/33473-1.webp",750,495,false],"landscape":["https:\/\/imagazine.it\/wp-content\/uploads\/2024\/01\/33473-1.webp",750,495,false],"portraits":["https:\/\/imagazine.it\/wp-content\/uploads\/2024\/01\/33473-1.webp",750,495,false],"thumbnail":["https:\/\/imagazine.it\/wp-content\/uploads\/2024\/01\/33473-1-150x150.webp",150,150,true],"medium":["https:\/\/imagazine.it\/wp-content\/uploads\/2024\/01\/33473-1-300x198.webp",300,198,true],"large":["https:\/\/imagazine.it\/wp-content\/uploads\/2024\/01\/33473-1.webp",640,422,false],"thumblist":["https:\/\/imagazine.it\/wp-content\/uploads\/2024\/01\/33473-1.webp",300,198,false],"thumbrelated":["https:\/\/imagazine.it\/wp-content\/uploads\/2024\/01\/33473-1.webp",500,330,false],"meccarouselthumb":["https:\/\/imagazine.it\/wp-content\/uploads\/2024\/01\/33473-1.webp",474,313,false],"gridsquare":["https:\/\/imagazine.it\/wp-content\/uploads\/2024\/01\/33473-1.webp",391,258,false],"tileview":["https:\/\/imagazine.it\/wp-content\/uploads\/2024\/01\/33473-1.webp",300,198,false],"1536x1536":["https:\/\/imagazine.it\/wp-content\/uploads\/2024\/01\/33473-1.webp",750,495,false],"2048x2048":["https:\/\/imagazine.it\/wp-content\/uploads\/2024\/01\/33473-1.webp",750,495,false],"newsup-slider-full":["https:\/\/imagazine.it\/wp-content\/uploads\/2024\/01\/33473-1.webp",750,495,false],"newsup-featured":["https:\/\/imagazine.it\/wp-content\/uploads\/2024\/01\/33473-1.webp",750,495,false],"newsup-medium":["https:\/\/imagazine.it\/wp-content\/uploads\/2024\/01\/33473-1-720x380.webp",720,380,true],"tptn_thumbnail":["https:\/\/imagazine.it\/wp-content\/uploads\/2024\/01\/33473-1.webp",250,165,false],"sow-carousel-default":["https:\/\/imagazine.it\/wp-content\/uploads\/2024\/01\/33473-1-272x182.webp",272,182,true]},"rttpg_author":{"display_name":"redazione","author_link":"https:\/\/imagazine.it\/home_desk\/author\/redazione\/"},"rttpg_comment":0,"rttpg_category":"<a href=\"https:\/\/imagazine.it\/home_desk\/category\/attualita\/\" rel=\"category tag\">ATTUALIT\u00c0<\/a>","rttpg_excerpt":"Ad anticiparlo gli assessori regionali Bini e Zannier","_links":{"self":[{"href":"https:\/\/imagazine.it\/home_desk\/wp-json\/wp\/v2\/posts\/32956","targetHints":{"allow":["GET"]}}],"collection":[{"href":"https:\/\/imagazine.it\/home_desk\/wp-json\/wp\/v2\/posts"}],"about":[{"href":"https:\/\/imagazine.it\/home_desk\/wp-json\/wp\/v2\/types\/post"}],"author":[{"embeddable":true,"href":"https:\/\/imagazine.it\/home_desk\/wp-json\/wp\/v2\/users\/28"}],"replies":[{"embeddable":true,"href":"https:\/\/imagazine.it\/home_desk\/wp-json\/wp\/v2\/comments?post=32956"}],"version-history":[{"count":0,"href":"https:\/\/imagazine.it\/home_desk\/wp-json\/wp\/v2\/posts\/32956\/revisions"}],"wp:featuredmedia":[{"embeddable":true,"href":"https:\/\/imagazine.it\/home_desk\/wp-json\/wp\/v2\/media\/32957"}],"wp:attachment":[{"href":"https:\/\/imagazine.it\/home_desk\/wp-json\/wp\/v2\/media?parent=32956"}],"wp:term":[{"taxonomy":"category","embeddable":true,"href":"https:\/\/imagazine.it\/home_desk\/wp-json\/wp\/v2\/categories?post=32956"},{"taxonomy":"post_tag","embeddable":true,"href":"https:\/\/imagazine.it\/home_desk\/wp-json\/wp\/v2\/tags?post=32956"}],"curies":[{"name":"wp","href":"https:\/\/api.w.org\/{rel}","templated":true}]}}