{"id":32948,"date":"2020-04-03T00:00:00","date_gmt":"2020-04-02T23:00:00","guid":{"rendered":"https:\/\/imagazine.it\/?p=32948"},"modified":"2020-04-03T00:00:00","modified_gmt":"2020-04-02T23:00:00","slug":"credifriuli-dona-100-mila-euro-per-lazienda-sanitaria-del-friuli-centrale","status":"publish","type":"post","link":"https:\/\/imagazine.it\/home_desk\/credifriuli-dona-100-mila-euro-per-lazienda-sanitaria-del-friuli-centrale\/","title":{"rendered":"CrediFriuli dona 100 mila euro per l\u2019Azienda sanitaria del Friuli Centrale"},"content":{"rendered":"<p>Il Consiglio di Amministrazione di CrediFriuli, in rappresentanza dei suoi oltre 10 mila soci, ha deciso di donare 100 mila euro a favore dell\u2019Azienda Sanitaria Universitaria Friuli Centrale (AsuFC), per contribuire alla gestione e al contrasto della pandemia del Covid19.<\/p>\n<p>La somma \u00e8 gi\u00e0 stata erogata e sar\u00e0 destinata all\u2019acquisto di beni e servizi funzionali a meglio fronteggiare la situazione emergenziale ma anche, a discrezione dell\u2019Azienda sanitaria, a riconoscimenti per l\u2019impegno profuso dal personale nelle attivit\u00e0 lavorative.<\/p>\n<p>\u00abIn questo momento \u2013 afferma il presidente di CrediFriuli, <strong>Luciano Sartoretti<\/strong> \u2013 ci sentiamo particolarmente vicini a coloro che stanno soffrendo e alle persone, professionisti e volontari, che si stanno prodigando per le loro cure, verso le quali esprimiamo gratitudine e solidariet\u00e0.\u00a0\u00a0 Abbiamo deciso di schierarci al fianco della Sanit\u00e0 pubblica che opera negli stessi territori dove vivono i nostri soci e tanti nostri collaboratori. Il tutto nella consueta logica mutualistica e di valorizzazione delle risorse generate dalle nostre comunit\u00e0, confermando che la connotazione distintiva del nostro modo di fare banca \u00e8 quello di essere loro vicini con fatti concreti e, soprattutto, quando conta\u00bb.<\/p>\n<p>\u00abSolo con la collaborazione e l\u2019aiuto di tanti \u2013 commenta il direttore generale dell\u2019Azienda Sanitaria, <strong>Massimo Braganti<\/strong> \u2013 riusciremo a superare questo difficilissimo momento e gesti di solidariet\u00e0 come quello di CrediFriuli ci consentono di guardare al futuro con maggior fiducia. Ringraziamo pertanto i soci della banca che si sono dimostrati cos\u00ec sensibili e ci consentiranno di migliorare ulteriormente le condizioni del servizio sanitario fornito ai friulani\u00bb.<\/p>\n","protected":false},"excerpt":{"rendered":"<p>Emergenza Coronavirus<\/p>\n","protected":false},"author":28,"featured_media":32949,"comment_status":"closed","ping_status":"closed","sticky":false,"template":"","format":"standard","meta":{"dwc-title":[],"dwc-content":[],"footnotes":""},"categories":[5],"tags":[],"class_list":["post-32948","post","type-post","status-publish","format-standard","has-post-thumbnail","hentry","category-attualita"],"rttpg_featured_image_url":{"full":["https:\/\/imagazine.it\/wp-content\/uploads\/2024\/01\/33469-1.webp",750,428,false],"landscape":["https:\/\/imagazine.it\/wp-content\/uploads\/2024\/01\/33469-1.webp",750,428,false],"portraits":["https:\/\/imagazine.it\/wp-content\/uploads\/2024\/01\/33469-1.webp",750,428,false],"thumbnail":["https:\/\/imagazine.it\/wp-content\/uploads\/2024\/01\/33469-1-150x150.webp",150,150,true],"medium":["https:\/\/imagazine.it\/wp-content\/uploads\/2024\/01\/33469-1-300x171.webp",300,171,true],"large":["https:\/\/imagazine.it\/wp-content\/uploads\/2024\/01\/33469-1.webp",640,365,false],"thumblist":["https:\/\/imagazine.it\/wp-content\/uploads\/2024\/01\/33469-1.webp",300,171,false],"thumbrelated":["https:\/\/imagazine.it\/wp-content\/uploads\/2024\/01\/33469-1.webp",500,285,false],"meccarouselthumb":["https:\/\/imagazine.it\/wp-content\/uploads\/2024\/01\/33469-1.webp",474,270,false],"gridsquare":["https:\/\/imagazine.it\/wp-content\/uploads\/2024\/01\/33469-1.webp",391,223,false],"tileview":["https:\/\/imagazine.it\/wp-content\/uploads\/2024\/01\/33469-1.webp",300,171,false],"1536x1536":["https:\/\/imagazine.it\/wp-content\/uploads\/2024\/01\/33469-1.webp",750,428,false],"2048x2048":["https:\/\/imagazine.it\/wp-content\/uploads\/2024\/01\/33469-1.webp",750,428,false],"newsup-slider-full":["https:\/\/imagazine.it\/wp-content\/uploads\/2024\/01\/33469-1.webp",750,428,false],"newsup-featured":["https:\/\/imagazine.it\/wp-content\/uploads\/2024\/01\/33469-1.webp",750,428,false],"newsup-medium":["https:\/\/imagazine.it\/wp-content\/uploads\/2024\/01\/33469-1-720x380.webp",720,380,true],"tptn_thumbnail":["https:\/\/imagazine.it\/wp-content\/uploads\/2024\/01\/33469-1.webp",250,143,false],"sow-carousel-default":["https:\/\/imagazine.it\/wp-content\/uploads\/2024\/01\/33469-1-272x182.webp",272,182,true]},"rttpg_author":{"display_name":"redazione","author_link":"https:\/\/imagazine.it\/home_desk\/author\/redazione\/"},"rttpg_comment":0,"rttpg_category":"<a href=\"https:\/\/imagazine.it\/home_desk\/category\/attualita\/\" rel=\"category tag\">ATTUALIT\u00c0<\/a>","rttpg_excerpt":"Emergenza Coronavirus","_links":{"self":[{"href":"https:\/\/imagazine.it\/home_desk\/wp-json\/wp\/v2\/posts\/32948","targetHints":{"allow":["GET"]}}],"collection":[{"href":"https:\/\/imagazine.it\/home_desk\/wp-json\/wp\/v2\/posts"}],"about":[{"href":"https:\/\/imagazine.it\/home_desk\/wp-json\/wp\/v2\/types\/post"}],"author":[{"embeddable":true,"href":"https:\/\/imagazine.it\/home_desk\/wp-json\/wp\/v2\/users\/28"}],"replies":[{"embeddable":true,"href":"https:\/\/imagazine.it\/home_desk\/wp-json\/wp\/v2\/comments?post=32948"}],"version-history":[{"count":0,"href":"https:\/\/imagazine.it\/home_desk\/wp-json\/wp\/v2\/posts\/32948\/revisions"}],"wp:featuredmedia":[{"embeddable":true,"href":"https:\/\/imagazine.it\/home_desk\/wp-json\/wp\/v2\/media\/32949"}],"wp:attachment":[{"href":"https:\/\/imagazine.it\/home_desk\/wp-json\/wp\/v2\/media?parent=32948"}],"wp:term":[{"taxonomy":"category","embeddable":true,"href":"https:\/\/imagazine.it\/home_desk\/wp-json\/wp\/v2\/categories?post=32948"},{"taxonomy":"post_tag","embeddable":true,"href":"https:\/\/imagazine.it\/home_desk\/wp-json\/wp\/v2\/tags?post=32948"}],"curies":[{"name":"wp","href":"https:\/\/api.w.org\/{rel}","templated":true}]}}