{"id":32932,"date":"2020-04-02T00:00:00","date_gmt":"2020-04-01T23:00:00","guid":{"rendered":"https:\/\/imagazine.it\/?p=32932"},"modified":"2020-04-02T00:00:00","modified_gmt":"2020-04-01T23:00:00","slug":"coronavirus-attivati-in-fvg-servizi-di-assistenza-psicologica","status":"publish","type":"post","link":"https:\/\/imagazine.it\/home_desk\/coronavirus-attivati-in-fvg-servizi-di-assistenza-psicologica\/","title":{"rendered":"Coronavirus, attivati in FVG servizi di assistenza psicologica"},"content":{"rendered":"<p>&#8220;Abbiamo avviato sul territorio una serie di importanti servizi di assistenza psicologica, rivolti agli operatori, alle persone ammalate e anche a semplici cittadini che si trovano, magari in una condizione di solitudine, ad affrontare questo periodo di isolamento sociale&#8221;: lo ha affermato il vicegovernatore con delega alla Salute e alla Protezione del Friuli Venezia Giulia, <strong>Riccardo Riccardi<\/strong>, spiegando con quali progetti l&#39;Amministrazione regionale e le tre Aziende si siano organizzate sul territorio.<\/p>\n<p>Nell&#39;Area Giuliano Isontina\u00a0\u00e8 attiva una rete di 50 psicologi-psicoterapeuti, strutturati in due gruppi di lavoro che provvedono a soddisfare le eventuali richieste di aiuto provenienti dal personale sanitario e dalle fasce di popolazione pi\u00f9 colpite. Per quel che riguarda gli operatori del Ssr \u00e8 stato attivato un numero interno ed un indirizzo e-mail, per essere poi prontamente richiamati da uno degli psicologi in pronta disponibilit\u00e0 dedicati a questo Servizio. Lo scopo \u00e8 quello di dare una risposta immediata, pronta, che prevenga uno stato di stress che pu\u00f2 tendere alla cronicizzazione.<\/p>\n<p>Il personale sanitario che si rivolger\u00e0 al Servizio di supporto psicologico avr\u00e0 poi la possibilit\u00e0, se richiesto, di continuare ad essere seguita per tutta la durata dell&#39;emergenza, con modalit\u00e0 che prevedono anche l&#39;utilizzo, oltre che del colloquio telefonico, della videochiamata, ampliando la portata ed efficacia dell&#39;intervento. Per la popolazione \u00e8 stato invece attivato un numero verde. Anche in questo caso al numero risponde un pool di psicologi. Il servizio \u00e8 rivolto alle persone che sono state colpite dal Covid-19 e chi si trova in quarantena, e quindi in isolamento. Anche i familiari delle persone colpite o che sono in isolamento possono chiamare. Il numero (<strong>800.30.10.30<\/strong>) non va chiamato per emergenze sanitarie, o per consigli di natura medica.<\/p>\n<p>Per quel che riguarda il Friuli Centrale, l&#39; <u><a href=\"https:\/\/asufc.sanita.fvg.it\/it\/\" target=\"_blank\" rel=\"noopener\">Azienda Sanitaria Universitaria (Asufc)<\/a><\/u> ha attivato la disponibilit\u00e0 per colloqui telefonici rivolti agli operatori sanitari: l&#39;obiettivo principale \u00e8 dare una prima risposta al possibile stress correlato dalle condizioni emotive e lavorative inerenti lo stato di emergenza. Gli operatori che fungono da riferimento avranno cura di raccogliere le richieste, dare una prima risposta ed eventualmente smistare le richieste ad altri colleghi disponibili. Nell&#39;area Intranet aziendale, alla voce Notizie, tutti i dipendenti di Asufc interessati possono trovare i riferimenti e i contatti, suddivisi per area e struttura di riferimento.<\/p>\n<p>Sul fronte dell&#39;<u><a href=\"https:\/\/asfo.sanita.fvg.it\/it\/\" target=\"_blank\" rel=\"noopener\">Azienda Sanitaria Friuli Occidentale<\/a><\/u>, parte nei prossimi giorni il progetto &#8220;COndiVIDiamo&#8221;, punto di ascolto psicologico, mirato a sostenere gli operatori sociosanitari dell&#39;Asfo e il gruppo delle persone Covid positive e in quarantena a domicilio. La scelta di indirizzare, selettivamente, il progetto a queste due fasce di popolazione \u00e8 derivata dalla constatazione che gli operatori sociosanitari e le persone affette da coronavirus, in quarantena domiciliare, sono sottoposti a condizione di forte stress, anche se di diverso tipo, dal quale possono derivarne condizioni di disadattamento\/malattia. Tra gli strumenti, un sistema di supporto telefonico con numero dedicato e una email dedicata. Saranno a disposizione 4 psicologi in turnazione per assicurare la continuit\u00e0 del servizio.<\/p>\n<p>Infine, l&#39;<u><a href=\"https:\/\/www.sipemsos.org\/index.html\" target=\"_blank\" rel=\"noopener\">Associazione di Protezione civile Psicologi<\/a><\/u> per i Popoli del Friuli Venezia Giulia fornisce un&#39;attivit\u00e0 di supporto alla Sala operativa regionale a il numero unico emergenza della Protezione civile. In questo caso i professionisti volontari garantiscono una copertura di due turni giornalieri per tre volte alla settimana. Il servizio \u00e8 rivolto alla popolazione, con particolare riferimento alle persone sole, con crisi d&#39;ansia, senso di costrizione, paura del contagio o timorose per la salute dei propri cari.\u00a0<\/p>\n","protected":false},"excerpt":{"rendered":"<p>L&#8217;annuncio dell&#8217;assessore Riccardo Riccardi<\/p>\n","protected":false},"author":28,"featured_media":32933,"comment_status":"closed","ping_status":"closed","sticky":false,"template":"","format":"standard","meta":{"dwc-title":[],"dwc-content":[],"footnotes":""},"categories":[5],"tags":[],"class_list":["post-32932","post","type-post","status-publish","format-standard","has-post-thumbnail","hentry","category-attualita"],"rttpg_featured_image_url":{"full":["https:\/\/imagazine.it\/wp-content\/uploads\/2024\/01\/33456-1.webp",750,501,false],"landscape":["https:\/\/imagazine.it\/wp-content\/uploads\/2024\/01\/33456-1.webp",750,501,false],"portraits":["https:\/\/imagazine.it\/wp-content\/uploads\/2024\/01\/33456-1.webp",750,501,false],"thumbnail":["https:\/\/imagazine.it\/wp-content\/uploads\/2024\/01\/33456-1-150x150.webp",150,150,true],"medium":["https:\/\/imagazine.it\/wp-content\/uploads\/2024\/01\/33456-1-300x200.webp",300,200,true],"large":["https:\/\/imagazine.it\/wp-content\/uploads\/2024\/01\/33456-1.webp",640,428,false],"thumblist":["https:\/\/imagazine.it\/wp-content\/uploads\/2024\/01\/33456-1.webp",300,200,false],"thumbrelated":["https:\/\/imagazine.it\/wp-content\/uploads\/2024\/01\/33456-1.webp",500,334,false],"meccarouselthumb":["https:\/\/imagazine.it\/wp-content\/uploads\/2024\/01\/33456-1.webp",474,317,false],"gridsquare":["https:\/\/imagazine.it\/wp-content\/uploads\/2024\/01\/33456-1.webp",389,260,false],"tileview":["https:\/\/imagazine.it\/wp-content\/uploads\/2024\/01\/33456-1.webp",300,200,false],"1536x1536":["https:\/\/imagazine.it\/wp-content\/uploads\/2024\/01\/33456-1.webp",750,501,false],"2048x2048":["https:\/\/imagazine.it\/wp-content\/uploads\/2024\/01\/33456-1.webp",750,501,false],"newsup-slider-full":["https:\/\/imagazine.it\/wp-content\/uploads\/2024\/01\/33456-1.webp",750,501,false],"newsup-featured":["https:\/\/imagazine.it\/wp-content\/uploads\/2024\/01\/33456-1.webp",750,501,false],"newsup-medium":["https:\/\/imagazine.it\/wp-content\/uploads\/2024\/01\/33456-1-720x380.webp",720,380,true],"tptn_thumbnail":["https:\/\/imagazine.it\/wp-content\/uploads\/2024\/01\/33456-1.webp",250,167,false],"sow-carousel-default":["https:\/\/imagazine.it\/wp-content\/uploads\/2024\/01\/33456-1-272x182.webp",272,182,true]},"rttpg_author":{"display_name":"redazione","author_link":"https:\/\/imagazine.it\/home_desk\/author\/redazione\/"},"rttpg_comment":0,"rttpg_category":"<a href=\"https:\/\/imagazine.it\/home_desk\/category\/attualita\/\" rel=\"category tag\">ATTUALIT\u00c0<\/a>","rttpg_excerpt":"L'annuncio dell'assessore Riccardo Riccardi","_links":{"self":[{"href":"https:\/\/imagazine.it\/home_desk\/wp-json\/wp\/v2\/posts\/32932","targetHints":{"allow":["GET"]}}],"collection":[{"href":"https:\/\/imagazine.it\/home_desk\/wp-json\/wp\/v2\/posts"}],"about":[{"href":"https:\/\/imagazine.it\/home_desk\/wp-json\/wp\/v2\/types\/post"}],"author":[{"embeddable":true,"href":"https:\/\/imagazine.it\/home_desk\/wp-json\/wp\/v2\/users\/28"}],"replies":[{"embeddable":true,"href":"https:\/\/imagazine.it\/home_desk\/wp-json\/wp\/v2\/comments?post=32932"}],"version-history":[{"count":0,"href":"https:\/\/imagazine.it\/home_desk\/wp-json\/wp\/v2\/posts\/32932\/revisions"}],"wp:featuredmedia":[{"embeddable":true,"href":"https:\/\/imagazine.it\/home_desk\/wp-json\/wp\/v2\/media\/32933"}],"wp:attachment":[{"href":"https:\/\/imagazine.it\/home_desk\/wp-json\/wp\/v2\/media?parent=32932"}],"wp:term":[{"taxonomy":"category","embeddable":true,"href":"https:\/\/imagazine.it\/home_desk\/wp-json\/wp\/v2\/categories?post=32932"},{"taxonomy":"post_tag","embeddable":true,"href":"https:\/\/imagazine.it\/home_desk\/wp-json\/wp\/v2\/tags?post=32932"}],"curies":[{"name":"wp","href":"https:\/\/api.w.org\/{rel}","templated":true}]}}