{"id":32930,"date":"2020-04-02T00:00:00","date_gmt":"2020-04-01T23:00:00","guid":{"rendered":"https:\/\/imagazine.it\/?p=32930"},"modified":"2020-04-02T00:00:00","modified_gmt":"2020-04-01T23:00:00","slug":"cervignano-le-attivita-fanno-squadra-per-la-spesa-a-domicilio","status":"publish","type":"post","link":"https:\/\/imagazine.it\/home_desk\/cervignano-le-attivita-fanno-squadra-per-la-spesa-a-domicilio\/","title":{"rendered":"Cervignano, le attivit\u00e0 fanno squadra per la spesa a domicilio"},"content":{"rendered":"<p>Sono 42 le attivit\u00e0 operative sul comune di Cervignano del Friuli aderenti al progetto \u201cI nostri negozi a casa tua\u201d, promosso dall\u2019associazione Vari ed Eventuali e dall\u2019assessorato alle attivit\u00e0 produttive.<\/p>\n<p>L\u2019elenco completo e in aggiornamento \u00e8 pubblicato sul <u><a href=\"http:\/\/www.cervignanodelfriuli.net\/servizi_on_line\/informazioni\/archivio_news\/dettaglio-art-servizi_attivi_di_consegna_a_domicilio_i_nostri_negozi_a_casa_tua-articolo-1430.html\" target=\"_blank\" rel=\"noopener\">sito del Comune di Cervignano<\/a><\/u>, sulla app Municipium e sulle pagine facebook <u><a href=\"https:\/\/www.facebook.com\/cervignanoeventi\/\" target=\"_blank\" rel=\"noopener\">Cervignano Eventi<\/a><\/u> e <u><a href=\"https:\/\/www.facebook.com\/VARI-ed-Eventuali-485006278366838\/\" target=\"_blank\" rel=\"noopener\">Vari ed Eventuali<\/a><\/u>.<\/p>\n<p>\u201cL&#39;idea \u2013 spiega <strong>Elena Zampar<\/strong>, presidente di Vari ed Eventuali \u2013 \u00e8 nata dalla necessit\u00e0 di dare una continuit\u00e0 di servizio alla popolazione e alla comunit\u00e0, nei limiti del possibile in termini di legge e restrizione.\u00a0In perfetto tandem con il nostro assessore di riferimento, Federica Maule, abbiamo voluto stilare una lista di negozi e attivit\u00e0 commerciali, sia nel ramo alimentare e della ristorazione che altre attivit\u00e0 di commercio e sevizi,\u00a0che effettuano consegne a domicilio con mezzi propri e spedizioni tramite corriere\u201d.\u00a0<\/p>\n<p>\u201cL&#39;idea dell&#39;Amministrazione \u2013 spiega l\u2019assessore alle attivit\u00e0 economiche, <strong>Federica Maule<\/strong> \u2013 \u00e8 stata da subito quella di offrire alla comunit\u00e0 un utile strumento quotidiano dapprima per le attivit\u00e0 alimentari, ma senza dimenticare tutti quelli esercizi che offrono prodotti e servizi utili in questo momento storico in cui siamo chiamati a non spostarci da casa\u201d.<\/p>\n<p>L\u2019adesione al progetto in pochissimi giorni \u00e8 raddoppiata: \u201cA oggi \u2013 sottolinea Elena Zampar \u2013 le attivit\u00e0 che effettuano questo servizio alla comunit\u00e0 sono 42 e ogni giorno riceviamo nuovi nominativi.\u00a0Aggiungo che oltre alla necessit\u00e0 informativa, \u00e8 stata una risposta alla richiesta considerevole della clientela e dei cittadini di varie et\u00e0 che domandavano a me e ad altri colleghi commercianti informazioni su questo genere di servizio: per questo abbiamo voluto rispondere velocemente.\u00a0Per fortuna anche l&#39;assessore al commercio si era gi\u00e0 messo in moto in tal senso.\u00a0In un giorno abbiamo stilato la prima lista di 23 attivit\u00e0 che in un paio di giorni \u00e8 raddoppiata\u201d.\u00a0<\/p>\n<p>Una modalit\u00e0 nuova che vuole rilanciare il ruolo dei negozi di prossimit\u00e0: \u201cMai come ora conclude la presidente di Vari ed Eventuali \u2013 ho sentito condivisione e collaborazione e questo fa s\u00ec che il messaggio trasmesso sia di continuit\u00e0 e voglia di essere presenti per la nostra comunit\u00e0\u00a0in un momento storico che le nostre generazioni non hanno mai affrontato.\u00a0Voglio rivolgermi ora ai miei colleghi dicendo loro di fare ancora un piccolo sforzo: armandoci di pazienza, coraggio e razionalit\u00e0 per affrontare altre settimane di fermo lavorativo. Chiedo di condividere al massimo i servizi commerciali che Cervignano pu\u00f2 dare in questo momento in modo da continuare a far sentire la nostra presenza e non fermare del tutto l&#39;indotto economico della citt\u00e0.\u00a0Il web \u00e8 pi\u00f9 veloce di ogni cosa ed \u00e8 il futuro, ma la nostra presenza umana d\u00e0 ancora quel valore aggiunto che nessun\u2019altra cosa potr\u00e0 mai sostituire.\u00a0In questo modo, quando sar\u00e0 possibile ripartiremo da noi, da Cervignano e dalla nostra regione\u201d.<\/p>\n<p>\u00a0<\/p>\n<p>Nel frattempo anche in altre localit\u00e0 della regione sono attivi servizi analoghi: <u><a href=\"http:\/\/www.imagazine.it\/notizie-trieste-gorizia-udine-friuli\/7838\" target=\"_blank\" rel=\"noopener\">clicca qui per scoprire dove<\/a><\/u><\/p>\n","protected":false},"excerpt":{"rendered":"<p>Progetto \u201cI nostri negozi a casa tua\u201d<\/p>\n","protected":false},"author":28,"featured_media":32931,"comment_status":"closed","ping_status":"closed","sticky":false,"template":"","format":"standard","meta":{"dwc-title":[],"dwc-content":[],"footnotes":""},"categories":[5],"tags":[],"class_list":["post-32930","post","type-post","status-publish","format-standard","has-post-thumbnail","hentry","category-attualita"],"rttpg_featured_image_url":{"full":["https:\/\/imagazine.it\/wp-content\/uploads\/2024\/01\/33457-1.webp",750,579,false],"landscape":["https:\/\/imagazine.it\/wp-content\/uploads\/2024\/01\/33457-1.webp",750,579,false],"portraits":["https:\/\/imagazine.it\/wp-content\/uploads\/2024\/01\/33457-1.webp",750,579,false],"thumbnail":["https:\/\/imagazine.it\/wp-content\/uploads\/2024\/01\/33457-1-150x150.webp",150,150,true],"medium":["https:\/\/imagazine.it\/wp-content\/uploads\/2024\/01\/33457-1-300x232.webp",300,232,true],"large":["https:\/\/imagazine.it\/wp-content\/uploads\/2024\/01\/33457-1.webp",640,494,false],"thumblist":["https:\/\/imagazine.it\/wp-content\/uploads\/2024\/01\/33457-1.webp",300,232,false],"thumbrelated":["https:\/\/imagazine.it\/wp-content\/uploads\/2024\/01\/33457-1.webp",500,386,false],"meccarouselthumb":["https:\/\/imagazine.it\/wp-content\/uploads\/2024\/01\/33457-1.webp",420,324,false],"gridsquare":["https:\/\/imagazine.it\/wp-content\/uploads\/2024\/01\/33457-1.webp",337,260,false],"tileview":["https:\/\/imagazine.it\/wp-content\/uploads\/2024\/01\/33457-1.webp",300,232,false],"1536x1536":["https:\/\/imagazine.it\/wp-content\/uploads\/2024\/01\/33457-1.webp",750,579,false],"2048x2048":["https:\/\/imagazine.it\/wp-content\/uploads\/2024\/01\/33457-1.webp",750,579,false],"newsup-slider-full":["https:\/\/imagazine.it\/wp-content\/uploads\/2024\/01\/33457-1.webp",750,579,false],"newsup-featured":["https:\/\/imagazine.it\/wp-content\/uploads\/2024\/01\/33457-1.webp",750,579,false],"newsup-medium":["https:\/\/imagazine.it\/wp-content\/uploads\/2024\/01\/33457-1-720x380.webp",720,380,true],"tptn_thumbnail":["https:\/\/imagazine.it\/wp-content\/uploads\/2024\/01\/33457-1.webp",250,193,false],"sow-carousel-default":["https:\/\/imagazine.it\/wp-content\/uploads\/2024\/01\/33457-1-272x182.webp",272,182,true]},"rttpg_author":{"display_name":"redazione","author_link":"https:\/\/imagazine.it\/home_desk\/author\/redazione\/"},"rttpg_comment":0,"rttpg_category":"<a href=\"https:\/\/imagazine.it\/home_desk\/category\/attualita\/\" rel=\"category tag\">ATTUALIT\u00c0<\/a>","rttpg_excerpt":"Progetto \u201cI nostri negozi a casa tua\u201d","_links":{"self":[{"href":"https:\/\/imagazine.it\/home_desk\/wp-json\/wp\/v2\/posts\/32930","targetHints":{"allow":["GET"]}}],"collection":[{"href":"https:\/\/imagazine.it\/home_desk\/wp-json\/wp\/v2\/posts"}],"about":[{"href":"https:\/\/imagazine.it\/home_desk\/wp-json\/wp\/v2\/types\/post"}],"author":[{"embeddable":true,"href":"https:\/\/imagazine.it\/home_desk\/wp-json\/wp\/v2\/users\/28"}],"replies":[{"embeddable":true,"href":"https:\/\/imagazine.it\/home_desk\/wp-json\/wp\/v2\/comments?post=32930"}],"version-history":[{"count":0,"href":"https:\/\/imagazine.it\/home_desk\/wp-json\/wp\/v2\/posts\/32930\/revisions"}],"wp:featuredmedia":[{"embeddable":true,"href":"https:\/\/imagazine.it\/home_desk\/wp-json\/wp\/v2\/media\/32931"}],"wp:attachment":[{"href":"https:\/\/imagazine.it\/home_desk\/wp-json\/wp\/v2\/media?parent=32930"}],"wp:term":[{"taxonomy":"category","embeddable":true,"href":"https:\/\/imagazine.it\/home_desk\/wp-json\/wp\/v2\/categories?post=32930"},{"taxonomy":"post_tag","embeddable":true,"href":"https:\/\/imagazine.it\/home_desk\/wp-json\/wp\/v2\/tags?post=32930"}],"curies":[{"name":"wp","href":"https:\/\/api.w.org\/{rel}","templated":true}]}}