{"id":32926,"date":"2020-04-01T00:00:00","date_gmt":"2020-03-31T23:00:00","guid":{"rendered":"https:\/\/imagazine.it\/?p=32926"},"modified":"2020-04-01T00:00:00","modified_gmt":"2020-03-31T23:00:00","slug":"coronavirus-niente-benedizione-dellulivo-la-domenica-delle-palme","status":"publish","type":"post","link":"https:\/\/imagazine.it\/home_desk\/coronavirus-niente-benedizione-dellulivo-la-domenica-delle-palme\/","title":{"rendered":"Coronavirus, niente benedizione dell&#8217;ulivo la domenica delle Palme"},"content":{"rendered":"<p>Le disposizioni del Governo atte a prevenire la diffusione del Covid-19, recepite dalla Conferenza episcopale italiana in una serie di documenti inviati nei giorni scorsi ai vescovi di tutta Italia, non permetteranno quest\u2019anno di celebrare nella maniera tradizionale i riti della Settimana Santa nemmeno nella diocesi di Gorizia, come riportato sul sito ufficiale.<\/p>\n<p>Attraverso la pagina facebook dell\u2019Arcidiocesi e il canale YouTube Chiesadigorizia (che trasmetteranno in diretta streaming le celebrazioni eucaristiche e i momenti di preghiera presieduti dal vescovo monsignor <strong>Carlo Roberto Maria Redaelli<\/strong> in cattedrale) verr\u00e0 diffuso un sussidio per permettere ai singoli e alle famiglie di vivere nel modo pi\u00f9 intenso possibile questo periodo pur non potendo partecipare personalmente alle liturgie che i sacerdoti officeranno nelle chiese a porte chiuse e senza la presenza dei fedeli.<\/p>\n<p><strong>Domenica 4 aprile<\/strong>, domenica delle Palme, non si terr\u00e0 la benedizione degli ulivi (che non saranno disponibili in nessuna chiesa): nel sussidio per le famiglie \u00e8 stato inserito un testo per la benedizione dell\u2019ulivo all\u2019interno della famiglia. In questa giornata l\u2019arcivescovo Carlo celebrer\u00e0 la messa in duomo in diretta streaming alle 18.30.<\/p>\n<p><strong>Mercoled\u00ec Santo, 8 aprile<\/strong>, monsignor Redaelli presieder\u00e0 una liturgia penitenziale in cattedrale alle ore 18.30 mentre\u00a0<strong>Gioved\u00ec Santo, 9 aprile,<\/strong>\u00a0celebrer\u00e0, sempre in cattedrale, alle ore 21: tutte le campane della diocesi suoneranno alle 21.15 prima di restare in silenzio sino al canto del Gloria nel corso della Veglia pasquale. Non si svolger\u00e0 la Messa crismale mattutina (rinviata a quando sar\u00e0 possibile) e la sera non si svolger\u00e0 il rito della lavanda dei piedi che tradizionalmente accompagnava il rito \u201cIn coena domini\u201d.<\/p>\n<p><strong>Venerd\u00ec Santo, 10 aprile<\/strong>, l\u2019arcivescovo celebrer\u00e0 in cattedrale alle ore 15;\u00a0<strong>il Sabato Santo, 11 aprile,<\/strong>\u00a0monsignor Redaelli torner\u00e0 in duomo per presiedere la Veglia Pasquale alle ore 21.30. Tutte le campane della diocesi annunceranno insieme la Resurrezione alle ore 22.15.<\/p>\n<p>La\u00a0<strong>domenica di Pasqua, 12 aprile,<\/strong>\u00a0la liturgia in cattedrale presieduta dal vescovo avr\u00e0 inizio alle ore 18.30.<\/p>\n","protected":false},"excerpt":{"rendered":"<p>Disposizione della Conferenza episcopale italiana<\/p>\n","protected":false},"author":22,"featured_media":32927,"comment_status":"closed","ping_status":"closed","sticky":false,"template":"","format":"standard","meta":{"dwc-title":[],"dwc-content":[],"footnotes":""},"categories":[5],"tags":[],"class_list":["post-32926","post","type-post","status-publish","format-standard","has-post-thumbnail","hentry","category-attualita"],"rttpg_featured_image_url":{"full":["https:\/\/imagazine.it\/wp-content\/uploads\/2024\/01\/33453-1.webp",750,500,false],"landscape":["https:\/\/imagazine.it\/wp-content\/uploads\/2024\/01\/33453-1.webp",750,500,false],"portraits":["https:\/\/imagazine.it\/wp-content\/uploads\/2024\/01\/33453-1.webp",750,500,false],"thumbnail":["https:\/\/imagazine.it\/wp-content\/uploads\/2024\/01\/33453-1-150x150.webp",150,150,true],"medium":["https:\/\/imagazine.it\/wp-content\/uploads\/2024\/01\/33453-1-300x200.webp",300,200,true],"large":["https:\/\/imagazine.it\/wp-content\/uploads\/2024\/01\/33453-1.webp",640,427,false],"thumblist":["https:\/\/imagazine.it\/wp-content\/uploads\/2024\/01\/33453-1.webp",300,200,false],"thumbrelated":["https:\/\/imagazine.it\/wp-content\/uploads\/2024\/01\/33453-1.webp",500,333,false],"meccarouselthumb":["https:\/\/imagazine.it\/wp-content\/uploads\/2024\/01\/33453-1.webp",474,316,false],"gridsquare":["https:\/\/imagazine.it\/wp-content\/uploads\/2024\/01\/33453-1.webp",391,260,false],"tileview":["https:\/\/imagazine.it\/wp-content\/uploads\/2024\/01\/33453-1.webp",300,200,false],"1536x1536":["https:\/\/imagazine.it\/wp-content\/uploads\/2024\/01\/33453-1.webp",750,500,false],"2048x2048":["https:\/\/imagazine.it\/wp-content\/uploads\/2024\/01\/33453-1.webp",750,500,false],"newsup-slider-full":["https:\/\/imagazine.it\/wp-content\/uploads\/2024\/01\/33453-1.webp",750,500,false],"newsup-featured":["https:\/\/imagazine.it\/wp-content\/uploads\/2024\/01\/33453-1.webp",750,500,false],"newsup-medium":["https:\/\/imagazine.it\/wp-content\/uploads\/2024\/01\/33453-1-720x380.webp",720,380,true],"tptn_thumbnail":["https:\/\/imagazine.it\/wp-content\/uploads\/2024\/01\/33453-1.webp",250,167,false],"sow-carousel-default":["https:\/\/imagazine.it\/wp-content\/uploads\/2024\/01\/33453-1-272x182.webp",272,182,true]},"rttpg_author":{"display_name":"Livio Nonis","author_link":"https:\/\/imagazine.it\/home_desk\/author\/nonis\/"},"rttpg_comment":0,"rttpg_category":"<a href=\"https:\/\/imagazine.it\/home_desk\/category\/attualita\/\" rel=\"category tag\">ATTUALIT\u00c0<\/a>","rttpg_excerpt":"Disposizione della Conferenza episcopale italiana","_links":{"self":[{"href":"https:\/\/imagazine.it\/home_desk\/wp-json\/wp\/v2\/posts\/32926","targetHints":{"allow":["GET"]}}],"collection":[{"href":"https:\/\/imagazine.it\/home_desk\/wp-json\/wp\/v2\/posts"}],"about":[{"href":"https:\/\/imagazine.it\/home_desk\/wp-json\/wp\/v2\/types\/post"}],"author":[{"embeddable":true,"href":"https:\/\/imagazine.it\/home_desk\/wp-json\/wp\/v2\/users\/22"}],"replies":[{"embeddable":true,"href":"https:\/\/imagazine.it\/home_desk\/wp-json\/wp\/v2\/comments?post=32926"}],"version-history":[{"count":0,"href":"https:\/\/imagazine.it\/home_desk\/wp-json\/wp\/v2\/posts\/32926\/revisions"}],"wp:featuredmedia":[{"embeddable":true,"href":"https:\/\/imagazine.it\/home_desk\/wp-json\/wp\/v2\/media\/32927"}],"wp:attachment":[{"href":"https:\/\/imagazine.it\/home_desk\/wp-json\/wp\/v2\/media?parent=32926"}],"wp:term":[{"taxonomy":"category","embeddable":true,"href":"https:\/\/imagazine.it\/home_desk\/wp-json\/wp\/v2\/categories?post=32926"},{"taxonomy":"post_tag","embeddable":true,"href":"https:\/\/imagazine.it\/home_desk\/wp-json\/wp\/v2\/tags?post=32926"}],"curies":[{"name":"wp","href":"https:\/\/api.w.org\/{rel}","templated":true}]}}