{"id":32902,"date":"2020-03-30T00:00:00","date_gmt":"2020-03-29T23:00:00","guid":{"rendered":"https:\/\/imagazine.it\/?p=32902"},"modified":"2020-03-30T00:00:00","modified_gmt":"2020-03-29T23:00:00","slug":"sette-centri-giovani-del-fvg-si-trasferiscono-online-per-stare-vicino-ai-ragazzi","status":"publish","type":"post","link":"https:\/\/imagazine.it\/home_desk\/sette-centri-giovani-del-fvg-si-trasferiscono-online-per-stare-vicino-ai-ragazzi\/","title":{"rendered":"Sette Centri Giovani del FVG si trasferiscono online per stare vicino ai ragazzi"},"content":{"rendered":"<p>I ragazzi sono stati fra i primi a subire le disposizioni per il contenimento del Coronavirus, con la sospensione delle attivit\u00e0 didattiche e scolastiche prima, e di quelle aggregative, sportive ed educative poi.<\/p>\n<p>\u00c8 partita da qui la riflessione dell\u2019equipe composta da 8 educatori e da un coordinatore della Cooperativa sociale Itaca, fino a qualche settimana fa impegnati nei Centri di aggregazione giovanile che Itaca gestisce in\u00a0<strong>7 Comuni della Bassa friulana e dell\u2019Isontino<\/strong>. L\u2019idea di\u00a0<strong>\u201cCO_ndi_VID_o\u201d<\/strong>\u00a0\u2013 questo il nome del progetto \u2013 \u00e8 quella di\u00a0<strong>trasferire i 7 Cag<\/strong>\u00a0\u2013 la cui attivit\u00e0 negli spazi fisici \u00e8 al momento sospesa, quelli di\u00a0<strong>Carlino, Latisana, Muzzana del Turgnano, Porpetto, San Giorgio di Nogaro, Sagrado e Torviscosa<\/strong>\u00a0&#8211; in un\u00a0<strong>unico Centro giovani online<\/strong>, un vero e proprio\u00a0<strong>Cag virtuale<\/strong>. Un modo per mettere in pratica uno degli hashtag pi\u00f9 diffusi del momento: #distantimauniti.<\/p>\n<p>Accanto all\u2019emergenza sanitaria, che resta prioritaria, il Covid-19 sta facendo emergere ogni giorno che passa una serie di\u00a0<strong>interrogativi a carattere sociale, educativo e pedagogico<\/strong>. Nel giro di qualche settimana, i ragazzi sono passati da un tempo pieno e iper strutturato (scuola, sport, attivit\u00e0 varie), a un\u00a0<strong>tempo per giorni anche completamente vuoto<\/strong>, per il quale viene richiesta loro capacit\u00e0 di auto gestione. Una competenza questa (soft skill) preziosa pi\u00f9 che mai, soprattutto in un momento cos\u00ec delicato che coinvolge tutti, ragazzi compresi.<\/p>\n<p><a name=\"m_-1097297827878792034__Hlk35870769\">Gli\u00a0<strong>educatori<\/strong>\u00a0dei Cag Itaca di Bassa friulana e Isontino\u00a0<strong>si sono cos\u00ec chiesti<\/strong>\u00a0<\/a>come poter essere loro di aiuto,\u00a0<strong>come poter accompagnare i ragazzi<\/strong>, come incrementare la loro consapevolezza rispetto alla situazione attuale e, al contempo, mantenere le relazioni interpersonali e i contatti umani. Il\u00a0<strong>web<\/strong>\u00a0e i\u00a0<strong>social media<\/strong>\u00a0possono essere strumenti potentissimi per mantenere con loro una\u00a0<strong>relazione educativa<\/strong>, la rete e le nuove tecnologie offrono la possibilit\u00e0 di andare\u00a0<strong>oltre i confini territoriali<\/strong>\u00a0e di proporre delle\u00a0<strong>opportunit\u00e0 trasversali<\/strong>, al di l\u00e0 di quelle che sono le appartenenze ai singoli centri di aggregazione.<\/p>\n<p>Ed \u00e8 quello che sta accadendo con \u201cCO_ndi_VID_o\u201d: invece di 7 Centri giovani, ora ce n\u2019\u00e8 soltanto uno ed \u00e8 online, e consente a\u00a0<strong>tutti i ragazzi e le ragazze dei 7 Comuni<\/strong>\u00a0di ritrovarsi in un unico luogo, restando\u00a0<strong>responsabilmente a casa propria, distanti ma uniti<\/strong>.<\/p>\n<p>\u201c\u00c8 un&#39;opportunit\u00e0 unica e importante \u2013 sottolinea\u00a0<strong>Stefania Del Rizzo, assessora alle politiche giovanili del Comune di Latisana<\/strong>\u00a0\u2013 per far sentire i ragazzi vicini anche se distanti. Un progetto che, grazie al web, permetter\u00e0 di mettere in rete ragazzi e ragazze appartenenti a diverse comunit\u00e0. Di questi giovani noi andiamo particolarmente orgogliosi e fieri, perch\u00e9 per primi hanno dovuto restare a casa e in questo frangente stanno dimostrando grande maturit\u00e0\u201d.<\/p>\n<p>I ragazzi coinvolti virtualmente nel progetto, avviato da pochi giorni, in questo momento sono complessivamente\u00a0<strong>70<\/strong>, la fascia d&#39;et\u00e0 \u00e8 quella\u00a0<strong>11-25 anni<\/strong>, e rispecchiano nel complesso il numero di circa 70 ragazzi (in media) che ante coronavirus frequentavano i Cag dei sette territori. \u201cL&#39;emergenza che stiamo vivendo ha fatto s\u00ec che alcuni ragazzi che prima frequentavano fisicamente i Cag non siano ancora stati raggiunti, ma il dato fortemente positivo \u00e8 che con questa\u00a0<strong>rimodulazione del servizio<\/strong>\u00a0abbiamo raggiunto\u00a0<strong>nuovi ragazzi che prima non frequentavano fisicamente i Centri giovani<\/strong>\u201d. L\u2019auspicio \u00e8 di riuscire a raggiungere un numero doppio di ragazzi.<\/p>\n<p>Il lavoro degli educatori sta mantenendo la condivisione con le precedenti\u00a0<strong>reti territoriali<\/strong>, non solo le Amministrazioni comunali ma anche l\u2019universo dell\u2019<strong>associazionismo locale<\/strong>, anche se con modalit\u00e0 nuove un po\u2019 per tutti. \u201cTeniamo, inoltre, a porre in evidenza le\u00a0<strong>sinergie con i genitori<\/strong>, specie dei ragazzi nella fascia 11-14 anni: molti di questi ragazzi non hanno &#8211; per evidenti motivi &#8211; un proprio account Instagram, noi stiamo riuscendo ad interagire con loro grazie alla sensibilit\u00e0 e mediazione dei loro genitori, che li stanno affiancando &#8211; e ci stanno affiancando &#8211; con grande senso di responsabilit\u00e0, e che hanno messo a disposizione dei figli i loro account Instagram per poter comunicare con noi\u201d.<\/p>\n<p><strong>Gi\u00e0 operative le pagine Instagram (pi\u00f9 usata e pi\u00f9 vicina ai ragazzi) e Facebook (alla portata anche delle altre fasce della popolazione)<\/strong>, su cui ogni giorno verranno caricati dei contenuti che coinvolgeranno i ragazzi, proponendo la loro partecipazione a\u00a0<a name=\"m_-1097297827878792034__Hlk35869878\">concorsi fotografici, challenge, diffusione di materiale informativo e di prevenzione riguardo l\u2019emergenza Covid-19<\/a>\u00a0e molto altro. Come accade nei Centri giovani \u201ctradizionali\u201d, sono previsti anche momenti dedicati ad approfondimenti ed altri a carattere pi\u00f9 ludico e informale.<\/p>\n<p>Il palinsesto si svilupper\u00e0\u00a0<strong>dal luned\u00ec al sabato<\/strong>\u00a0con\u00a0<strong>tre ore<\/strong>\u00a0di\u00a0<strong>appuntamenti e presenze live, in orario 15-18<\/strong>\u00a0i diversi educatori dei vari Centri, conservandone i giorni di apertura, saranno connessi e interagiranno con i ragazzi, proponendo le attivit\u00e0 e caricando i materiali.<\/p>\n","protected":false},"excerpt":{"rendered":"<p>Tra Bassa friulana e Isontino<\/p>\n","protected":false},"author":28,"featured_media":32903,"comment_status":"closed","ping_status":"closed","sticky":false,"template":"","format":"standard","meta":{"dwc-title":[],"dwc-content":[],"footnotes":""},"categories":[6],"tags":[],"class_list":["post-32902","post","type-post","status-publish","format-standard","has-post-thumbnail","hentry","category-societa"],"rttpg_featured_image_url":{"full":["https:\/\/imagazine.it\/wp-content\/uploads\/2024\/01\/33429-1.webp",750,500,false],"landscape":["https:\/\/imagazine.it\/wp-content\/uploads\/2024\/01\/33429-1.webp",750,500,false],"portraits":["https:\/\/imagazine.it\/wp-content\/uploads\/2024\/01\/33429-1.webp",750,500,false],"thumbnail":["https:\/\/imagazine.it\/wp-content\/uploads\/2024\/01\/33429-1-150x150.webp",150,150,true],"medium":["https:\/\/imagazine.it\/wp-content\/uploads\/2024\/01\/33429-1-300x200.webp",300,200,true],"large":["https:\/\/imagazine.it\/wp-content\/uploads\/2024\/01\/33429-1.webp",640,427,false],"thumblist":["https:\/\/imagazine.it\/wp-content\/uploads\/2024\/01\/33429-1.webp",300,200,false],"thumbrelated":["https:\/\/imagazine.it\/wp-content\/uploads\/2024\/01\/33429-1.webp",500,333,false],"meccarouselthumb":["https:\/\/imagazine.it\/wp-content\/uploads\/2024\/01\/33429-1.webp",474,316,false],"gridsquare":["https:\/\/imagazine.it\/wp-content\/uploads\/2024\/01\/33429-1.webp",391,260,false],"tileview":["https:\/\/imagazine.it\/wp-content\/uploads\/2024\/01\/33429-1.webp",300,200,false],"1536x1536":["https:\/\/imagazine.it\/wp-content\/uploads\/2024\/01\/33429-1.webp",750,500,false],"2048x2048":["https:\/\/imagazine.it\/wp-content\/uploads\/2024\/01\/33429-1.webp",750,500,false],"newsup-slider-full":["https:\/\/imagazine.it\/wp-content\/uploads\/2024\/01\/33429-1.webp",750,500,false],"newsup-featured":["https:\/\/imagazine.it\/wp-content\/uploads\/2024\/01\/33429-1.webp",750,500,false],"newsup-medium":["https:\/\/imagazine.it\/wp-content\/uploads\/2024\/01\/33429-1-720x380.webp",720,380,true],"tptn_thumbnail":["https:\/\/imagazine.it\/wp-content\/uploads\/2024\/01\/33429-1.webp",250,167,false],"sow-carousel-default":["https:\/\/imagazine.it\/wp-content\/uploads\/2024\/01\/33429-1-272x182.webp",272,182,true]},"rttpg_author":{"display_name":"redazione","author_link":"https:\/\/imagazine.it\/home_desk\/author\/redazione\/"},"rttpg_comment":0,"rttpg_category":"<a href=\"https:\/\/imagazine.it\/home_desk\/category\/societa\/\" rel=\"category tag\">SOCIET\u00c0<\/a>","rttpg_excerpt":"Tra Bassa friulana e Isontino","_links":{"self":[{"href":"https:\/\/imagazine.it\/home_desk\/wp-json\/wp\/v2\/posts\/32902","targetHints":{"allow":["GET"]}}],"collection":[{"href":"https:\/\/imagazine.it\/home_desk\/wp-json\/wp\/v2\/posts"}],"about":[{"href":"https:\/\/imagazine.it\/home_desk\/wp-json\/wp\/v2\/types\/post"}],"author":[{"embeddable":true,"href":"https:\/\/imagazine.it\/home_desk\/wp-json\/wp\/v2\/users\/28"}],"replies":[{"embeddable":true,"href":"https:\/\/imagazine.it\/home_desk\/wp-json\/wp\/v2\/comments?post=32902"}],"version-history":[{"count":0,"href":"https:\/\/imagazine.it\/home_desk\/wp-json\/wp\/v2\/posts\/32902\/revisions"}],"wp:featuredmedia":[{"embeddable":true,"href":"https:\/\/imagazine.it\/home_desk\/wp-json\/wp\/v2\/media\/32903"}],"wp:attachment":[{"href":"https:\/\/imagazine.it\/home_desk\/wp-json\/wp\/v2\/media?parent=32902"}],"wp:term":[{"taxonomy":"category","embeddable":true,"href":"https:\/\/imagazine.it\/home_desk\/wp-json\/wp\/v2\/categories?post=32902"},{"taxonomy":"post_tag","embeddable":true,"href":"https:\/\/imagazine.it\/home_desk\/wp-json\/wp\/v2\/tags?post=32902"}],"curies":[{"name":"wp","href":"https:\/\/api.w.org\/{rel}","templated":true}]}}