{"id":32898,"date":"2020-03-30T00:00:00","date_gmt":"2020-03-29T23:00:00","guid":{"rendered":"https:\/\/imagazine.it\/?p=32898"},"modified":"2020-03-30T00:00:00","modified_gmt":"2020-03-29T23:00:00","slug":"ancora-un-mese-di-chiusura-e-per-noi-sara-il-disastro","status":"publish","type":"post","link":"https:\/\/imagazine.it\/home_desk\/ancora-un-mese-di-chiusura-e-per-noi-sara-il-disastro\/","title":{"rendered":"&#8220;Ancora un mese di chiusura e per noi sar\u00e0 il disastro&#8221;"},"content":{"rendered":"<p>I ristoratori dell&#39;Unione Ristoranti del Buon Ricordo, anche a seguito degli ultimi provvedimenti governativi, lanciano il logro grido d&#39;allarme con un testo rivolto alle autorit\u00e0 competentti che riportiamo integralmente.<\/p>\n<p>\u00a0<\/p>\n<p><em>Da quel terribile 22 febbraio sono oramai trascorsi 38 giorni. Per tantissimi di noi ristoratori da quel momento gli incassi si sono azzerati. La paura ha iniziato a serpeggiare tra i clienti e gli eventi in programma sono stati tutti annullati. Subito abbiamo dovuto mettere il personale in ferie. Prima ci \u00e8 stato ordinato di chiudere alla sera,<\/em><\/p>\n<p><em>poi di chiudere definitivamente quando oramai quasi tutti eravamo ovviamente gi\u00e0 chiusi.<\/em><\/p>\n<p><em>Da allora sono passati giorni e settimane lunghissime. Tutto il Buon Ricordo, al pari dei colleghi della ristorazione italiana, ha aspettato aiuti rapidi e incisivi. Ancora nulla, eccetto una minima dilazione di pagamento delle tasse e contributi. La cassa integrazione per i nostri dipendenti sta arrivando in queste ore. Nessun aiuto diretto da parte dello Stato a livello economico.<\/em><\/p>\n<p><em>I nostri colleghi all\u2019estero ci fanno sapere di misure \u201cimportanti\u201d prese da governi come la Germania, la Francia, l\u2019Ungheria. Per la ristorazione italiana, cos\u00ec come per la piccola e media impresa, quasi il nulla.<\/em><\/p>\n<p><em><strong>I tempi sono SCADUTI! <\/strong>Se davvero i nostri locali dovranno rimanere chiusi per un altro mese in queste condizioni<\/em><\/p>\n<p><em>sar\u00e0 un disastro assoluto. Tanti di noi non riapriranno. Una volta tanto, sarebbe stato importante anticipare il problema, non rincorrerlo!<\/em><\/p>\n<p><em>Noi siamo da 56 anni ottimisti, vogliamo bene alla nostra Italia. Faremo di tutto per non mollare. Ma da soli non possiamo farcela. Lo abbiamo detto in tempi ancora non cos\u00ec drammatici, ma nulla si \u00e8 mosso. Il nostro \u00e8 un grido d\u2019allarme che accomuna tutta la Ristorazione Italiana. Il Buon Ricordo grazie alla sua storia pensa di poter rappresentare le migliaia di colleghi sparsi per la penisola.<\/em><\/p>\n<p><em>Dateci un minimo di energia. Poi toccher\u00e0 a noi di rimboccarci le maniche!<\/em><\/p>\n<p><em><strong>W l\u2019Italia, W la grande Ristorazione Italiana!<\/strong><\/em><\/p>\n","protected":false},"excerpt":{"rendered":"<p>Grido d&#8217;allarme dei ristoratori del Buon Ricordo<\/p>\n","protected":false},"author":28,"featured_media":32899,"comment_status":"closed","ping_status":"closed","sticky":false,"template":"","format":"standard","meta":{"dwc-title":[],"dwc-content":[],"footnotes":""},"categories":[5],"tags":[],"class_list":["post-32898","post","type-post","status-publish","format-standard","has-post-thumbnail","hentry","category-attualita"],"rttpg_featured_image_url":{"full":["https:\/\/imagazine.it\/wp-content\/uploads\/2024\/01\/33427-1.webp",750,509,false],"landscape":["https:\/\/imagazine.it\/wp-content\/uploads\/2024\/01\/33427-1.webp",750,509,false],"portraits":["https:\/\/imagazine.it\/wp-content\/uploads\/2024\/01\/33427-1.webp",750,509,false],"thumbnail":["https:\/\/imagazine.it\/wp-content\/uploads\/2024\/01\/33427-1-150x150.webp",150,150,true],"medium":["https:\/\/imagazine.it\/wp-content\/uploads\/2024\/01\/33427-1-300x204.webp",300,204,true],"large":["https:\/\/imagazine.it\/wp-content\/uploads\/2024\/01\/33427-1.webp",640,434,false],"thumblist":["https:\/\/imagazine.it\/wp-content\/uploads\/2024\/01\/33427-1.webp",300,204,false],"thumbrelated":["https:\/\/imagazine.it\/wp-content\/uploads\/2024\/01\/33427-1.webp",500,339,false],"meccarouselthumb":["https:\/\/imagazine.it\/wp-content\/uploads\/2024\/01\/33427-1.webp",474,322,false],"gridsquare":["https:\/\/imagazine.it\/wp-content\/uploads\/2024\/01\/33427-1.webp",383,260,false],"tileview":["https:\/\/imagazine.it\/wp-content\/uploads\/2024\/01\/33427-1.webp",300,204,false],"1536x1536":["https:\/\/imagazine.it\/wp-content\/uploads\/2024\/01\/33427-1.webp",750,509,false],"2048x2048":["https:\/\/imagazine.it\/wp-content\/uploads\/2024\/01\/33427-1.webp",750,509,false],"newsup-slider-full":["https:\/\/imagazine.it\/wp-content\/uploads\/2024\/01\/33427-1.webp",750,509,false],"newsup-featured":["https:\/\/imagazine.it\/wp-content\/uploads\/2024\/01\/33427-1.webp",750,509,false],"newsup-medium":["https:\/\/imagazine.it\/wp-content\/uploads\/2024\/01\/33427-1-720x380.webp",720,380,true],"tptn_thumbnail":["https:\/\/imagazine.it\/wp-content\/uploads\/2024\/01\/33427-1.webp",250,170,false],"sow-carousel-default":["https:\/\/imagazine.it\/wp-content\/uploads\/2024\/01\/33427-1-272x182.webp",272,182,true]},"rttpg_author":{"display_name":"redazione","author_link":"https:\/\/imagazine.it\/home_desk\/author\/redazione\/"},"rttpg_comment":0,"rttpg_category":"<a href=\"https:\/\/imagazine.it\/home_desk\/category\/attualita\/\" rel=\"category tag\">ATTUALIT\u00c0<\/a>","rttpg_excerpt":"Grido d'allarme dei ristoratori del Buon Ricordo","_links":{"self":[{"href":"https:\/\/imagazine.it\/home_desk\/wp-json\/wp\/v2\/posts\/32898","targetHints":{"allow":["GET"]}}],"collection":[{"href":"https:\/\/imagazine.it\/home_desk\/wp-json\/wp\/v2\/posts"}],"about":[{"href":"https:\/\/imagazine.it\/home_desk\/wp-json\/wp\/v2\/types\/post"}],"author":[{"embeddable":true,"href":"https:\/\/imagazine.it\/home_desk\/wp-json\/wp\/v2\/users\/28"}],"replies":[{"embeddable":true,"href":"https:\/\/imagazine.it\/home_desk\/wp-json\/wp\/v2\/comments?post=32898"}],"version-history":[{"count":0,"href":"https:\/\/imagazine.it\/home_desk\/wp-json\/wp\/v2\/posts\/32898\/revisions"}],"wp:featuredmedia":[{"embeddable":true,"href":"https:\/\/imagazine.it\/home_desk\/wp-json\/wp\/v2\/media\/32899"}],"wp:attachment":[{"href":"https:\/\/imagazine.it\/home_desk\/wp-json\/wp\/v2\/media?parent=32898"}],"wp:term":[{"taxonomy":"category","embeddable":true,"href":"https:\/\/imagazine.it\/home_desk\/wp-json\/wp\/v2\/categories?post=32898"},{"taxonomy":"post_tag","embeddable":true,"href":"https:\/\/imagazine.it\/home_desk\/wp-json\/wp\/v2\/tags?post=32898"}],"curies":[{"name":"wp","href":"https:\/\/api.w.org\/{rel}","templated":true}]}}