{"id":32892,"date":"2020-03-30T00:00:00","date_gmt":"2020-03-29T23:00:00","guid":{"rendered":"https:\/\/imagazine.it\/?p=32892"},"modified":"2020-03-30T00:00:00","modified_gmt":"2020-03-29T23:00:00","slug":"cinema-e-scuola-da-pordenone-premi-in-tutta-italia","status":"publish","type":"post","link":"https:\/\/imagazine.it\/home_desk\/cinema-e-scuola-da-pordenone-premi-in-tutta-italia\/","title":{"rendered":"Cinema e scuola, da Pordenone premi in tutta Italia"},"content":{"rendered":"<p><strong>Il linguaggio del cinema per raccontare il nostro tempo,<\/strong> ma anche per <strong>rendere omaggio alle personalit\u00e0 che hanno raccontato e testimoniato l\u2019evoluzione delle arti visive. <\/strong><\/p>\n<p>Come<strong> Guido Cecere<\/strong>, il fotografo, docente e saggista, storico componente della Giuria di Videocinema&#038;Scuola, mancato improvvisamente nell\u2019estate 2019: a lui era dedicata una speciale categoria della nuova edizione del concorso, che ha annunciato ieri i suoi vincitori attraverso la speciale proclamazione dei<strong> Papu <\/strong>sui canali web e social del CICP &#8211; Centro Iniziative Culturali di Pordenone.<\/p>\n<p>\u00abUn modo importante, in tempi di Covid \u2013 ha spiegato la presidente <strong>Maria Francesca Vassallo<\/strong> \u2013 per festeggiare tanti giovani che hanno concorso quest\u2019anno, utilizzando il linguaggio del cinema per raccontare il loro tempo\u00bb.<\/p>\n<p>Va dunque <strong>ai giovani artisti dell\u2019Accademia Belle Arti di Brera, Francesco Furesi e Chenxi Li, il Premio CICP &#8211; Centro Iniziative Culturali Pordenone in ricordo di Guido Cecere<\/strong>, per l\u2019opera<strong> \u201cPlate\u201d, un brillante video apologo sull\u2019ingordigia umana. <\/strong>\u201cLa terra provvede a soddisfare abbastanza le necessit\u00e0 di ogni uomo, ma non l\u2019ingordigia di ciascuno\u201d, disse Gandhi: questo \u00e8 il punto di partenza del video, che prende in considerazione proprio una necessit\u00e0 primaria dell\u2019uomo e della donna, quella di mangiare, come metafora della bulimia del desiderio umano e della incapacit\u00e0 di godere di ci\u00f2 che si ha, e accontentarsi di quanto la vita ci offre. Segnalato, in questa categoria, il video \u201cTheSpottedStudent\u201d di <strong>Stefano Vilardo, Angela Bonan, Davide Venier Segovia e Giovanni Cavedon dell\u2019Universit\u00e0 degli Studi di Udine<\/strong>, dedicato alla ipertrofia e insieme vacuit\u00e0 di molta comunicazione in rete.<\/p>\n<p><strong>Hanno partecipato al Concorso circa 100 opere<\/strong> che hanno coinvolto studenti e insegnanti delle province italiane di Bari, Bologna, Bolzano, Brescia, Caltanissetta, Catania, Chieti, Foggia, Frosinone, Lecce, Macerata, Mantova, Milano, Napoli, Padova, Pescara, Pordenone, Ravenna, Reggio Emilia, Roma, Torino, Treviso, Treviso, Trieste, Udine, Varese, Venezia e dalla Svizzera.<\/p>\n<p><strong>Il Premio Presenza e Cultura va a \u201cLe parole del cinema<\/strong>\u201d, <strong>dell\u2019Istituto Istruzione Superiore <em>Algeri Marino<\/em> di Casoli, Chieti. <\/strong><strong>Segnalati \u201cFollow me<\/strong>\u201d della classe 4^A, Liceo Artistico <em>Enrico e Umberto Nordio<\/em> di Trieste e \u201c<strong>La Padania meridionale<\/strong>\u201d, della classe 3^A Istituto Istruzione Superiore <em>Giulio Natta<\/em> di Rivoli (To). Il <strong>Premio Centro Culturale Casa A. Zanussi va alla Scuola Primaria e Secondaria di Primo Grado dell\u2019Istituto Comprensivo <em>Matteotti<\/em> di Alfonsine, Ravenna<\/strong>, per \u201c<strong>La forza nascosta<\/strong>\u201d, classi 3^ A, B, C e D. Un omaggio alla forza deflagrante della gentilezza, che com\u2019\u00e8 noto non costa nulla, basta desiderarla &#8211; e praticarla \u2013 per generare armonia fra le persone, e cos\u00ec facendo un mondo migliore. Gli atri video testimoniano invece l\u2019importanza di combattere i razzismi e le esclusioni, e la capacit\u00e0 di esprimere emozioni reali anzich\u00e9 affidate al virtuale come ormai sempre pi\u00f9 spesso succede.<\/p>\n<p><strong>Il Premio del Comune di Pordenone va al video \u201cIl bullo in gioco\u201d delle classi 3^A e B Scuola Primaria <em>Lombardo Radice<\/em> dell\u2019Istituto Comprensivo Rorai Cappuccini di Pordenone.<\/strong> <strong>Segnalato il video \u201cLe macchine di Leonardo<\/strong>\u201d della classe 4^A Scuola Primaria <em>Emilio Girardini<\/em> di Udine.<\/p>\n<p>Il Premio Regione Friuli Venezia Giulia per un video che promuova un territorio alla scoperta dei suoi caratteri culturali, antropologici e linguistici va a<strong> \u201c<\/strong><strong>The happiest country in the world!\u201d di <\/strong><strong>Gabriele Netto di Cordenons, Liceo Leopardi-Majorana di Pordenone<\/strong>. Segnalato il video<strong> \u201cHai raggiunto la tua destinazione<\/strong>\u201d di <strong>Alice Uliana<\/strong> di Tarvisio della Scuola Secondaria di Secondo Grado dell\u2019Istituto Superiore Bachmann di Tarvisio, <strong>Anna Montanaro<\/strong> dell\u2019Universit\u00e0 degli Studi di Udine, <strong>Chezia Zanardini<\/strong> Universit\u00e0 degli Studi di Udine &#8211; Corso di Scienze e Tecnologie Multimediali, Polo di Pordenone, <strong>Elisa Pessa<\/strong>. Coordinamento dell\u2019insegnante Michela Felline, Liceo Linguistico dell\u2019Istituto Superiore di San Pietro al Natisone.<\/p>\n<p><strong>Il Pre<\/strong><strong>mio Fondazione Friuli <\/strong>per un video che coniughi espressivit\u00e0, recitazione e narrazione con humor va a Napoli e pi\u00f9 precisamente alla<strong> Scuola Secondaria di Secondo Grado dell\u2019Istituto Superiore <em>Rosario Livatino <\/em>per il video \u201cSo\u2019 vivo<\/strong>\u201d.<\/p>\n<p><strong>Il Premio Cr\u00e9dit Agricole Friuladria <\/strong>per un\u2019opera che, nelle riprese, evidenzi particolare cura della \u201cfotografia\u201d va a<strong> \u201cGenitori e figli<\/strong>\u201d <strong>della classe 3^A della Scuola Secondaria di Secondo Grado <em>Caprin<\/em> dell\u2019Istituto Comprensivo Valmaura di Trieste<\/strong>.<\/p>\n<p><strong>Le opere premiate sono duplicate in DVD a disposizione delle scuole partecipanti al Concorso.<\/strong> Potranno essere utilizzate a scopo didattico oppure come materiale di studio per corsi di aggiornamento. Resteranno inoltre a disposizione presso la Videoteca del Centro Culturale Casa A. Zanussi di Pordenone e visibili in <u><a href=\"http:\/\/www.centroculturapordenone.it\/cicp\" target=\"_blank\" rel=\"noopener\">www.centroculturapordenone.it\/cicp<\/a><\/u><\/p>\n<p>Il Concorso Internazionale di Multimedialit\u00e0 <strong>&#8220;Videocinema&#038;Scuola&#8221; <\/strong>\u00e8 giunto alla<strong> 36^ edizione, promosso dal Centro Iniziative Culturali Pordenone e da Presenza e Cultura<\/strong> e patrocinato da Mr Thorbj\u00f8rn Jagland, Segretario Generale del Consiglio d\u2019Europa, con il sostegno della Regione Autonoma Friuli Venezia Giulia, del Comune di Pordenone e di Fondazione Friuli, nonch\u00e9 la collaborazione del Centro Culturale Casa A. Zanussi, Electrolux e il contributo di Cr\u00e9dit Agricole FriulAdria.<\/p>\n","protected":false},"excerpt":{"rendered":"<p>Concorso Internazionale di Multimedialit\u00e0<\/p>\n","protected":false},"author":28,"featured_media":32893,"comment_status":"closed","ping_status":"closed","sticky":false,"template":"","format":"standard","meta":{"dwc-title":[],"dwc-content":[],"footnotes":""},"categories":[37],"tags":[],"class_list":["post-32892","post","type-post","status-publish","format-standard","has-post-thumbnail","hentry","category-cultura-e-spettacolo"],"rttpg_featured_image_url":{"full":["https:\/\/imagazine.it\/wp-content\/uploads\/2024\/01\/33409-1.webp",750,471,false],"landscape":["https:\/\/imagazine.it\/wp-content\/uploads\/2024\/01\/33409-1.webp",750,471,false],"portraits":["https:\/\/imagazine.it\/wp-content\/uploads\/2024\/01\/33409-1.webp",750,471,false],"thumbnail":["https:\/\/imagazine.it\/wp-content\/uploads\/2024\/01\/33409-1-150x150.webp",150,150,true],"medium":["https:\/\/imagazine.it\/wp-content\/uploads\/2024\/01\/33409-1-300x188.webp",300,188,true],"large":["https:\/\/imagazine.it\/wp-content\/uploads\/2024\/01\/33409-1.webp",640,402,false],"thumblist":["https:\/\/imagazine.it\/wp-content\/uploads\/2024\/01\/33409-1.webp",300,188,false],"thumbrelated":["https:\/\/imagazine.it\/wp-content\/uploads\/2024\/01\/33409-1.webp",500,314,false],"meccarouselthumb":["https:\/\/imagazine.it\/wp-content\/uploads\/2024\/01\/33409-1.webp",474,298,false],"gridsquare":["https:\/\/imagazine.it\/wp-content\/uploads\/2024\/01\/33409-1.webp",391,246,false],"tileview":["https:\/\/imagazine.it\/wp-content\/uploads\/2024\/01\/33409-1.webp",300,188,false],"1536x1536":["https:\/\/imagazine.it\/wp-content\/uploads\/2024\/01\/33409-1.webp",750,471,false],"2048x2048":["https:\/\/imagazine.it\/wp-content\/uploads\/2024\/01\/33409-1.webp",750,471,false],"newsup-slider-full":["https:\/\/imagazine.it\/wp-content\/uploads\/2024\/01\/33409-1.webp",750,471,false],"newsup-featured":["https:\/\/imagazine.it\/wp-content\/uploads\/2024\/01\/33409-1.webp",750,471,false],"newsup-medium":["https:\/\/imagazine.it\/wp-content\/uploads\/2024\/01\/33409-1-720x380.webp",720,380,true],"tptn_thumbnail":["https:\/\/imagazine.it\/wp-content\/uploads\/2024\/01\/33409-1.webp",250,157,false],"sow-carousel-default":["https:\/\/imagazine.it\/wp-content\/uploads\/2024\/01\/33409-1-272x182.webp",272,182,true]},"rttpg_author":{"display_name":"redazione","author_link":"https:\/\/imagazine.it\/home_desk\/author\/redazione\/"},"rttpg_comment":0,"rttpg_category":"<a href=\"https:\/\/imagazine.it\/home_desk\/category\/cultura-e-spettacolo\/\" rel=\"category tag\">CULTURA&amp;SPETTACOLO<\/a>","rttpg_excerpt":"Concorso Internazionale di Multimedialit\u00e0","_links":{"self":[{"href":"https:\/\/imagazine.it\/home_desk\/wp-json\/wp\/v2\/posts\/32892","targetHints":{"allow":["GET"]}}],"collection":[{"href":"https:\/\/imagazine.it\/home_desk\/wp-json\/wp\/v2\/posts"}],"about":[{"href":"https:\/\/imagazine.it\/home_desk\/wp-json\/wp\/v2\/types\/post"}],"author":[{"embeddable":true,"href":"https:\/\/imagazine.it\/home_desk\/wp-json\/wp\/v2\/users\/28"}],"replies":[{"embeddable":true,"href":"https:\/\/imagazine.it\/home_desk\/wp-json\/wp\/v2\/comments?post=32892"}],"version-history":[{"count":0,"href":"https:\/\/imagazine.it\/home_desk\/wp-json\/wp\/v2\/posts\/32892\/revisions"}],"wp:featuredmedia":[{"embeddable":true,"href":"https:\/\/imagazine.it\/home_desk\/wp-json\/wp\/v2\/media\/32893"}],"wp:attachment":[{"href":"https:\/\/imagazine.it\/home_desk\/wp-json\/wp\/v2\/media?parent=32892"}],"wp:term":[{"taxonomy":"category","embeddable":true,"href":"https:\/\/imagazine.it\/home_desk\/wp-json\/wp\/v2\/categories?post=32892"},{"taxonomy":"post_tag","embeddable":true,"href":"https:\/\/imagazine.it\/home_desk\/wp-json\/wp\/v2\/tags?post=32892"}],"curies":[{"name":"wp","href":"https:\/\/api.w.org\/{rel}","templated":true}]}}