{"id":32867,"date":"2020-03-27T00:00:00","date_gmt":"2020-03-26T23:00:00","guid":{"rendered":"https:\/\/imagazine.it\/?p=32867"},"modified":"2020-03-27T00:00:00","modified_gmt":"2020-03-26T23:00:00","slug":"grado-completa-la-cittadella-dello-sport","status":"publish","type":"post","link":"https:\/\/imagazine.it\/home_desk\/grado-completa-la-cittadella-dello-sport\/","title":{"rendered":"Grado completa la Cittadella dello Sport"},"content":{"rendered":"<p>Nella giunta di mercoled\u00ec scorso, svoltasi in videoconferenza, l&#39;amministrazione comunale di Grado ha approvato il progetto definitivo-esecutivo per il \u201cCompletamento della Cittadella dello Sport\u201d.<\/p>\n<p>Il progetto prevede la realizzazione dell&#39;impianto di illuminazione dei campi di tennis e pallavolo (plinti di sostegno e cavidotti erano gi\u00e0 stati realizzati con l&#39;intervento precedente), il rifacimento della pavimentazione del campetto di street basket attualmente impraticabile visto le numerose fessurazioni presenti sul manto, \u00a0il rifacimento della recinzione a confine con la spiaggia<br \/> e la posa di un piccolo deposito dotato di servizi igienici per il ricovero delle attrezzature del kite surf.<\/p>\n<p>&#8220;<em>Un pezzo alla volta \u2013 <\/em>dichiara l&#39;assessore ai Lavori Pubblici e Urbanistica,<strong> Fabio Fabris<\/strong><em> \u2013 stiamo ridando vita a un complesso sportivo che era stato lasciato in uno stato di abbandono. Inoltre abbiamo cercato di dare una risposta al mondo del kite surf che da tempo richiedeva una struttura di supporto per la propria attivit\u00e0<\/em>&#8220;.<\/p>\n<h6>Il progetto della Cittadella dello Sport<\/h6>\n<p><img decoding=\"async\" alt=\"\" src=\"\/ckeditor_assets\/pictures\/658\/content_cittadelladellosport-lavori1.jpg\" style=\"width: 600px; height: 363px;\" title=\"\"><\/p>\n<p>\u00c8 stato inoltre approvato lo studio di fattibilit\u00e0 generale dell&#39;intervento di \u201cManutenzione straordinaria dei serramenti del Mercato di via Duca d\u2019Aosta\u201d che prevede la sostituzione di tutti i serramenti esistenti, al fine di innalzare gli attuali livelli di sicurezza, comfort termo\/acustico e funzionalit\u00e0 di coloro i quali fruiscono della struttura, operatori commerciali e clienti da effettuarsi in pi\u00f9 lotti funzionali.<\/p>\n<p>A breve verr\u00e0 approvato il progetto definitivo del primo lotto funzionale che dovr\u00e0 essere sottoposto poi al vaglio della soprintendenza.<\/p>\n<h6>Il progetto del Mercato Coperto<\/h6>\n<p><img decoding=\"async\" alt=\"\" src=\"\/ckeditor_assets\/pictures\/659\/content_mercato-coperto-progetto.jpg\" style=\"width: 600px; height: 351px;\" title=\"\"><\/p>\n<p>L&#39;amministrazione ha approvato anche una delibera che assegna 5.000 euro alla Caritas e 5.000 euro alla Croce Rossa Italiana per far fronte alle necessit\u00e0 primarie delle persone e dei nuclei familiari pi\u00f9 fragili della comunit\u00e0.\u00a0<\/p>\n","protected":false},"excerpt":{"rendered":"<p>Approvato il progetto definitivo-esecutivo<\/p>\n","protected":false},"author":28,"featured_media":32868,"comment_status":"closed","ping_status":"closed","sticky":false,"template":"","format":"standard","meta":{"dwc-title":[],"dwc-content":[],"footnotes":""},"categories":[5],"tags":[],"class_list":["post-32867","post","type-post","status-publish","format-standard","has-post-thumbnail","hentry","category-attualita"],"rttpg_featured_image_url":{"full":["https:\/\/imagazine.it\/wp-content\/uploads\/2024\/01\/33377-1.webp",750,522,false],"landscape":["https:\/\/imagazine.it\/wp-content\/uploads\/2024\/01\/33377-1.webp",750,522,false],"portraits":["https:\/\/imagazine.it\/wp-content\/uploads\/2024\/01\/33377-1.webp",750,522,false],"thumbnail":["https:\/\/imagazine.it\/wp-content\/uploads\/2024\/01\/33377-1-150x150.webp",150,150,true],"medium":["https:\/\/imagazine.it\/wp-content\/uploads\/2024\/01\/33377-1-300x209.webp",300,209,true],"large":["https:\/\/imagazine.it\/wp-content\/uploads\/2024\/01\/33377-1.webp",640,445,false],"thumblist":["https:\/\/imagazine.it\/wp-content\/uploads\/2024\/01\/33377-1.webp",300,209,false],"thumbrelated":["https:\/\/imagazine.it\/wp-content\/uploads\/2024\/01\/33377-1.webp",500,348,false],"meccarouselthumb":["https:\/\/imagazine.it\/wp-content\/uploads\/2024\/01\/33377-1.webp",466,324,false],"gridsquare":["https:\/\/imagazine.it\/wp-content\/uploads\/2024\/01\/33377-1.webp",374,260,false],"tileview":["https:\/\/imagazine.it\/wp-content\/uploads\/2024\/01\/33377-1.webp",300,209,false],"1536x1536":["https:\/\/imagazine.it\/wp-content\/uploads\/2024\/01\/33377-1.webp",750,522,false],"2048x2048":["https:\/\/imagazine.it\/wp-content\/uploads\/2024\/01\/33377-1.webp",750,522,false],"newsup-slider-full":["https:\/\/imagazine.it\/wp-content\/uploads\/2024\/01\/33377-1.webp",750,522,false],"newsup-featured":["https:\/\/imagazine.it\/wp-content\/uploads\/2024\/01\/33377-1.webp",750,522,false],"newsup-medium":["https:\/\/imagazine.it\/wp-content\/uploads\/2024\/01\/33377-1-720x380.webp",720,380,true],"tptn_thumbnail":["https:\/\/imagazine.it\/wp-content\/uploads\/2024\/01\/33377-1.webp",250,174,false],"sow-carousel-default":["https:\/\/imagazine.it\/wp-content\/uploads\/2024\/01\/33377-1-272x182.webp",272,182,true]},"rttpg_author":{"display_name":"redazione","author_link":"https:\/\/imagazine.it\/home_desk\/author\/redazione\/"},"rttpg_comment":0,"rttpg_category":"<a href=\"https:\/\/imagazine.it\/home_desk\/category\/attualita\/\" rel=\"category tag\">ATTUALIT\u00c0<\/a>","rttpg_excerpt":"Approvato il progetto definitivo-esecutivo","_links":{"self":[{"href":"https:\/\/imagazine.it\/home_desk\/wp-json\/wp\/v2\/posts\/32867","targetHints":{"allow":["GET"]}}],"collection":[{"href":"https:\/\/imagazine.it\/home_desk\/wp-json\/wp\/v2\/posts"}],"about":[{"href":"https:\/\/imagazine.it\/home_desk\/wp-json\/wp\/v2\/types\/post"}],"author":[{"embeddable":true,"href":"https:\/\/imagazine.it\/home_desk\/wp-json\/wp\/v2\/users\/28"}],"replies":[{"embeddable":true,"href":"https:\/\/imagazine.it\/home_desk\/wp-json\/wp\/v2\/comments?post=32867"}],"version-history":[{"count":0,"href":"https:\/\/imagazine.it\/home_desk\/wp-json\/wp\/v2\/posts\/32867\/revisions"}],"wp:featuredmedia":[{"embeddable":true,"href":"https:\/\/imagazine.it\/home_desk\/wp-json\/wp\/v2\/media\/32868"}],"wp:attachment":[{"href":"https:\/\/imagazine.it\/home_desk\/wp-json\/wp\/v2\/media?parent=32867"}],"wp:term":[{"taxonomy":"category","embeddable":true,"href":"https:\/\/imagazine.it\/home_desk\/wp-json\/wp\/v2\/categories?post=32867"},{"taxonomy":"post_tag","embeddable":true,"href":"https:\/\/imagazine.it\/home_desk\/wp-json\/wp\/v2\/tags?post=32867"}],"curies":[{"name":"wp","href":"https:\/\/api.w.org\/{rel}","templated":true}]}}