{"id":32863,"date":"2020-03-27T00:00:00","date_gmt":"2020-03-26T23:00:00","guid":{"rendered":"https:\/\/imagazine.it\/?p=32863"},"modified":"2020-03-27T00:00:00","modified_gmt":"2020-03-26T23:00:00","slug":"pillole-video-per-scoprire-le-anime-di-aquileia","status":"publish","type":"post","link":"https:\/\/imagazine.it\/home_desk\/pillole-video-per-scoprire-le-anime-di-aquileia\/","title":{"rendered":"Pillole video per scoprire le anime di Aquileia"},"content":{"rendered":"<p>Aquileia apre virtualmente le porte al pubblico, in questo momento di chiusura forzata, e aderisce alla campagna del MIBAC\u00a0#ioresto a casa\u00a0con una nuova proposta on-line:\u00a0dieci narratori d\u2019eccezione saranno i protagonisti di altrettante \u201cpillole video\u201d che verranno messe in rete sul canale YouTube e Facebook della Fondazione Aquileia a partire da oggi, venerd\u00ec 27 marzo.<\/p>\n<p>\u00abDue volte alla settimana cercheremo di sollevare un velo \u2013 spiega il presidente della Fondazione, <strong>Antonio Zanardi Landi <\/strong>\u2013 sulle tante anime di Aquileia, provando a restituire la complessit\u00e0 della sua eredit\u00e0 storica e la vitalit\u00e0 della grande citt\u00e0 cosmopolita che fu nei secoli passati.\u00a0Il patrimonio di Aquileia appartiene a tutti e in questo momento abbiamo pensato di condividerlo attraverso dieci video dalla durata di tre minuti realizzati grazie a un nuovo montaggio dei materiali girati per il film \u201cLe tre vite di Aquileia\u201d, realizzato da 3D Produzioni in collaborazione con Sky Arte e Istituto Luce Cinecitt\u00e0, con la regia di Giovanni Piscaglia\u00bb.<\/p>\n<p>Si partir\u00e0 da \u201c<strong>Aquileia e il suo patrimonio<\/strong>\u201d con un excursus a cura di Antonio Zanardi Landi, poi \u201c<strong>Il patrimonio epigrafico<\/strong>\u201d narrato da <strong>Claudio Zaccaria<\/strong>, professore emerito dell\u2019Universit\u00e0 degli Studi di Trieste, a seguire\u00a0<strong>\u201cAquileia e il Mediterraneo\u201d\u00a0<\/strong>illustrati da\u00a0<strong>Cristiano Tiussi<\/strong>, archeologo e direttore della Fondazione Aquileia. Si scoprir\u00e0 poi \u201c<strong>Il Museo Archeologico Nazionale<\/strong>\u201d attraverso l\u2019intervista alla direttrice\u00a0<strong>Marta Novello<\/strong> e\u00a0<strong>Le Domus di Aquileia<\/strong>\u00a0attraverso le parole di <strong>Francesca Ghedini<\/strong>, professoressa emerita dell\u2019Universit\u00e0 degli Studi di Padova.<\/p>\n<p>A seguire le puntate su\u00a0\u201c<strong>Le perle archeologiche nel Fondo Pasqualis<\/strong>\u201d\u00a0con protagonista la professoressa <strong>Patrizia Basso<\/strong> dell\u2019Universit\u00e0 degli Studi di Verona, mentre l\u2019archeologo <strong>Luca Villa<\/strong> spiegher\u00e0 la storia millenaria della \u201c<strong>Basilica e della Cripta degli Scavi\u201d.\u00a0\u00a0<\/strong>Degli &#8220;a<strong>ffreschi dell\u2019abside della Basilica<\/strong>&#8221; parler\u00e0 la professoressa <strong>Enrica Cozzi<\/strong>, il professor <strong>Alberto Mario<\/strong> <strong>Banti<\/strong> illustrer\u00e0 la storia del<strong>\u00a0milite ignoto<\/strong>, Cristiano Tiussi e Luca Villa racconteranno il \u201c<strong>Palazzo Episcopale e Sudhalle\u201d\u00a0<\/strong>e lo stesso direttore Tiussi chiuder\u00e0 la serie con gli\u00a0<strong>Open Day e i giovani archeologi ad Aquileia.<\/strong><\/p>\n","protected":false},"excerpt":{"rendered":"<p>Tratte dal film \u201cLe tre vite di Aquileia\u201d<\/p>\n","protected":false},"author":28,"featured_media":32864,"comment_status":"closed","ping_status":"closed","sticky":false,"template":"","format":"standard","meta":{"dwc-title":[],"dwc-content":[],"footnotes":""},"categories":[37],"tags":[],"class_list":["post-32863","post","type-post","status-publish","format-standard","has-post-thumbnail","hentry","category-cultura-e-spettacolo"],"rttpg_featured_image_url":{"full":["https:\/\/imagazine.it\/wp-content\/uploads\/2024\/01\/33373-1.webp",750,498,false],"landscape":["https:\/\/imagazine.it\/wp-content\/uploads\/2024\/01\/33373-1.webp",750,498,false],"portraits":["https:\/\/imagazine.it\/wp-content\/uploads\/2024\/01\/33373-1.webp",750,498,false],"thumbnail":["https:\/\/imagazine.it\/wp-content\/uploads\/2024\/01\/33373-1-150x150.webp",150,150,true],"medium":["https:\/\/imagazine.it\/wp-content\/uploads\/2024\/01\/33373-1-300x199.webp",300,199,true],"large":["https:\/\/imagazine.it\/wp-content\/uploads\/2024\/01\/33373-1.webp",640,425,false],"thumblist":["https:\/\/imagazine.it\/wp-content\/uploads\/2024\/01\/33373-1.webp",300,199,false],"thumbrelated":["https:\/\/imagazine.it\/wp-content\/uploads\/2024\/01\/33373-1.webp",500,332,false],"meccarouselthumb":["https:\/\/imagazine.it\/wp-content\/uploads\/2024\/01\/33373-1.webp",474,315,false],"gridsquare":["https:\/\/imagazine.it\/wp-content\/uploads\/2024\/01\/33373-1.webp",391,260,false],"tileview":["https:\/\/imagazine.it\/wp-content\/uploads\/2024\/01\/33373-1.webp",300,199,false],"1536x1536":["https:\/\/imagazine.it\/wp-content\/uploads\/2024\/01\/33373-1.webp",750,498,false],"2048x2048":["https:\/\/imagazine.it\/wp-content\/uploads\/2024\/01\/33373-1.webp",750,498,false],"newsup-slider-full":["https:\/\/imagazine.it\/wp-content\/uploads\/2024\/01\/33373-1.webp",750,498,false],"newsup-featured":["https:\/\/imagazine.it\/wp-content\/uploads\/2024\/01\/33373-1.webp",750,498,false],"newsup-medium":["https:\/\/imagazine.it\/wp-content\/uploads\/2024\/01\/33373-1-720x380.webp",720,380,true],"tptn_thumbnail":["https:\/\/imagazine.it\/wp-content\/uploads\/2024\/01\/33373-1.webp",250,166,false],"sow-carousel-default":["https:\/\/imagazine.it\/wp-content\/uploads\/2024\/01\/33373-1-272x182.webp",272,182,true]},"rttpg_author":{"display_name":"redazione","author_link":"https:\/\/imagazine.it\/home_desk\/author\/redazione\/"},"rttpg_comment":0,"rttpg_category":"<a href=\"https:\/\/imagazine.it\/home_desk\/category\/cultura-e-spettacolo\/\" rel=\"category tag\">CULTURA&amp;SPETTACOLO<\/a>","rttpg_excerpt":"Tratte dal film \u201cLe tre vite di Aquileia\u201d","_links":{"self":[{"href":"https:\/\/imagazine.it\/home_desk\/wp-json\/wp\/v2\/posts\/32863","targetHints":{"allow":["GET"]}}],"collection":[{"href":"https:\/\/imagazine.it\/home_desk\/wp-json\/wp\/v2\/posts"}],"about":[{"href":"https:\/\/imagazine.it\/home_desk\/wp-json\/wp\/v2\/types\/post"}],"author":[{"embeddable":true,"href":"https:\/\/imagazine.it\/home_desk\/wp-json\/wp\/v2\/users\/28"}],"replies":[{"embeddable":true,"href":"https:\/\/imagazine.it\/home_desk\/wp-json\/wp\/v2\/comments?post=32863"}],"version-history":[{"count":0,"href":"https:\/\/imagazine.it\/home_desk\/wp-json\/wp\/v2\/posts\/32863\/revisions"}],"wp:featuredmedia":[{"embeddable":true,"href":"https:\/\/imagazine.it\/home_desk\/wp-json\/wp\/v2\/media\/32864"}],"wp:attachment":[{"href":"https:\/\/imagazine.it\/home_desk\/wp-json\/wp\/v2\/media?parent=32863"}],"wp:term":[{"taxonomy":"category","embeddable":true,"href":"https:\/\/imagazine.it\/home_desk\/wp-json\/wp\/v2\/categories?post=32863"},{"taxonomy":"post_tag","embeddable":true,"href":"https:\/\/imagazine.it\/home_desk\/wp-json\/wp\/v2\/tags?post=32863"}],"curies":[{"name":"wp","href":"https:\/\/api.w.org\/{rel}","templated":true}]}}