{"id":32859,"date":"2020-03-26T00:00:00","date_gmt":"2020-03-25T23:00:00","guid":{"rendered":"https:\/\/imagazine.it\/?p=32859"},"modified":"2020-03-26T00:00:00","modified_gmt":"2020-03-25T23:00:00","slug":"fibra-ottica-per-le-scuole-in-arrivo-45-milioni-di-euro-in-fvg","status":"publish","type":"post","link":"https:\/\/imagazine.it\/home_desk\/fibra-ottica-per-le-scuole-in-arrivo-45-milioni-di-euro-in-fvg\/","title":{"rendered":"Fibra ottica per le scuole, in arrivo 4,5 milioni di euro in FVG"},"content":{"rendered":"<p>&#8220;A partire dal prossimo anno scolastico 2020-2021, tutte le scuole e gli enti di formazione del Friuli Venezia Giulia saranno dotati di collegamento in fibra ottica ad almeno un giga e potranno fare della didattica a distanza, sperimentata in queste settimane di emergenza epidemiologica, uno strumento da utilizzare abitualmente e con regolarit\u00e0&#8221;.<\/p>\n<p>Lo ha affermato l&#39;assessore regionale ai Sistemi informativi, <strong>Sebastiano Callari<\/strong>, che in qualit\u00e0 di coordinatore della Commissione speciale Agenda digitale della Conferenza delle Regioni e delle Province autonome, ha partecipato in videoconferenza alla seduta del Comitato per la Banda Ultralarga (Cobul) convocata dal ministro <strong>Paola Pisano<\/strong>.<\/p>\n<p>&#8220;Il Friuli Venezia Giulia &#8211; ha spiegato Callari &#8211; \u00e8 tra le poche Regioni in Italia che, grazie alla propria societ\u00e0 Ict in house Insiel spa, sar\u00e0 in grado di realizzare direttamente gli interventi necessari alla connessione in fibra dei plessi scolastici, senza dover ricorrere al supporto di Infratel. Per questa operazione avr\u00e0 a disposizione circa 4,5 milioni di euro provenienti dai fondi legati ai voucher di incentivo alla domanda per i quali non erano stati ancora individuati i destinatari finali&#8221;.<\/p>\n<p>&#8220;Quella di intervenire sulle scuole \u00e8 una priorit\u00e0 che la stessa Conferenza delle Regioni e delle Province autonome ha posto all&#39;attenzione dell&#39;odierna riunione del Cobul &#8211; ha proseguito Callari &#8211; insieme all&#39;evidenza di una seconda emergenza non meno immediata: la digitalizzazione delle imprese. Le aziende, e l&#39;esperienza del Covid-19 lo ha dimostrato, hanno bisogno di analoghe infrastrutturazioni per recuperare la loro competitivit\u00e0 e svolgere, quando e se necessario, una serie di attivit\u00e0 in smart working o sviluppare iniziative di e-commerce&#8221;.<\/p>\n<p>La digitalizzazione delle imprese sar\u00e0 tra i punti dell&#39;ordine del giorno della prossima riunione del Cobul in programma tra due settimane, anche alla luce di alcune verifiche che dovr\u00e0 compiere il Comitato tecnico, tra le quali una mappatura dei soggetti potenzialmente interessati e dei reali bisogni. Permangono intanto le problematiche e i ritardi legati all&#39;attuazione del Piano nazionale per la Banda Ultra Larga relativamente alle infrastrutturazioni delle cosiddette &#8220;aree bianche&#8221;: &#8221; \u00c8 una situazione di stallo &#8211; ha concluso Callari &#8211; ritenuta inaccettabile dalle Regioni e per la quale abbiamo richiesto un intervento diretto della Presidenza del Consiglio dei ministri anche in relazione al rischio per le Amministrazioni regionali di perdere i fondi europei investiti nella co-progettazione delle opere non ancora concluse e in alcuni casi, nemmeno iniziate&#8221;.\u00a0<\/p>\n","protected":false},"excerpt":{"rendered":"<p>Anche per gli enti di formazione<\/p>\n","protected":false},"author":28,"featured_media":32860,"comment_status":"closed","ping_status":"closed","sticky":false,"template":"","format":"standard","meta":{"dwc-title":[],"dwc-content":[],"footnotes":""},"categories":[5],"tags":[],"class_list":["post-32859","post","type-post","status-publish","format-standard","has-post-thumbnail","hentry","category-attualita"],"rttpg_featured_image_url":{"full":["https:\/\/imagazine.it\/wp-content\/uploads\/2024\/01\/33369-1.webp",750,445,false],"landscape":["https:\/\/imagazine.it\/wp-content\/uploads\/2024\/01\/33369-1.webp",750,445,false],"portraits":["https:\/\/imagazine.it\/wp-content\/uploads\/2024\/01\/33369-1.webp",750,445,false],"thumbnail":["https:\/\/imagazine.it\/wp-content\/uploads\/2024\/01\/33369-1-150x150.webp",150,150,true],"medium":["https:\/\/imagazine.it\/wp-content\/uploads\/2024\/01\/33369-1-300x178.webp",300,178,true],"large":["https:\/\/imagazine.it\/wp-content\/uploads\/2024\/01\/33369-1.webp",640,380,false],"thumblist":["https:\/\/imagazine.it\/wp-content\/uploads\/2024\/01\/33369-1.webp",300,178,false],"thumbrelated":["https:\/\/imagazine.it\/wp-content\/uploads\/2024\/01\/33369-1.webp",500,297,false],"meccarouselthumb":["https:\/\/imagazine.it\/wp-content\/uploads\/2024\/01\/33369-1.webp",474,281,false],"gridsquare":["https:\/\/imagazine.it\/wp-content\/uploads\/2024\/01\/33369-1.webp",391,232,false],"tileview":["https:\/\/imagazine.it\/wp-content\/uploads\/2024\/01\/33369-1.webp",300,178,false],"1536x1536":["https:\/\/imagazine.it\/wp-content\/uploads\/2024\/01\/33369-1.webp",750,445,false],"2048x2048":["https:\/\/imagazine.it\/wp-content\/uploads\/2024\/01\/33369-1.webp",750,445,false],"newsup-slider-full":["https:\/\/imagazine.it\/wp-content\/uploads\/2024\/01\/33369-1.webp",750,445,false],"newsup-featured":["https:\/\/imagazine.it\/wp-content\/uploads\/2024\/01\/33369-1.webp",750,445,false],"newsup-medium":["https:\/\/imagazine.it\/wp-content\/uploads\/2024\/01\/33369-1-720x380.webp",720,380,true],"tptn_thumbnail":["https:\/\/imagazine.it\/wp-content\/uploads\/2024\/01\/33369-1.webp",250,148,false],"sow-carousel-default":["https:\/\/imagazine.it\/wp-content\/uploads\/2024\/01\/33369-1-272x182.webp",272,182,true]},"rttpg_author":{"display_name":"redazione","author_link":"https:\/\/imagazine.it\/home_desk\/author\/redazione\/"},"rttpg_comment":0,"rttpg_category":"<a href=\"https:\/\/imagazine.it\/home_desk\/category\/attualita\/\" rel=\"category tag\">ATTUALIT\u00c0<\/a>","rttpg_excerpt":"Anche per gli enti di formazione","_links":{"self":[{"href":"https:\/\/imagazine.it\/home_desk\/wp-json\/wp\/v2\/posts\/32859","targetHints":{"allow":["GET"]}}],"collection":[{"href":"https:\/\/imagazine.it\/home_desk\/wp-json\/wp\/v2\/posts"}],"about":[{"href":"https:\/\/imagazine.it\/home_desk\/wp-json\/wp\/v2\/types\/post"}],"author":[{"embeddable":true,"href":"https:\/\/imagazine.it\/home_desk\/wp-json\/wp\/v2\/users\/28"}],"replies":[{"embeddable":true,"href":"https:\/\/imagazine.it\/home_desk\/wp-json\/wp\/v2\/comments?post=32859"}],"version-history":[{"count":0,"href":"https:\/\/imagazine.it\/home_desk\/wp-json\/wp\/v2\/posts\/32859\/revisions"}],"wp:featuredmedia":[{"embeddable":true,"href":"https:\/\/imagazine.it\/home_desk\/wp-json\/wp\/v2\/media\/32860"}],"wp:attachment":[{"href":"https:\/\/imagazine.it\/home_desk\/wp-json\/wp\/v2\/media?parent=32859"}],"wp:term":[{"taxonomy":"category","embeddable":true,"href":"https:\/\/imagazine.it\/home_desk\/wp-json\/wp\/v2\/categories?post=32859"},{"taxonomy":"post_tag","embeddable":true,"href":"https:\/\/imagazine.it\/home_desk\/wp-json\/wp\/v2\/tags?post=32859"}],"curies":[{"name":"wp","href":"https:\/\/api.w.org\/{rel}","templated":true}]}}