{"id":32851,"date":"2020-03-26T00:00:00","date_gmt":"2020-03-25T23:00:00","guid":{"rendered":"https:\/\/imagazine.it\/?p=32851"},"modified":"2020-03-26T00:00:00","modified_gmt":"2020-03-25T23:00:00","slug":"santa-maria-la-longa-espone-i-disegni-di-speranza-dei-bambini","status":"publish","type":"post","link":"https:\/\/imagazine.it\/home_desk\/santa-maria-la-longa-espone-i-disegni-di-speranza-dei-bambini\/","title":{"rendered":"Santa Maria la Longa espone i disegni di speranza dei bambini"},"content":{"rendered":"<p>Chi meglio dei bambini pu\u00f2 colorare le giornate che stiamo vivendo?<\/p>\n<p>Partendo da questo presupposto il consigliere con delega alle politiche giovanili del Comune di Santa Maria la Longa, <strong>Alice De Sabbata<\/strong>, e l&#39;assessore all&#39;istruzione, <strong>Michele Cignacco<\/strong>, hanno invitato i bambini delle scuole del territorio comunale a disegnare un arcobaleno con l\u2019hashtag #andr\u00e1tuttobene, leitmotiv che d\u00e0 speranza in questo momento complicato.<\/p>\n<p>Per i bambini questo gioco \u00e8 arrivato proprio nel momento giusto e si sono dati da fare, cosicch\u00e9 in pochi giorni sono arrivati alla mail del Comune una cinquantina di disegni, di varie grandezze e tecniche, tanto che \u00e8 parsa giusta l&#39;idea di esporre sull&#39;edificio comunale un telo con i disegni prodotti, nella speranza e con l&#39;intento che questo rincuori tutti (grandi, piccoli e specialmente i nonni e le nonne): un modo per far vedere virtualmente la luce in fondo al tunnel.<\/p>\n<p>Un ringraziamento va al Comitato Genitori, un gruppo di persone sempre pronto ad affiancare l&#39;amministrazione comunale, che ha finanziato \u201cl&#39;opera\u201d, realizzata da Arte Grafica, azienda del territorio che subito ha sposato l\u2019idea di questa realizzazione.<\/p>\n<p>&#8220;I bambini, per la loro immaginazione, inventiva ed entusiasmo \u2013 spiega l\u2019assessore Cignacco \u2013 sono la speranza di tutti noi, con il loro impeto e la loro innocenza riescono a trascinarci nella positivit\u00e0 pur nel momento difficile che stiamo vivendo, e come si \u00e8 visto a loro viene facile: \u00e8 bastato un foglio e dei colori&#8221;.<\/p>\n","protected":false},"excerpt":{"rendered":"<p>Visibili all&#8217;esterno del municipio<\/p>\n","protected":false},"author":22,"featured_media":32852,"comment_status":"closed","ping_status":"closed","sticky":false,"template":"","format":"standard","meta":{"dwc-title":[],"dwc-content":[],"footnotes":""},"categories":[5],"tags":[],"class_list":["post-32851","post","type-post","status-publish","format-standard","has-post-thumbnail","hentry","category-attualita"],"rttpg_featured_image_url":{"full":["https:\/\/imagazine.it\/wp-content\/uploads\/2024\/01\/33363-1.webp",750,469,false],"landscape":["https:\/\/imagazine.it\/wp-content\/uploads\/2024\/01\/33363-1.webp",750,469,false],"portraits":["https:\/\/imagazine.it\/wp-content\/uploads\/2024\/01\/33363-1.webp",750,469,false],"thumbnail":["https:\/\/imagazine.it\/wp-content\/uploads\/2024\/01\/33363-1-150x150.webp",150,150,true],"medium":["https:\/\/imagazine.it\/wp-content\/uploads\/2024\/01\/33363-1-300x188.webp",300,188,true],"large":["https:\/\/imagazine.it\/wp-content\/uploads\/2024\/01\/33363-1.webp",640,400,false],"thumblist":["https:\/\/imagazine.it\/wp-content\/uploads\/2024\/01\/33363-1.webp",300,188,false],"thumbrelated":["https:\/\/imagazine.it\/wp-content\/uploads\/2024\/01\/33363-1.webp",500,313,false],"meccarouselthumb":["https:\/\/imagazine.it\/wp-content\/uploads\/2024\/01\/33363-1.webp",474,296,false],"gridsquare":["https:\/\/imagazine.it\/wp-content\/uploads\/2024\/01\/33363-1.webp",391,245,false],"tileview":["https:\/\/imagazine.it\/wp-content\/uploads\/2024\/01\/33363-1.webp",300,188,false],"1536x1536":["https:\/\/imagazine.it\/wp-content\/uploads\/2024\/01\/33363-1.webp",750,469,false],"2048x2048":["https:\/\/imagazine.it\/wp-content\/uploads\/2024\/01\/33363-1.webp",750,469,false],"newsup-slider-full":["https:\/\/imagazine.it\/wp-content\/uploads\/2024\/01\/33363-1.webp",750,469,false],"newsup-featured":["https:\/\/imagazine.it\/wp-content\/uploads\/2024\/01\/33363-1.webp",750,469,false],"newsup-medium":["https:\/\/imagazine.it\/wp-content\/uploads\/2024\/01\/33363-1-720x380.webp",720,380,true],"tptn_thumbnail":["https:\/\/imagazine.it\/wp-content\/uploads\/2024\/01\/33363-1.webp",250,156,false],"sow-carousel-default":["https:\/\/imagazine.it\/wp-content\/uploads\/2024\/01\/33363-1-272x182.webp",272,182,true]},"rttpg_author":{"display_name":"Livio Nonis","author_link":"https:\/\/imagazine.it\/home_desk\/author\/nonis\/"},"rttpg_comment":0,"rttpg_category":"<a href=\"https:\/\/imagazine.it\/home_desk\/category\/attualita\/\" rel=\"category tag\">ATTUALIT\u00c0<\/a>","rttpg_excerpt":"Visibili all'esterno del municipio","_links":{"self":[{"href":"https:\/\/imagazine.it\/home_desk\/wp-json\/wp\/v2\/posts\/32851","targetHints":{"allow":["GET"]}}],"collection":[{"href":"https:\/\/imagazine.it\/home_desk\/wp-json\/wp\/v2\/posts"}],"about":[{"href":"https:\/\/imagazine.it\/home_desk\/wp-json\/wp\/v2\/types\/post"}],"author":[{"embeddable":true,"href":"https:\/\/imagazine.it\/home_desk\/wp-json\/wp\/v2\/users\/22"}],"replies":[{"embeddable":true,"href":"https:\/\/imagazine.it\/home_desk\/wp-json\/wp\/v2\/comments?post=32851"}],"version-history":[{"count":0,"href":"https:\/\/imagazine.it\/home_desk\/wp-json\/wp\/v2\/posts\/32851\/revisions"}],"wp:featuredmedia":[{"embeddable":true,"href":"https:\/\/imagazine.it\/home_desk\/wp-json\/wp\/v2\/media\/32852"}],"wp:attachment":[{"href":"https:\/\/imagazine.it\/home_desk\/wp-json\/wp\/v2\/media?parent=32851"}],"wp:term":[{"taxonomy":"category","embeddable":true,"href":"https:\/\/imagazine.it\/home_desk\/wp-json\/wp\/v2\/categories?post=32851"},{"taxonomy":"post_tag","embeddable":true,"href":"https:\/\/imagazine.it\/home_desk\/wp-json\/wp\/v2\/tags?post=32851"}],"curies":[{"name":"wp","href":"https:\/\/api.w.org\/{rel}","templated":true}]}}