{"id":32849,"date":"2020-03-26T00:00:00","date_gmt":"2020-03-25T23:00:00","guid":{"rendered":"https:\/\/imagazine.it\/?p=32849"},"modified":"2020-03-26T00:00:00","modified_gmt":"2020-03-25T23:00:00","slug":"udine-raccolti-220-mila-euro-per-lospedale","status":"publish","type":"post","link":"https:\/\/imagazine.it\/home_desk\/udine-raccolti-220-mila-euro-per-lospedale\/","title":{"rendered":"Udine, raccolti 220 mila euro per l&#8217;ospedale"},"content":{"rendered":"<p>Ammonta a<strong> 220 mila euro <\/strong>la somma raccolta da <strong>Confindustria Udine<\/strong> a sostegno del<strong> Dipartimento di anestesia e rianimazione dell\u2019Azienda sanitaria universitaria integrata di Udine<\/strong>.<\/p>\n<p>La presidente di Confindustria Udine, <strong>Anna Mareschi Danieli<\/strong>, una settimana fa aveva aperto la raccolta fondi, appellandosi alla sensibilit\u00e0 degli imprenditori friulani con una comunicazione inviata a tutte le imprese associate. E la risposta \u00e8 stata immediata.<\/p>\n<p>\u201cRingrazio tutti quelli che hanno risposto all\u2019appello \u2013 commenta Mareschi Danieli \u2013 a testimonianza, ancora una volta, della capacit\u00e0 dei friulani, dei nostri imprenditori, delle istituzioni e dei privati cittadini di reagire in modo solidale alle difficolt\u00e0. In particolare, mi ha fatto piacere sapere che alcune persone, che nulla hanno a che fare con il mondo dell\u2019impresa, hanno scelto noi e la nostra sottoscrizione, tra le tante, perch\u00e9 hanno fiducia in Confindustria\u201d.<\/p>\n<p>\u201cIl nostro ruolo di imprenditori \u2013 continua la presidente \u2013 \u00e8 quello di essere guida, garanzia e tutela per i nostri collaboratori, per le loro famiglie e per la societ\u00e0 civile. Essere grati a chi \u00e8 in prima linea, sul fronte sanitario, per contrastare questa emergenza \u00e8 un dovere morale. Essere solidali anche in modo concreto \u00e8 un dovere civico\u201d.<\/p>\n<p>\u201cIn questa fase di emergenza \u2013 afferma Anna Mareschi Danieli \u2013 ci rendiamo conto di quanto la nostra tanto bistrattata sanit\u00e0 pubblica sia in realt\u00e0 una garanzia per la salute di tutti noi. Non \u00e8 mai troppo tardi e ben venga un\u2019accresciuta consapevolezza sulla necessit\u00e0 di sostenerla. Alla nostra sanit\u00e0 servono, oltre ai presidi necessari per fronteggiare l\u2019emergenza, anche strumenti diagnostici e di ricerca. In questo modo sar\u00e0 possibile definire pi\u00f9 rapidamente un profilo di rischio della popolazione che permetta di sviluppare approcci preventivi sia rispetto all\u2019attuale epidemia, sia nei confronti di altri virus, oltre a sviluppare terapie efficaci nel medio-lungo termine\u201d.<\/p>\n<p>\u201cPer questa ragione \u2013 conclude la presidente \u2013 ci auguriamo che le risorse pubbliche e le donazioni private che stanno arrivando a sostegno del sistema sanitario, siano utilizzate anche per l&#39;acquisto di macchinari e dispositivi per aumentare la loro capacit\u00e0 di screening e di diagnosi e per consentire, in conformit\u00e0 alle linee-guida sanitarie, una estensione delle campagne di monitoraggio, a partire dagli operatori sanitari, dalle residenze sanitarie, dai lavoratori oggi impegnati nei servizi pubblici e privati indispensabili per poi coprire, quanto pi\u00f9 possibile, il resto dei lavoratori e della popolazione\u201d.<\/p>\n","protected":false},"excerpt":{"rendered":"<p>Campagna di Confindustria<\/p>\n","protected":false},"author":28,"featured_media":32850,"comment_status":"closed","ping_status":"closed","sticky":false,"template":"","format":"standard","meta":{"dwc-title":[],"dwc-content":[],"footnotes":""},"categories":[5],"tags":[],"class_list":["post-32849","post","type-post","status-publish","format-standard","has-post-thumbnail","hentry","category-attualita"],"rttpg_featured_image_url":{"full":["https:\/\/imagazine.it\/wp-content\/uploads\/2024\/01\/33360-1.webp",755,539,false],"landscape":["https:\/\/imagazine.it\/wp-content\/uploads\/2024\/01\/33360-1.webp",755,539,false],"portraits":["https:\/\/imagazine.it\/wp-content\/uploads\/2024\/01\/33360-1.webp",755,539,false],"thumbnail":["https:\/\/imagazine.it\/wp-content\/uploads\/2024\/01\/33360-1-150x150.webp",150,150,true],"medium":["https:\/\/imagazine.it\/wp-content\/uploads\/2024\/01\/33360-1-300x214.webp",300,214,true],"large":["https:\/\/imagazine.it\/wp-content\/uploads\/2024\/01\/33360-1.webp",640,457,false],"thumblist":["https:\/\/imagazine.it\/wp-content\/uploads\/2024\/01\/33360-1.webp",300,214,false],"thumbrelated":["https:\/\/imagazine.it\/wp-content\/uploads\/2024\/01\/33360-1.webp",500,357,false],"meccarouselthumb":["https:\/\/imagazine.it\/wp-content\/uploads\/2024\/01\/33360-1.webp",454,324,false],"gridsquare":["https:\/\/imagazine.it\/wp-content\/uploads\/2024\/01\/33360-1.webp",364,260,false],"tileview":["https:\/\/imagazine.it\/wp-content\/uploads\/2024\/01\/33360-1.webp",300,214,false],"1536x1536":["https:\/\/imagazine.it\/wp-content\/uploads\/2024\/01\/33360-1.webp",755,539,false],"2048x2048":["https:\/\/imagazine.it\/wp-content\/uploads\/2024\/01\/33360-1.webp",755,539,false],"newsup-slider-full":["https:\/\/imagazine.it\/wp-content\/uploads\/2024\/01\/33360-1.webp",755,539,false],"newsup-featured":["https:\/\/imagazine.it\/wp-content\/uploads\/2024\/01\/33360-1.webp",755,539,false],"newsup-medium":["https:\/\/imagazine.it\/wp-content\/uploads\/2024\/01\/33360-1-720x380.webp",720,380,true],"tptn_thumbnail":["https:\/\/imagazine.it\/wp-content\/uploads\/2024\/01\/33360-1.webp",250,178,false],"sow-carousel-default":["https:\/\/imagazine.it\/wp-content\/uploads\/2024\/01\/33360-1-272x182.webp",272,182,true]},"rttpg_author":{"display_name":"redazione","author_link":"https:\/\/imagazine.it\/home_desk\/author\/redazione\/"},"rttpg_comment":0,"rttpg_category":"<a href=\"https:\/\/imagazine.it\/home_desk\/category\/attualita\/\" rel=\"category tag\">ATTUALIT\u00c0<\/a>","rttpg_excerpt":"Campagna di Confindustria","_links":{"self":[{"href":"https:\/\/imagazine.it\/home_desk\/wp-json\/wp\/v2\/posts\/32849","targetHints":{"allow":["GET"]}}],"collection":[{"href":"https:\/\/imagazine.it\/home_desk\/wp-json\/wp\/v2\/posts"}],"about":[{"href":"https:\/\/imagazine.it\/home_desk\/wp-json\/wp\/v2\/types\/post"}],"author":[{"embeddable":true,"href":"https:\/\/imagazine.it\/home_desk\/wp-json\/wp\/v2\/users\/28"}],"replies":[{"embeddable":true,"href":"https:\/\/imagazine.it\/home_desk\/wp-json\/wp\/v2\/comments?post=32849"}],"version-history":[{"count":0,"href":"https:\/\/imagazine.it\/home_desk\/wp-json\/wp\/v2\/posts\/32849\/revisions"}],"wp:featuredmedia":[{"embeddable":true,"href":"https:\/\/imagazine.it\/home_desk\/wp-json\/wp\/v2\/media\/32850"}],"wp:attachment":[{"href":"https:\/\/imagazine.it\/home_desk\/wp-json\/wp\/v2\/media?parent=32849"}],"wp:term":[{"taxonomy":"category","embeddable":true,"href":"https:\/\/imagazine.it\/home_desk\/wp-json\/wp\/v2\/categories?post=32849"},{"taxonomy":"post_tag","embeddable":true,"href":"https:\/\/imagazine.it\/home_desk\/wp-json\/wp\/v2\/tags?post=32849"}],"curies":[{"name":"wp","href":"https:\/\/api.w.org\/{rel}","templated":true}]}}