{"id":32841,"date":"2020-03-25T00:00:00","date_gmt":"2020-03-24T23:00:00","guid":{"rendered":"https:\/\/imagazine.it\/?p=32841"},"modified":"2020-03-25T00:00:00","modified_gmt":"2020-03-24T23:00:00","slug":"fvg-in-arrivo-le-mascherine-per-la-popolazione","status":"publish","type":"post","link":"https:\/\/imagazine.it\/home_desk\/fvg-in-arrivo-le-mascherine-per-la-popolazione\/","title":{"rendered":"FVG, in arrivo le mascherine per la popolazione"},"content":{"rendered":"<p>In queste ore \u00e8 iniziata la distribuzione ai cittadini del Friuli Venezia Giulia delle mascherine prodotte da alcune aziende del territorio.<\/p>\n<p>A darne notizia sono il governatore, <strong>Massimiliano Fedriga<\/strong>, e il vicegovernatore con delega alla Salute e Protezione civile, <strong>Riccardo Riccardi<\/strong>.<br \/> Le prime mascherine sono state distribuite in due comuni: Socchieve in Carnia e San Martino al Tagliamento nel Pordenonese. Quest&#39;ultimo centro ha registrato 16 positivi da Covid-19 su mille residenti.<\/p>\n<p>Sono una decina le imprese del Friuli Venezia Giulia che hanno risposto al bando pubblico della Regione e si sono attivate per produrre mascherine per la popolazione. Da domani la produzione sar\u00e0 di 20 mila dispositivi al giorno. Quantitativo che potrebbe aumentare in caso di nuove adesioni da parte delle aziende regionali.<\/p>\n<p>Ogni persona avr\u00e0 a disposizione due mascherine lavabili fino a 20 volte e quindi riutilizzabili per 40 giorni. Questi dispositivi, realizzati con materiale non tossico, hanno un grado di filtrazione di 5 micron per contenere le particelle salivali e ridurre la diffusione del contagio da coronavirus.<\/p>\n<p>Nei prossimi giorni la Protezione civile contatter\u00e0 i singoli comuni che provvederanno autonomamente e secondo le modalit\u00e0 pi\u00f9 efficaci in ogni zona a consegnare le mascherine ai loro cittadini. In via prioritaria saranno coperte quelle aree dove l&#39;epidemia si \u00e8 mostrata particolarmente aggressiva.<\/p>\n<p>L&#39;obiettivo auspicato dalla Regione \u00e8 quello di raggiungere la totalit\u00e0 delle persone. Questo sar\u00e0 possibile nel caso si riuscisse ad aumentare la produzione giornaliera dei dispositivi di protezione.<\/p>\n","protected":false},"excerpt":{"rendered":"<p>La distribuzione affidata ai singoli comuni<\/p>\n","protected":false},"author":28,"featured_media":32842,"comment_status":"closed","ping_status":"closed","sticky":false,"template":"","format":"standard","meta":{"dwc-title":[],"dwc-content":[],"footnotes":""},"categories":[5],"tags":[],"class_list":["post-32841","post","type-post","status-publish","format-standard","has-post-thumbnail","hentry","category-attualita"],"rttpg_featured_image_url":{"full":["https:\/\/imagazine.it\/wp-content\/uploads\/2024\/01\/33355-1.webp",750,422,false],"landscape":["https:\/\/imagazine.it\/wp-content\/uploads\/2024\/01\/33355-1.webp",750,422,false],"portraits":["https:\/\/imagazine.it\/wp-content\/uploads\/2024\/01\/33355-1.webp",750,422,false],"thumbnail":["https:\/\/imagazine.it\/wp-content\/uploads\/2024\/01\/33355-1-150x150.webp",150,150,true],"medium":["https:\/\/imagazine.it\/wp-content\/uploads\/2024\/01\/33355-1-300x169.webp",300,169,true],"large":["https:\/\/imagazine.it\/wp-content\/uploads\/2024\/01\/33355-1.webp",640,360,false],"thumblist":["https:\/\/imagazine.it\/wp-content\/uploads\/2024\/01\/33355-1.webp",300,169,false],"thumbrelated":["https:\/\/imagazine.it\/wp-content\/uploads\/2024\/01\/33355-1.webp",500,281,false],"meccarouselthumb":["https:\/\/imagazine.it\/wp-content\/uploads\/2024\/01\/33355-1.webp",474,267,false],"gridsquare":["https:\/\/imagazine.it\/wp-content\/uploads\/2024\/01\/33355-1.webp",391,220,false],"tileview":["https:\/\/imagazine.it\/wp-content\/uploads\/2024\/01\/33355-1.webp",300,169,false],"1536x1536":["https:\/\/imagazine.it\/wp-content\/uploads\/2024\/01\/33355-1.webp",750,422,false],"2048x2048":["https:\/\/imagazine.it\/wp-content\/uploads\/2024\/01\/33355-1.webp",750,422,false],"newsup-slider-full":["https:\/\/imagazine.it\/wp-content\/uploads\/2024\/01\/33355-1.webp",750,422,false],"newsup-featured":["https:\/\/imagazine.it\/wp-content\/uploads\/2024\/01\/33355-1.webp",750,422,false],"newsup-medium":["https:\/\/imagazine.it\/wp-content\/uploads\/2024\/01\/33355-1-720x380.webp",720,380,true],"tptn_thumbnail":["https:\/\/imagazine.it\/wp-content\/uploads\/2024\/01\/33355-1.webp",250,141,false],"sow-carousel-default":["https:\/\/imagazine.it\/wp-content\/uploads\/2024\/01\/33355-1-272x182.webp",272,182,true]},"rttpg_author":{"display_name":"redazione","author_link":"https:\/\/imagazine.it\/home_desk\/author\/redazione\/"},"rttpg_comment":0,"rttpg_category":"<a href=\"https:\/\/imagazine.it\/home_desk\/category\/attualita\/\" rel=\"category tag\">ATTUALIT\u00c0<\/a>","rttpg_excerpt":"La distribuzione affidata ai singoli comuni","_links":{"self":[{"href":"https:\/\/imagazine.it\/home_desk\/wp-json\/wp\/v2\/posts\/32841","targetHints":{"allow":["GET"]}}],"collection":[{"href":"https:\/\/imagazine.it\/home_desk\/wp-json\/wp\/v2\/posts"}],"about":[{"href":"https:\/\/imagazine.it\/home_desk\/wp-json\/wp\/v2\/types\/post"}],"author":[{"embeddable":true,"href":"https:\/\/imagazine.it\/home_desk\/wp-json\/wp\/v2\/users\/28"}],"replies":[{"embeddable":true,"href":"https:\/\/imagazine.it\/home_desk\/wp-json\/wp\/v2\/comments?post=32841"}],"version-history":[{"count":0,"href":"https:\/\/imagazine.it\/home_desk\/wp-json\/wp\/v2\/posts\/32841\/revisions"}],"wp:featuredmedia":[{"embeddable":true,"href":"https:\/\/imagazine.it\/home_desk\/wp-json\/wp\/v2\/media\/32842"}],"wp:attachment":[{"href":"https:\/\/imagazine.it\/home_desk\/wp-json\/wp\/v2\/media?parent=32841"}],"wp:term":[{"taxonomy":"category","embeddable":true,"href":"https:\/\/imagazine.it\/home_desk\/wp-json\/wp\/v2\/categories?post=32841"},{"taxonomy":"post_tag","embeddable":true,"href":"https:\/\/imagazine.it\/home_desk\/wp-json\/wp\/v2\/tags?post=32841"}],"curies":[{"name":"wp","href":"https:\/\/api.w.org\/{rel}","templated":true}]}}