{"id":32833,"date":"2020-03-25T00:00:00","date_gmt":"2020-03-24T23:00:00","guid":{"rendered":"https:\/\/imagazine.it\/?p=32833"},"modified":"2020-03-25T00:00:00","modified_gmt":"2020-03-24T23:00:00","slug":"nasce-a-monfalcone-la-prima-regata-virtuale-delladriatico","status":"publish","type":"post","link":"https:\/\/imagazine.it\/home_desk\/nasce-a-monfalcone-la-prima-regata-virtuale-delladriatico\/","title":{"rendered":"Nasce a Monfalcone la prima regata virtuale dell&#8217;Adriatico"},"content":{"rendered":"<p>\u201cIl periodo che stiamo vivendo \u00e8 tristemente noto a tutti quindi, nel mio piccolo, ho pensato a cosa potessi fare per aiutare i nostri soci e tutti gli appassionati di vela nel rendere queste giornate a casa pi\u00f9 leggere. L\u2019idea \u00e8 di regalare loro qualche momento di spensieratezza organizzando una regata. Ovviamente, in considerazione delle limitazioni in essere, questa volta la regata non si svolger\u00e0 nel nostro golfo ma sar\u00e0 virtuale e si svolger\u00e0 tramite una piattaforma internet\u201d.<\/p>\n<p>Con queste parole <strong>Manuel Vlacich<\/strong>, direttore sportivo della Societ\u00e0 Velica Oscar Cosulich di Monfalcone, annuncia la nascita della prima regata virtuale dell\u2019Adriatico.<\/p>\n<p>\u201cSiamo dei precursori \u2013 conferma Vlacich \u2013 essendo la prima regata del genere organizzata nella nostra regione (XIII Zona della Federazione Italiana Vela) e tra le prime in Italia. Gli e-games iniziano a prendere piede tanto che vengono gi\u00e0 organizzati a livello mondiale, cos\u00ec ho deciso di studiare la materia e organizzare, in qualit\u00e0 di direttore sportivo della Societ\u00e0 Vela Oscar Cosulich, questa manifestazione alternativa\u201d.<\/p>\n<p>Tanto da investire anche risorse personali: \u201cLa piattaforma \u2013 spiega \u2013 sar\u00e0 un regalo che voglio fare a tutti i partecipanti avendo gi\u00e0 acquistato a titolo personale lo \u201cspazio virtuale\u201d dove si svolger\u00e0 la regata. L\u2019iscrizione sar\u00e0 quindi gratuita per tutti, l\u2019invito che faccio per\u00f2 alla platea \u00e8 quello di devolvere un importo a favore di una raccolta fondi per sostenere le esigenze emergenziali contro il Coronavirus nella nostra regione o a qualunque altra iniziativa ritengano importante\u201d.<\/p>\n<p>Dopo la comunicazione dell\u2019iniziativa ai soci della \u201cOscar Cosulich\u201d, <u><a href=\"http:\/\/www.svoc.org\/\" target=\"_blank\" rel=\"noopener\">le iscrizioni sono ufficialmente aperte e verranno gestite tramite il sito della societ\u00e0 velica<\/a><\/u>.<\/p>\n<p><a href=\"http:\/\/imagazinevideotruck.it\/outlet\/relink.html\" target=\"_top\" rel=\"noopener\"><img loading=\"lazy\" decoding=\"async\" align=\"LEFT\" height=\"250\" src=\"http:\/\/imagazinevideotruck.it\/outlet\/outlet30.gif\" width=\"300\" alt=\"\" title=\"\"><\/a><\/p>\n<p>\u00a0<\/p>\n<p>\u00a0<\/p>\n<p>\u00a0<\/p>\n<p>\u00a0<\/p>\n<p>\u00a0<\/p>\n<p>\u00a0<\/p>\n<p>\u00a0<\/p>\n<p>\u00a0<\/p>\n<p>\u00a0<\/p>\n<p>\u201cProbabilmente \u2013 anticipa Vlacich \u2013 considerato l\u2019enorme interesse dovremo prevedere un numero chiuso e in base alla riuscita dell\u2019evento verr\u00e0 prevista una manifestazione futura. La data della regata sar\u00e0 comunicata sui canali social della Svoc al termine del periodo di iscrizione che si concluder\u00e0 sabato 28 marzo\u201d.\u00a0<\/p>\n<p>Sempre in ottica smart, tra i prossimi eventi che la Svoc organizzer\u00e0 ci sar\u00e0 una riprogrammazione delle serate a tema che sono state sospese in ottemperanza al DCPM e che verranno quindi proposte in modalit\u00e0 di conferenze skype tra i relatori e i soci. La prima serata, prevista nella prima quindicina di aprile, vedr\u00e0 il recupero di una lezione di \u201cconduzione e tattica della barca nelle andature portanti\u201d tenuta da un noto ed esperto velista di Trieste.<\/p>\n","protected":false},"excerpt":{"rendered":"<p>Organizzata dalla Societ\u00e0 Velica Oscar Cosulich<\/p>\n","protected":false},"author":28,"featured_media":32834,"comment_status":"closed","ping_status":"closed","sticky":false,"template":"","format":"standard","meta":{"dwc-title":[],"dwc-content":[],"footnotes":""},"categories":[38],"tags":[],"class_list":["post-32833","post","type-post","status-publish","format-standard","has-post-thumbnail","hentry","category-sport"],"rttpg_featured_image_url":{"full":["https:\/\/imagazine.it\/wp-content\/uploads\/2024\/01\/33351-1.webp",750,486,false],"landscape":["https:\/\/imagazine.it\/wp-content\/uploads\/2024\/01\/33351-1.webp",750,486,false],"portraits":["https:\/\/imagazine.it\/wp-content\/uploads\/2024\/01\/33351-1.webp",750,486,false],"thumbnail":["https:\/\/imagazine.it\/wp-content\/uploads\/2024\/01\/33351-1-150x150.webp",150,150,true],"medium":["https:\/\/imagazine.it\/wp-content\/uploads\/2024\/01\/33351-1-300x194.webp",300,194,true],"large":["https:\/\/imagazine.it\/wp-content\/uploads\/2024\/01\/33351-1.webp",640,415,false],"thumblist":["https:\/\/imagazine.it\/wp-content\/uploads\/2024\/01\/33351-1.webp",300,194,false],"thumbrelated":["https:\/\/imagazine.it\/wp-content\/uploads\/2024\/01\/33351-1.webp",500,324,false],"meccarouselthumb":["https:\/\/imagazine.it\/wp-content\/uploads\/2024\/01\/33351-1.webp",474,307,false],"gridsquare":["https:\/\/imagazine.it\/wp-content\/uploads\/2024\/01\/33351-1.webp",391,253,false],"tileview":["https:\/\/imagazine.it\/wp-content\/uploads\/2024\/01\/33351-1.webp",300,194,false],"1536x1536":["https:\/\/imagazine.it\/wp-content\/uploads\/2024\/01\/33351-1.webp",750,486,false],"2048x2048":["https:\/\/imagazine.it\/wp-content\/uploads\/2024\/01\/33351-1.webp",750,486,false],"newsup-slider-full":["https:\/\/imagazine.it\/wp-content\/uploads\/2024\/01\/33351-1.webp",750,486,false],"newsup-featured":["https:\/\/imagazine.it\/wp-content\/uploads\/2024\/01\/33351-1.webp",750,486,false],"newsup-medium":["https:\/\/imagazine.it\/wp-content\/uploads\/2024\/01\/33351-1-720x380.webp",720,380,true],"tptn_thumbnail":["https:\/\/imagazine.it\/wp-content\/uploads\/2024\/01\/33351-1.webp",250,162,false],"sow-carousel-default":["https:\/\/imagazine.it\/wp-content\/uploads\/2024\/01\/33351-1-272x182.webp",272,182,true]},"rttpg_author":{"display_name":"redazione","author_link":"https:\/\/imagazine.it\/home_desk\/author\/redazione\/"},"rttpg_comment":0,"rttpg_category":"<a href=\"https:\/\/imagazine.it\/home_desk\/category\/sport\/\" rel=\"category tag\">SPORT<\/a>","rttpg_excerpt":"Organizzata dalla Societ\u00e0 Velica Oscar Cosulich","_links":{"self":[{"href":"https:\/\/imagazine.it\/home_desk\/wp-json\/wp\/v2\/posts\/32833","targetHints":{"allow":["GET"]}}],"collection":[{"href":"https:\/\/imagazine.it\/home_desk\/wp-json\/wp\/v2\/posts"}],"about":[{"href":"https:\/\/imagazine.it\/home_desk\/wp-json\/wp\/v2\/types\/post"}],"author":[{"embeddable":true,"href":"https:\/\/imagazine.it\/home_desk\/wp-json\/wp\/v2\/users\/28"}],"replies":[{"embeddable":true,"href":"https:\/\/imagazine.it\/home_desk\/wp-json\/wp\/v2\/comments?post=32833"}],"version-history":[{"count":0,"href":"https:\/\/imagazine.it\/home_desk\/wp-json\/wp\/v2\/posts\/32833\/revisions"}],"wp:featuredmedia":[{"embeddable":true,"href":"https:\/\/imagazine.it\/home_desk\/wp-json\/wp\/v2\/media\/32834"}],"wp:attachment":[{"href":"https:\/\/imagazine.it\/home_desk\/wp-json\/wp\/v2\/media?parent=32833"}],"wp:term":[{"taxonomy":"category","embeddable":true,"href":"https:\/\/imagazine.it\/home_desk\/wp-json\/wp\/v2\/categories?post=32833"},{"taxonomy":"post_tag","embeddable":true,"href":"https:\/\/imagazine.it\/home_desk\/wp-json\/wp\/v2\/tags?post=32833"}],"curies":[{"name":"wp","href":"https:\/\/api.w.org\/{rel}","templated":true}]}}