{"id":32827,"date":"2020-03-23T00:00:00","date_gmt":"2020-03-22T23:00:00","guid":{"rendered":"https:\/\/imagazine.it\/?p=32827"},"modified":"2020-03-23T00:00:00","modified_gmt":"2020-03-22T23:00:00","slug":"il-manifesto-di-barcolana-in-vendita-per-la-protezione-civile","status":"publish","type":"post","link":"https:\/\/imagazine.it\/home_desk\/il-manifesto-di-barcolana-in-vendita-per-la-protezione-civile\/","title":{"rendered":"Il manifesto di Barcolana in vendita per la Protezione Civile"},"content":{"rendered":"<p><a name=\"_30j0zll\"><\/a>Barcolana ha lanciato, attraverso il proprio sito di e-commerce\u00a0<u><a data-saferedirecturl=\"https:\/\/www.google.com\/url?q=http:\/\/www.barcolana.it\/shop&#038;source=gmail&#038;ust=1585124291197000&#038;usg=AFQjCNHdVWfWcTtBESBrUF3xKxPWohd5rw\" href=\"http:\/\/www.barcolana.it\/shop\" target=\"_blank\" rel=\"noopener\">www.barcolana.it\/shop<\/a><\/u>, un\u2019azione di charity mettendo nuovamente in vendita l\u2019iconico manifesto dell\u2019edizione 2018 con lo slogan \u201cWe are all in the same boat\u201d: il ricavato di questa operazione di beneficenza verr\u00e0 devoluto interamente alla Protezione Civile.\u00a0<\/p>\n<p>\u201c<em>In questi giorni &#8211;\u00a0<\/em><strong>spiega il Presidente della Societ\u00e0 Velica di Barcola e Grignano,<\/strong><strong> Mitja Gialuz &#8211;\u00a0<\/strong><em>quell\u2019immagine \u00e8 stata utilizzata spontaneamente da pi\u00f9 parti come simbolo di un sentire comune, un messaggio che noi vogliamo valorizzare a fin di bene. Abbiamo reso disponibile il manifesto sulle nostre piattaforme online per sostenere con il ricavato la Protezione Civile. Ringrazio illy, che \u00e8 al nostro fianco, il nostro presenting sponsor Generali e DHL\u201d<\/em>.\u00a0<\/p>\n<p><a href=\"http:\/\/imagazinevideotruck.it\/outlet\/relink.html\" target=\"_top\" rel=\"noopener\"><img loading=\"lazy\" decoding=\"async\" align=\"LEFT\" height=\"250\" src=\"http:\/\/imagazinevideotruck.it\/outlet\/outlet30.gif\" width=\"300\" alt=\"\" title=\"\"><\/a><\/p>\n<p>\u00a0<\/p>\n<p>\u00a0<\/p>\n<p>\u00a0<\/p>\n<p>\u00a0<\/p>\n<p>\u00a0<\/p>\n<p>\u00a0<\/p>\n<p>\u00a0<\/p>\n<p>\u00a0<\/p>\n<p>\u00a0<\/p>\n<p>\u201c<em>Il manifesto di Barcolana 50, \u201cWe are all in the same boat\u201d, lancia un messaggio mai attuale come oggi. Noi che andiamo per mare sappiamo cosa significa essere tutti sulla stessa barca quando il mare si fa grosso e arriva la burrasca: significa che il comportamento di ognuno incide sul futuro di tutti<\/em>.\u00a0<em>Barcolana\u00a0<\/em>&#8211;\u00a0<strong>prosegue Gialuz in una nota diffusa anche sui social media\u00a0<\/strong>&#8211;\u00a0<em>sta facendo ci\u00f2 che fa il marinaio previdente: osserva, analizza i dati, si affida alla scienza per capire l\u2019evoluzione e, soprattutto, tiene saldo il timone. La nostra comunit\u00e0 \u00e8 sottocoperta e c\u2019\u00e8 volont\u00e0 di tenerla unita, di continuare a parlare insieme di mare e di vela a modo nostro, facendo entrare nel nostro mondo tutte le persone come facciamo ogni anno in Barcolana<\/em>\u201d.\u00a0<\/p>\n<p><strong>Infine, l\u2019edizione 2020, in calendario l\u201911 ottobre<\/strong>: \u201c<em>Noi stiamo continuando a lavorare su diversi scenari, introducendo anche innovazione per organizzare l\u2019evento a seconda di come si evolver\u00e0 la situazione: oggi per\u00f2 il nostro compito \u00e8 quello di lasciare spazio alla solidariet\u00e0, di stare a fianco di tutti coloro che sono \u2018al fronte\u2019, medici, infermieri e operatori sanitari. Questo ci sentiamo di fare: stiamo insieme, con l\u2019obiettivo di uscire dalla tempesta pi\u00f9 forti, da bravi marinai<\/em>\u201d,\u00a0<strong>conclude Mitja Gialuz<\/strong>.\u00a0<\/p>\n","protected":false},"excerpt":{"rendered":"<p>Realizzato da Marina Abramovich<\/p>\n","protected":false},"author":28,"featured_media":32828,"comment_status":"closed","ping_status":"closed","sticky":false,"template":"","format":"standard","meta":{"dwc-title":[],"dwc-content":[],"footnotes":""},"categories":[38],"tags":[],"class_list":["post-32827","post","type-post","status-publish","format-standard","has-post-thumbnail","hentry","category-sport"],"rttpg_featured_image_url":{"full":["https:\/\/imagazine.it\/wp-content\/uploads\/2024\/01\/33346-1.webp",750,534,false],"landscape":["https:\/\/imagazine.it\/wp-content\/uploads\/2024\/01\/33346-1.webp",750,534,false],"portraits":["https:\/\/imagazine.it\/wp-content\/uploads\/2024\/01\/33346-1.webp",750,534,false],"thumbnail":["https:\/\/imagazine.it\/wp-content\/uploads\/2024\/01\/33346-1-150x150.webp",150,150,true],"medium":["https:\/\/imagazine.it\/wp-content\/uploads\/2024\/01\/33346-1-300x214.webp",300,214,true],"large":["https:\/\/imagazine.it\/wp-content\/uploads\/2024\/01\/33346-1.webp",640,456,false],"thumblist":["https:\/\/imagazine.it\/wp-content\/uploads\/2024\/01\/33346-1.webp",300,214,false],"thumbrelated":["https:\/\/imagazine.it\/wp-content\/uploads\/2024\/01\/33346-1.webp",500,356,false],"meccarouselthumb":["https:\/\/imagazine.it\/wp-content\/uploads\/2024\/01\/33346-1.webp",455,324,false],"gridsquare":["https:\/\/imagazine.it\/wp-content\/uploads\/2024\/01\/33346-1.webp",365,260,false],"tileview":["https:\/\/imagazine.it\/wp-content\/uploads\/2024\/01\/33346-1.webp",300,214,false],"1536x1536":["https:\/\/imagazine.it\/wp-content\/uploads\/2024\/01\/33346-1.webp",750,534,false],"2048x2048":["https:\/\/imagazine.it\/wp-content\/uploads\/2024\/01\/33346-1.webp",750,534,false],"newsup-slider-full":["https:\/\/imagazine.it\/wp-content\/uploads\/2024\/01\/33346-1.webp",750,534,false],"newsup-featured":["https:\/\/imagazine.it\/wp-content\/uploads\/2024\/01\/33346-1.webp",750,534,false],"newsup-medium":["https:\/\/imagazine.it\/wp-content\/uploads\/2024\/01\/33346-1-720x380.webp",720,380,true],"tptn_thumbnail":["https:\/\/imagazine.it\/wp-content\/uploads\/2024\/01\/33346-1.webp",250,178,false],"sow-carousel-default":["https:\/\/imagazine.it\/wp-content\/uploads\/2024\/01\/33346-1-272x182.webp",272,182,true]},"rttpg_author":{"display_name":"redazione","author_link":"https:\/\/imagazine.it\/home_desk\/author\/redazione\/"},"rttpg_comment":0,"rttpg_category":"<a href=\"https:\/\/imagazine.it\/home_desk\/category\/sport\/\" rel=\"category tag\">SPORT<\/a>","rttpg_excerpt":"Realizzato da Marina Abramovich","_links":{"self":[{"href":"https:\/\/imagazine.it\/home_desk\/wp-json\/wp\/v2\/posts\/32827","targetHints":{"allow":["GET"]}}],"collection":[{"href":"https:\/\/imagazine.it\/home_desk\/wp-json\/wp\/v2\/posts"}],"about":[{"href":"https:\/\/imagazine.it\/home_desk\/wp-json\/wp\/v2\/types\/post"}],"author":[{"embeddable":true,"href":"https:\/\/imagazine.it\/home_desk\/wp-json\/wp\/v2\/users\/28"}],"replies":[{"embeddable":true,"href":"https:\/\/imagazine.it\/home_desk\/wp-json\/wp\/v2\/comments?post=32827"}],"version-history":[{"count":0,"href":"https:\/\/imagazine.it\/home_desk\/wp-json\/wp\/v2\/posts\/32827\/revisions"}],"wp:featuredmedia":[{"embeddable":true,"href":"https:\/\/imagazine.it\/home_desk\/wp-json\/wp\/v2\/media\/32828"}],"wp:attachment":[{"href":"https:\/\/imagazine.it\/home_desk\/wp-json\/wp\/v2\/media?parent=32827"}],"wp:term":[{"taxonomy":"category","embeddable":true,"href":"https:\/\/imagazine.it\/home_desk\/wp-json\/wp\/v2\/categories?post=32827"},{"taxonomy":"post_tag","embeddable":true,"href":"https:\/\/imagazine.it\/home_desk\/wp-json\/wp\/v2\/tags?post=32827"}],"curies":[{"name":"wp","href":"https:\/\/api.w.org\/{rel}","templated":true}]}}