{"id":32821,"date":"2020-03-23T00:00:00","date_gmt":"2020-03-22T23:00:00","guid":{"rendered":"https:\/\/imagazine.it\/?p=32821"},"modified":"2020-03-23T00:00:00","modified_gmt":"2020-03-22T23:00:00","slug":"piano-city-pordenone-iscrizioni-prorogate","status":"publish","type":"post","link":"https:\/\/imagazine.it\/home_desk\/piano-city-pordenone-iscrizioni-prorogate\/","title":{"rendered":"Piano City Pordenone, iscrizioni prorogate"},"content":{"rendered":"<p><strong>Posticipato al 15 aprile<\/strong> il termine entro cui i pianisti potranno inviare la propria candidatura per partecipare alla seconda edizione di Piano City Pordenone, il festival pianistico in programma <strong>anche quest\u2019anno nel terzo fine settimana di giugno, dal 19 al 21<\/strong>.<\/p>\n<p>\u00abAbbiamo ottenuto numerose candidature, ci\u00f2 nonostante nei giorni scorsi abbiamo deciso <strong>di prorogare il termine di presentazione delle candidature come atto di solidariet\u00e0 verso i pianisti<\/strong>, visto il difficile frangente e le difficolt\u00e0 che in questo momento i musicisti attraversano nel poter programmare l\u2019agenda dei prossimi mesi\u00bb spiega <strong>Luigi Rosso, presidente del Comitato Piano City Pordenone<\/strong>, associazione che organizza la manifestazione.<\/p>\n<p>I pianisti potranno proporre la propria candidatura accedendo direttamente al <strong>sito dell\u2019associazione (<\/strong><u><a href=\"http:\/\/www.pianocitypordenone.it\/\" target=\"_blank\" rel=\"noopener\"><strong>www.pianocitypordenone.it<\/strong><\/a><\/u><strong>)<\/strong>.<\/p>\n<p>Candidature aperte anche per i privati interessati a ospitare un house concert nella propria abitazione, in pieno spirito cameristico, dal Settecento direttamente al 2020.<\/p>\n<p>Piano City Pordenone \u00e8 la festa del pianoforte che <strong>per tre giorni riempie di musica la citt\u00e0 con un programma di concerti distribuiti in tutta la giornata, dal mattino alla sera<\/strong>. Il festival nasce a Berlino da un\u2019idea del pianista tedesco Andreas Kern e si \u00e8 poi diffuso in alcune delle principali citt\u00e0 europee e italiane (Milano, Napoli, Palermo, Barcellona, Novi Sad che nel 2021 sar\u00e0 la capitale europea della cultura) e quest\u2019anno anche a New York.<\/p>\n","protected":false},"excerpt":{"rendered":"<p>Nuova scadenza il 15 aprile<\/p>\n","protected":false},"author":28,"featured_media":32822,"comment_status":"closed","ping_status":"closed","sticky":false,"template":"","format":"standard","meta":{"dwc-title":[],"dwc-content":[],"footnotes":""},"categories":[37],"tags":[],"class_list":["post-32821","post","type-post","status-publish","format-standard","has-post-thumbnail","hentry","category-cultura-e-spettacolo"],"rttpg_featured_image_url":{"full":["https:\/\/imagazine.it\/wp-content\/uploads\/2024\/01\/33341-1.webp",750,500,false],"landscape":["https:\/\/imagazine.it\/wp-content\/uploads\/2024\/01\/33341-1.webp",750,500,false],"portraits":["https:\/\/imagazine.it\/wp-content\/uploads\/2024\/01\/33341-1.webp",750,500,false],"thumbnail":["https:\/\/imagazine.it\/wp-content\/uploads\/2024\/01\/33341-1-150x150.webp",150,150,true],"medium":["https:\/\/imagazine.it\/wp-content\/uploads\/2024\/01\/33341-1-300x200.webp",300,200,true],"large":["https:\/\/imagazine.it\/wp-content\/uploads\/2024\/01\/33341-1.webp",640,427,false],"thumblist":["https:\/\/imagazine.it\/wp-content\/uploads\/2024\/01\/33341-1.webp",300,200,false],"thumbrelated":["https:\/\/imagazine.it\/wp-content\/uploads\/2024\/01\/33341-1.webp",500,333,false],"meccarouselthumb":["https:\/\/imagazine.it\/wp-content\/uploads\/2024\/01\/33341-1.webp",474,316,false],"gridsquare":["https:\/\/imagazine.it\/wp-content\/uploads\/2024\/01\/33341-1.webp",391,260,false],"tileview":["https:\/\/imagazine.it\/wp-content\/uploads\/2024\/01\/33341-1.webp",300,200,false],"1536x1536":["https:\/\/imagazine.it\/wp-content\/uploads\/2024\/01\/33341-1.webp",750,500,false],"2048x2048":["https:\/\/imagazine.it\/wp-content\/uploads\/2024\/01\/33341-1.webp",750,500,false],"newsup-slider-full":["https:\/\/imagazine.it\/wp-content\/uploads\/2024\/01\/33341-1.webp",750,500,false],"newsup-featured":["https:\/\/imagazine.it\/wp-content\/uploads\/2024\/01\/33341-1.webp",750,500,false],"newsup-medium":["https:\/\/imagazine.it\/wp-content\/uploads\/2024\/01\/33341-1-720x380.webp",720,380,true],"tptn_thumbnail":["https:\/\/imagazine.it\/wp-content\/uploads\/2024\/01\/33341-1.webp",250,167,false],"sow-carousel-default":["https:\/\/imagazine.it\/wp-content\/uploads\/2024\/01\/33341-1-272x182.webp",272,182,true]},"rttpg_author":{"display_name":"redazione","author_link":"https:\/\/imagazine.it\/home_desk\/author\/redazione\/"},"rttpg_comment":0,"rttpg_category":"<a href=\"https:\/\/imagazine.it\/home_desk\/category\/cultura-e-spettacolo\/\" rel=\"category tag\">CULTURA&amp;SPETTACOLO<\/a>","rttpg_excerpt":"Nuova scadenza il 15 aprile","_links":{"self":[{"href":"https:\/\/imagazine.it\/home_desk\/wp-json\/wp\/v2\/posts\/32821","targetHints":{"allow":["GET"]}}],"collection":[{"href":"https:\/\/imagazine.it\/home_desk\/wp-json\/wp\/v2\/posts"}],"about":[{"href":"https:\/\/imagazine.it\/home_desk\/wp-json\/wp\/v2\/types\/post"}],"author":[{"embeddable":true,"href":"https:\/\/imagazine.it\/home_desk\/wp-json\/wp\/v2\/users\/28"}],"replies":[{"embeddable":true,"href":"https:\/\/imagazine.it\/home_desk\/wp-json\/wp\/v2\/comments?post=32821"}],"version-history":[{"count":0,"href":"https:\/\/imagazine.it\/home_desk\/wp-json\/wp\/v2\/posts\/32821\/revisions"}],"wp:featuredmedia":[{"embeddable":true,"href":"https:\/\/imagazine.it\/home_desk\/wp-json\/wp\/v2\/media\/32822"}],"wp:attachment":[{"href":"https:\/\/imagazine.it\/home_desk\/wp-json\/wp\/v2\/media?parent=32821"}],"wp:term":[{"taxonomy":"category","embeddable":true,"href":"https:\/\/imagazine.it\/home_desk\/wp-json\/wp\/v2\/categories?post=32821"},{"taxonomy":"post_tag","embeddable":true,"href":"https:\/\/imagazine.it\/home_desk\/wp-json\/wp\/v2\/tags?post=32821"}],"curies":[{"name":"wp","href":"https:\/\/api.w.org\/{rel}","templated":true}]}}