{"id":32819,"date":"2020-03-23T00:00:00","date_gmt":"2020-03-22T23:00:00","guid":{"rendered":"https:\/\/imagazine.it\/?p=32819"},"modified":"2020-03-23T00:00:00","modified_gmt":"2020-03-22T23:00:00","slug":"terremoto-in-croazia-tende-da-250-posti-letto-in-arrivo-dal-fvg","status":"publish","type":"post","link":"https:\/\/imagazine.it\/home_desk\/terremoto-in-croazia-tende-da-250-posti-letto-in-arrivo-dal-fvg\/","title":{"rendered":"Terremoto in Croazia, tende da 250 posti letto in arrivo dal FVG"},"content":{"rendered":"<p>&#8220;Anche se la nostra regione sta vivendo l&#39;emergenza sanitaria legata al Coronavirus, il Friuli Venezia Giulia sar\u00e0 comunque in prima linea verso <u><a href=\"http:\/\/www.imagazine.it\/notizie-trieste-gorizia-udine-friuli\/7775\" target=\"_blank\" rel=\"noopener\">i territori recentemente colpiti dal sisma che ieri ha interessato la citt\u00e0 di Zagabria<\/a><\/u>. Per questo motivo una colonna di mezzi dell&#39;Esercito e della nostra Protezione civile gi\u00e0 stasera partiranno alla volta della capitale croata&#8221;.<\/p>\n<p>Ad annunciarlo \u00e8 il vicegovernatore con delega alla Protezione civile del Friuli Venezia Giulia, <strong>Riccardo Riccardi<\/strong>, il quale gi\u00e0 dalla mattinata di ieri si \u00e8 messo subito in contatto con le autorit\u00e0 locali al fine di garantire i soccorsi con i quali far fronte alle prime necessit\u00e0 legate all&#39;emergenza conseguente alle due forti scosse di terremoto che hanno interessato la Croazia.<\/p>\n<p>Nella sede della Protezione civile di Palmanova si stanno ultimando le operazioni per caricare sui mezzi 30 tende da campo che, una volta montate, saranno in grado di ospitare 250 posti letto. Il trasporto sar\u00e0 effettuato in collaborazione con i militari dell&#39;Esercito appartenenti al Reggimento logistico Pozzuolo del Friuli di stanza a Remanzacco, il quale metter\u00e0 a disposizione 5 mezzi pesanti militari, affiancati da un veicolo leggero della Protezione civile. Oltre agli uomini delle Forze armate, faranno parte della spedizione anche un volontario dei pompieri di Trieste che conosce la lingua croata e un funzionario di Palmanova che parla l&#39;inglese. La colonna dovrebbe partire intorno alle 19.30.<\/p>\n<p>&#8220;Come \u00e8 accaduto in passato per altre simili circostanze &#8211; ha aggiunto Riccardi &#8211; anche in questo caso la nostra regione, che per prima ha sperimentato il bisogno di avere un supporto tecnico e logistico caso di emergenza, \u00e8 pronta a fare la propria parte. Certamente questo \u00e8 un momento difficile anche per noi, ma non per questo non tendiamo la mano a chi adesso ne ha bisogno&#8221;.<\/p>\n","protected":false},"excerpt":{"rendered":"<p>L&#8217;annuncio dell&#8217;assessore Riccardo Riccardi<\/p>\n","protected":false},"author":28,"featured_media":32820,"comment_status":"closed","ping_status":"closed","sticky":false,"template":"","format":"standard","meta":{"dwc-title":[],"dwc-content":[],"footnotes":""},"categories":[5],"tags":[],"class_list":["post-32819","post","type-post","status-publish","format-standard","has-post-thumbnail","hentry","category-attualita"],"rttpg_featured_image_url":{"full":["https:\/\/imagazine.it\/wp-content\/uploads\/2024\/01\/33340-1.webp",750,484,false],"landscape":["https:\/\/imagazine.it\/wp-content\/uploads\/2024\/01\/33340-1.webp",750,484,false],"portraits":["https:\/\/imagazine.it\/wp-content\/uploads\/2024\/01\/33340-1.webp",750,484,false],"thumbnail":["https:\/\/imagazine.it\/wp-content\/uploads\/2024\/01\/33340-1-150x150.webp",150,150,true],"medium":["https:\/\/imagazine.it\/wp-content\/uploads\/2024\/01\/33340-1-300x194.webp",300,194,true],"large":["https:\/\/imagazine.it\/wp-content\/uploads\/2024\/01\/33340-1.webp",640,413,false],"thumblist":["https:\/\/imagazine.it\/wp-content\/uploads\/2024\/01\/33340-1.webp",300,194,false],"thumbrelated":["https:\/\/imagazine.it\/wp-content\/uploads\/2024\/01\/33340-1.webp",500,323,false],"meccarouselthumb":["https:\/\/imagazine.it\/wp-content\/uploads\/2024\/01\/33340-1.webp",474,306,false],"gridsquare":["https:\/\/imagazine.it\/wp-content\/uploads\/2024\/01\/33340-1.webp",391,252,false],"tileview":["https:\/\/imagazine.it\/wp-content\/uploads\/2024\/01\/33340-1.webp",300,194,false],"1536x1536":["https:\/\/imagazine.it\/wp-content\/uploads\/2024\/01\/33340-1.webp",750,484,false],"2048x2048":["https:\/\/imagazine.it\/wp-content\/uploads\/2024\/01\/33340-1.webp",750,484,false],"newsup-slider-full":["https:\/\/imagazine.it\/wp-content\/uploads\/2024\/01\/33340-1.webp",750,484,false],"newsup-featured":["https:\/\/imagazine.it\/wp-content\/uploads\/2024\/01\/33340-1.webp",750,484,false],"newsup-medium":["https:\/\/imagazine.it\/wp-content\/uploads\/2024\/01\/33340-1-720x380.webp",720,380,true],"tptn_thumbnail":["https:\/\/imagazine.it\/wp-content\/uploads\/2024\/01\/33340-1.webp",250,161,false],"sow-carousel-default":["https:\/\/imagazine.it\/wp-content\/uploads\/2024\/01\/33340-1-272x182.webp",272,182,true]},"rttpg_author":{"display_name":"redazione","author_link":"https:\/\/imagazine.it\/home_desk\/author\/redazione\/"},"rttpg_comment":0,"rttpg_category":"<a href=\"https:\/\/imagazine.it\/home_desk\/category\/attualita\/\" rel=\"category tag\">ATTUALIT\u00c0<\/a>","rttpg_excerpt":"L'annuncio dell'assessore Riccardo Riccardi","_links":{"self":[{"href":"https:\/\/imagazine.it\/home_desk\/wp-json\/wp\/v2\/posts\/32819","targetHints":{"allow":["GET"]}}],"collection":[{"href":"https:\/\/imagazine.it\/home_desk\/wp-json\/wp\/v2\/posts"}],"about":[{"href":"https:\/\/imagazine.it\/home_desk\/wp-json\/wp\/v2\/types\/post"}],"author":[{"embeddable":true,"href":"https:\/\/imagazine.it\/home_desk\/wp-json\/wp\/v2\/users\/28"}],"replies":[{"embeddable":true,"href":"https:\/\/imagazine.it\/home_desk\/wp-json\/wp\/v2\/comments?post=32819"}],"version-history":[{"count":0,"href":"https:\/\/imagazine.it\/home_desk\/wp-json\/wp\/v2\/posts\/32819\/revisions"}],"wp:featuredmedia":[{"embeddable":true,"href":"https:\/\/imagazine.it\/home_desk\/wp-json\/wp\/v2\/media\/32820"}],"wp:attachment":[{"href":"https:\/\/imagazine.it\/home_desk\/wp-json\/wp\/v2\/media?parent=32819"}],"wp:term":[{"taxonomy":"category","embeddable":true,"href":"https:\/\/imagazine.it\/home_desk\/wp-json\/wp\/v2\/categories?post=32819"},{"taxonomy":"post_tag","embeddable":true,"href":"https:\/\/imagazine.it\/home_desk\/wp-json\/wp\/v2\/tags?post=32819"}],"curies":[{"name":"wp","href":"https:\/\/api.w.org\/{rel}","templated":true}]}}