{"id":32811,"date":"2020-03-23T00:00:00","date_gmt":"2020-03-22T23:00:00","guid":{"rendered":"https:\/\/imagazine.it\/?p=32811"},"modified":"2020-03-23T00:00:00","modified_gmt":"2020-03-22T23:00:00","slug":"vivere-in-una-residenza-protetta-ai-tempi-del-coronavirus","status":"publish","type":"post","link":"https:\/\/imagazine.it\/home_desk\/vivere-in-una-residenza-protetta-ai-tempi-del-coronavirus\/","title":{"rendered":"Vivere in una residenza protetta ai tempi del Coronavirus"},"content":{"rendered":"<p>Non \u00e8 facile condividere gli spazi di una casa con tante persone e mantenere le distanze di sicurezza; non \u00e8 facile sospendere gli abbracci e farsi bastare un saluto toccandosi i piedi; non \u00e8 sempre scontata la capacit\u00e0 di gestirsi il tempo libero; non \u00e8 facile cercare di mantenere il buon umore, sapendo che la tristezza \u00e8 contagiosa. Ma anche Casa Carli a Maniago, Comunit\u00e0 residenziale rivolta a persone disabili, si \u00e8 attrezzata per affrontare questi giorni eccezionali. Con un gran lavoro di coordinamento e con la disponibilit\u00e0 degli operatori della Cooperativa sociale Itaca, che mettono a disposizione le proprie competenze personali, ogni persona ha un programma di \u201ccose da poter fare\u201d, si sono create nuove routine e appuntamenti da svolgere in casa.<\/p>\n<p>La fortuna di avere un bel giardino, permette di ampliare lo spazio da occupare, di dividersi in gruppi pi\u00f9 piccoli e di svolgere varie attivit\u00e0 anche all\u2019aperto: la merenda, il momento del caff\u00e8, la ginnastica, le attivit\u00e0 artistiche.<\/p>\n<p>Le risorse dell\u2019Officina Creativa si spendono per impegnare il tempo e per trovare nel fare artistico momenti di benessere. Sostenere ogni persona nel prendersi cura di un progetto, appassionarsi ad un\u2019attivit\u00e0, fornendo gli strumenti necessari \u2013 fin dove possibile \u2013 per realizzare i propri desideri restano gli obiettivi del laboratorio artistico, anche in condizioni di emergenza come quelle che stiamo vivendo.<\/p>\n<p>\u201cCos\u00ec \u2013 spiegano i responsabili di Casa Carli \u2013 c\u2019\u00e8 chi confeziona regali per amici e parenti lontani, chi sceglie di decorare la propria camera, chi colora disegni di fiori e madonne come una preghiera e chi si impegna a cercare frasi felici da scrivere in un libro colorato\u201d. E poi c\u2019\u00e8 un grande lavoro di ascolto e di sostegno nella lettura delle proprie emozioni, nella gestione dei momenti di ansia e di preoccupazione, attraverso i materiali dell\u2019arte.<\/p>\n<p>\u201c\u00c8 molto importante in questi giorni \u2013 concludono \u2013 che ognuno possa trovare uno spazio privato, anche in mezzo agli altri, in cui dedicarsi ai propri bisogni e alla coltivazione dei propri desideri con l\u2019aiuto degli educatori, pur in una condizione di isolamento collettivo forzato. Allo stesso tempo \u00e8 fondamentale promuovere il piacere di condividere un\u2019attivit\u00e0 piacevole in piccoli gruppi, per migliorare la convivenza e immaginare cose belle da fare presto insieme\u201d.<\/p>\n<p>E poi oggi c\u2019\u00e8 stata la telefonata del sindaco di Maniago, Andrea Carli, che ha voluto far sentire la vicinanza dell\u2019Amministrazione comunale e sua personale, a tutti i residenti. Ha dialogato a voce con ognuno di loro, risposto ad ogni domanda, li ha ringraziato perch\u00e9 in questo particolare momento stanno seguendo tutte le regole indicate per ridurre le occasioni di contagio. La chiamata si \u00e8 conclusa con la promessa del primo cittadino che, una volta passata l\u2019emergenza, verr\u00e0 a Casa Carli per fare una merenda tutti assieme.<\/p>\n","protected":false},"excerpt":{"rendered":"<p>L&#8217;esperienza di Casa Carli<\/p>\n","protected":false},"author":28,"featured_media":32812,"comment_status":"closed","ping_status":"closed","sticky":false,"template":"","format":"standard","meta":{"dwc-title":[],"dwc-content":[],"footnotes":""},"categories":[5],"tags":[],"class_list":["post-32811","post","type-post","status-publish","format-standard","has-post-thumbnail","hentry","category-attualita"],"rttpg_featured_image_url":{"full":["https:\/\/imagazine.it\/wp-content\/uploads\/2024\/01\/33336-1.webp",750,496,false],"landscape":["https:\/\/imagazine.it\/wp-content\/uploads\/2024\/01\/33336-1.webp",750,496,false],"portraits":["https:\/\/imagazine.it\/wp-content\/uploads\/2024\/01\/33336-1.webp",750,496,false],"thumbnail":["https:\/\/imagazine.it\/wp-content\/uploads\/2024\/01\/33336-1-150x150.webp",150,150,true],"medium":["https:\/\/imagazine.it\/wp-content\/uploads\/2024\/01\/33336-1-300x198.webp",300,198,true],"large":["https:\/\/imagazine.it\/wp-content\/uploads\/2024\/01\/33336-1.webp",640,423,false],"thumblist":["https:\/\/imagazine.it\/wp-content\/uploads\/2024\/01\/33336-1.webp",300,198,false],"thumbrelated":["https:\/\/imagazine.it\/wp-content\/uploads\/2024\/01\/33336-1.webp",500,331,false],"meccarouselthumb":["https:\/\/imagazine.it\/wp-content\/uploads\/2024\/01\/33336-1.webp",474,313,false],"gridsquare":["https:\/\/imagazine.it\/wp-content\/uploads\/2024\/01\/33336-1.webp",391,260,false],"tileview":["https:\/\/imagazine.it\/wp-content\/uploads\/2024\/01\/33336-1.webp",300,198,false],"1536x1536":["https:\/\/imagazine.it\/wp-content\/uploads\/2024\/01\/33336-1.webp",750,496,false],"2048x2048":["https:\/\/imagazine.it\/wp-content\/uploads\/2024\/01\/33336-1.webp",750,496,false],"newsup-slider-full":["https:\/\/imagazine.it\/wp-content\/uploads\/2024\/01\/33336-1.webp",750,496,false],"newsup-featured":["https:\/\/imagazine.it\/wp-content\/uploads\/2024\/01\/33336-1.webp",750,496,false],"newsup-medium":["https:\/\/imagazine.it\/wp-content\/uploads\/2024\/01\/33336-1-720x380.webp",720,380,true],"tptn_thumbnail":["https:\/\/imagazine.it\/wp-content\/uploads\/2024\/01\/33336-1.webp",250,165,false],"sow-carousel-default":["https:\/\/imagazine.it\/wp-content\/uploads\/2024\/01\/33336-1-272x182.webp",272,182,true]},"rttpg_author":{"display_name":"redazione","author_link":"https:\/\/imagazine.it\/home_desk\/author\/redazione\/"},"rttpg_comment":0,"rttpg_category":"<a href=\"https:\/\/imagazine.it\/home_desk\/category\/attualita\/\" rel=\"category tag\">ATTUALIT\u00c0<\/a>","rttpg_excerpt":"L'esperienza di Casa Carli","_links":{"self":[{"href":"https:\/\/imagazine.it\/home_desk\/wp-json\/wp\/v2\/posts\/32811","targetHints":{"allow":["GET"]}}],"collection":[{"href":"https:\/\/imagazine.it\/home_desk\/wp-json\/wp\/v2\/posts"}],"about":[{"href":"https:\/\/imagazine.it\/home_desk\/wp-json\/wp\/v2\/types\/post"}],"author":[{"embeddable":true,"href":"https:\/\/imagazine.it\/home_desk\/wp-json\/wp\/v2\/users\/28"}],"replies":[{"embeddable":true,"href":"https:\/\/imagazine.it\/home_desk\/wp-json\/wp\/v2\/comments?post=32811"}],"version-history":[{"count":0,"href":"https:\/\/imagazine.it\/home_desk\/wp-json\/wp\/v2\/posts\/32811\/revisions"}],"wp:featuredmedia":[{"embeddable":true,"href":"https:\/\/imagazine.it\/home_desk\/wp-json\/wp\/v2\/media\/32812"}],"wp:attachment":[{"href":"https:\/\/imagazine.it\/home_desk\/wp-json\/wp\/v2\/media?parent=32811"}],"wp:term":[{"taxonomy":"category","embeddable":true,"href":"https:\/\/imagazine.it\/home_desk\/wp-json\/wp\/v2\/categories?post=32811"},{"taxonomy":"post_tag","embeddable":true,"href":"https:\/\/imagazine.it\/home_desk\/wp-json\/wp\/v2\/tags?post=32811"}],"curies":[{"name":"wp","href":"https:\/\/api.w.org\/{rel}","templated":true}]}}