{"id":32809,"date":"2020-03-23T00:00:00","date_gmt":"2020-03-22T23:00:00","guid":{"rendered":"https:\/\/imagazine.it\/?p=32809"},"modified":"2020-03-23T00:00:00","modified_gmt":"2020-03-22T23:00:00","slug":"un-corso-gratuito-per-imparare-il-friulano-online","status":"publish","type":"post","link":"https:\/\/imagazine.it\/home_desk\/un-corso-gratuito-per-imparare-il-friulano-online\/","title":{"rendered":"Un corso gratuito per imparare il friulano online"},"content":{"rendered":"<p>Dopo i cartoni animati in friulano per i pi\u00f9 piccoli, l\u2019ARLeF &#8211; Agjenzie Regj\u00f4nal pe Lenghe Furlane lancia un\u2019altra iniziativa #iorestoacasa, mettendo a disposizione, sul proprio sito, <u><a href=\"https:\/\/arlef.it\/it\/on-line-un-corso-per-imparare-la-marilenghe\/\" target=\"_blank\" rel=\"noopener\">un corso pratico di lingua friulana in 20 lezioni<\/a><\/u>, utile a apprenderla con facilit\u00e0, ma soprattutto a imparare a scriverla secondo le regole della grafia ufficiale.<\/p>\n<p><em>Dut par furlan<\/em>, questo il titolo, \u00e8 un corso base. Si rivolge sia a coloro che parlano friulano, ma non lo sanno scrivere, sia a quanti lo capiscono, ma non lo parlano.<\/p>\n<p>Ideato <strong>da Adriano Ceschia<\/strong>, il corso \u00e8 strutturato in 20 lezioni, ciascuna articolata in tre sezioni tematiche: la sezione <em>Ortografie e Gramatiche<\/em> analizza le regole grammaticali e ortografiche proprie della lingua, insegnando a scrivere correttamente secondo le regole della grafia ufficiale; la sezione <em>Bocons di Narative<\/em> propone letture di importanti autori friulani (con traduzione in italiano a fronte), mirate alla comprensione della grammatica presa in esame anche attraverso esercitazioni pratiche, e suggerisce parole ed espressioni che l\u2019uso dell\u2019italiano ha portato a dimenticare; la sezione <em>Scais di Poesie dal 1945 inc\u00e0<\/em>, infine, raccoglie, per il piacere della lettura oltre che dell\u2019apprendimento della lingua, molte poesie di noti poeti del nostro territorio (anch\u2019esse con traduzione in italiano a fronte).<\/p>\n<p>Per iniziare il corso basta andare su <u><a href=\"http:\/\/www.arlef.it\/\" target=\"_blank\" rel=\"noopener\">www.arlef.it<\/a><\/u> e selezionare la pagina <u><a href=\"https:\/\/arlef.it\/it\/risorse\/impara-il-friulano-online\/\" target=\"_blank\" rel=\"noopener\">Risorse\/Impara il friulano online<\/a><\/u>. Ogni lezione \u00e8 scaricabile singolarmente dall\u2019utente ed \u00e8 accompagnata da approfondimenti audio (anch\u2019essi scaricabili), che ne facilitano la comprensione e la lettura.<\/p>\n<p>\u201c<em>In questi giorni difficili, il corso Dut par furlan, cos\u00ec come le altre iniziative web a cui stiamo lavorando, \u00e8 il nostro modo di stare vicino a tutti i friulani <\/em>&#8211; sottolinea il presidente dell\u2019Agenzia, <strong>Eros Cisilino<\/strong> -. <em>La tecnologia digitale \u00e8 una risorsa straordinaria per affrontare questo momento, ci sostiene e ci permette di rafforzare il nostro sentimento di identit\u00e0 e il nostro essere comunit\u00e0. Anche per la Fieste de Patrie dal Fri\u00fbl il nostro canale di comunicazione con i friulani sar\u00e0 il web, in attesa di poterla presto celebrare tutti insieme dal vivo<\/em>\u201d.<\/p>\n","protected":false},"excerpt":{"rendered":"<p>Nuova iniziativa dell&#8217;ARLeF<\/p>\n","protected":false},"author":28,"featured_media":32810,"comment_status":"closed","ping_status":"closed","sticky":false,"template":"","format":"standard","meta":{"dwc-title":[],"dwc-content":[],"footnotes":""},"categories":[37],"tags":[],"class_list":["post-32809","post","type-post","status-publish","format-standard","has-post-thumbnail","hentry","category-cultura-e-spettacolo"],"rttpg_featured_image_url":{"full":["https:\/\/imagazine.it\/wp-content\/uploads\/2024\/01\/33335-1.webp",750,481,false],"landscape":["https:\/\/imagazine.it\/wp-content\/uploads\/2024\/01\/33335-1.webp",750,481,false],"portraits":["https:\/\/imagazine.it\/wp-content\/uploads\/2024\/01\/33335-1.webp",750,481,false],"thumbnail":["https:\/\/imagazine.it\/wp-content\/uploads\/2024\/01\/33335-1-150x150.webp",150,150,true],"medium":["https:\/\/imagazine.it\/wp-content\/uploads\/2024\/01\/33335-1-300x192.webp",300,192,true],"large":["https:\/\/imagazine.it\/wp-content\/uploads\/2024\/01\/33335-1.webp",640,410,false],"thumblist":["https:\/\/imagazine.it\/wp-content\/uploads\/2024\/01\/33335-1.webp",300,192,false],"thumbrelated":["https:\/\/imagazine.it\/wp-content\/uploads\/2024\/01\/33335-1.webp",500,321,false],"meccarouselthumb":["https:\/\/imagazine.it\/wp-content\/uploads\/2024\/01\/33335-1.webp",474,304,false],"gridsquare":["https:\/\/imagazine.it\/wp-content\/uploads\/2024\/01\/33335-1.webp",391,251,false],"tileview":["https:\/\/imagazine.it\/wp-content\/uploads\/2024\/01\/33335-1.webp",300,192,false],"1536x1536":["https:\/\/imagazine.it\/wp-content\/uploads\/2024\/01\/33335-1.webp",750,481,false],"2048x2048":["https:\/\/imagazine.it\/wp-content\/uploads\/2024\/01\/33335-1.webp",750,481,false],"newsup-slider-full":["https:\/\/imagazine.it\/wp-content\/uploads\/2024\/01\/33335-1.webp",750,481,false],"newsup-featured":["https:\/\/imagazine.it\/wp-content\/uploads\/2024\/01\/33335-1.webp",750,481,false],"newsup-medium":["https:\/\/imagazine.it\/wp-content\/uploads\/2024\/01\/33335-1-720x380.webp",720,380,true],"tptn_thumbnail":["https:\/\/imagazine.it\/wp-content\/uploads\/2024\/01\/33335-1.webp",250,160,false],"sow-carousel-default":["https:\/\/imagazine.it\/wp-content\/uploads\/2024\/01\/33335-1-272x182.webp",272,182,true]},"rttpg_author":{"display_name":"redazione","author_link":"https:\/\/imagazine.it\/home_desk\/author\/redazione\/"},"rttpg_comment":0,"rttpg_category":"<a href=\"https:\/\/imagazine.it\/home_desk\/category\/cultura-e-spettacolo\/\" rel=\"category tag\">CULTURA&amp;SPETTACOLO<\/a>","rttpg_excerpt":"Nuova iniziativa dell'ARLeF","_links":{"self":[{"href":"https:\/\/imagazine.it\/home_desk\/wp-json\/wp\/v2\/posts\/32809","targetHints":{"allow":["GET"]}}],"collection":[{"href":"https:\/\/imagazine.it\/home_desk\/wp-json\/wp\/v2\/posts"}],"about":[{"href":"https:\/\/imagazine.it\/home_desk\/wp-json\/wp\/v2\/types\/post"}],"author":[{"embeddable":true,"href":"https:\/\/imagazine.it\/home_desk\/wp-json\/wp\/v2\/users\/28"}],"replies":[{"embeddable":true,"href":"https:\/\/imagazine.it\/home_desk\/wp-json\/wp\/v2\/comments?post=32809"}],"version-history":[{"count":0,"href":"https:\/\/imagazine.it\/home_desk\/wp-json\/wp\/v2\/posts\/32809\/revisions"}],"wp:featuredmedia":[{"embeddable":true,"href":"https:\/\/imagazine.it\/home_desk\/wp-json\/wp\/v2\/media\/32810"}],"wp:attachment":[{"href":"https:\/\/imagazine.it\/home_desk\/wp-json\/wp\/v2\/media?parent=32809"}],"wp:term":[{"taxonomy":"category","embeddable":true,"href":"https:\/\/imagazine.it\/home_desk\/wp-json\/wp\/v2\/categories?post=32809"},{"taxonomy":"post_tag","embeddable":true,"href":"https:\/\/imagazine.it\/home_desk\/wp-json\/wp\/v2\/tags?post=32809"}],"curies":[{"name":"wp","href":"https:\/\/api.w.org\/{rel}","templated":true}]}}