{"id":32797,"date":"2020-03-20T00:00:00","date_gmt":"2020-03-19T23:00:00","guid":{"rendered":"https:\/\/imagazine.it\/?p=32797"},"modified":"2020-03-20T00:00:00","modified_gmt":"2020-03-19T23:00:00","slug":"motorizzazioni-civili-slittano-le-revisioni-delle-auto","status":"publish","type":"post","link":"https:\/\/imagazine.it\/home_desk\/motorizzazioni-civili-slittano-le-revisioni-delle-auto\/","title":{"rendered":"Motorizzazioni civili, slittano le revisioni delle auto"},"content":{"rendered":"<p>A seguito dell&#39;emergenza legata al coronavirus, a partire da luned\u00ec prossimo l&#39;attivit\u00e0 delle Motorizzazioni civili del Friuli Venezia Giulia subir\u00e0 una modifica rispetto alla normale operativit\u00e0.<\/p>\n<p>Fino al 3 aprile saranno garantiti al pubblico i servizi inderogabili quali le immatricolazioni di veicoli da destinare ad attivit\u00e0 connesse alla gestione dell&#39;emergenza sanitaria (mezzi di soccorso, ambulanze, ecc.), quelli per il trasporto professionale di persone (autobus, taxi, n.c.c.) e per disabili. Garantita anche l&#39;immatricolazione di veicoli da adibire al trasporto professionale di cose e quella di macchine agricole e operatrici.<\/p>\n<p>La Motorizzazione inoltre svolger\u00e0 l&#39;attivit\u00e0 di revisione dei veicoli destinati al trasporto professionale di cose e di persone all&#39;estero e di quelli che nella precedente revisione abbiano avuto esito &#8220;ripetere&#8221;. Autorizzata invece fino al 31 ottobre 2020 la circolazione dei veicoli da sottoporre alle attivit\u00e0 di visita e prova entro il 31 luglio di quest&#39;anno.<\/p>\n<p>Sono sospese, sino a data da definire, tutte le altre operazioni di revisione e collaudo gi\u00e0 prenotate presso gli Uffici territoriali della Motorizzazione civile di Udine, Trieste, Pordenone e Gorizia.<\/p>\n<p>Sar\u00e0 garantito poi il rilascio o il rinnovo sia dei certificati Atp che regolano il trasporto di merci deteriorabili in furgoni frigo, sia dei permessi provvisori di guida a seguito di Commissione medica locale sia dei duplicati di patenti per adeguamento validit\u00e0 a certificato Cml. Infine verranno regolarmente consegnate le patenti sospese e revocate.<\/p>\n<p>A decorrere dalla giornata odierna e fino al 3 aprile vengono ridotti gli orari di apertura degli sportelli provinciali. Per quanto riguarda quello territoriale di <strong>Udine<\/strong>, sar\u00e0 attivo dalle 9 alle 12 in specifiche giornate a seconda del servizio: il luned\u00ec per lo sportello Veicoli con titolo, marted\u00ec per Revisioni e Collaudi, mercoled\u00ec Macchine agricole, gioved\u00ec Patenti e contenzioso. Questa invece l&#39;attivit\u00e0 dell&#39;ufficio territoriale di <strong>Trieste<\/strong> (sempre dalle 9 alle 12): sportelli Merci, Patenti e Contenzioso (il marted\u00ec), mentre quelli Veicoli e Ciclomotori il mercoled\u00ec. Ufficio di <strong>Pordenone<\/strong> (dalle 9 alle 12): solo nelle giornate di luned\u00ec e mercoled\u00ec per gli sportelli Patenti, Immatricolazioni, Collaudi, Merci, Informazioni-protocollo e Contenzioso. Infine, a <strong>Gorizia<\/strong> gli sportelli Veicoli, Immatricolazioni e Patenti saranno aperti il luned\u00ec e il mercoled\u00ec dalle 9 alle 12.<\/p>\n<p>Poich\u00e9 saranno possibili variazioni, si consiglia di consultare il call-center al numero <strong>848 000388<\/strong>.<\/p>\n","protected":false},"excerpt":{"rendered":"<p>Per l&#8217;emergenza Covid-19<\/p>\n","protected":false},"author":28,"featured_media":32798,"comment_status":"closed","ping_status":"closed","sticky":false,"template":"","format":"standard","meta":{"dwc-title":[],"dwc-content":[],"footnotes":""},"categories":[5],"tags":[],"class_list":["post-32797","post","type-post","status-publish","format-standard","has-post-thumbnail","hentry","category-attualita"],"rttpg_featured_image_url":{"full":["https:\/\/imagazine.it\/wp-content\/uploads\/2024\/01\/33327-1.webp",750,500,false],"landscape":["https:\/\/imagazine.it\/wp-content\/uploads\/2024\/01\/33327-1.webp",750,500,false],"portraits":["https:\/\/imagazine.it\/wp-content\/uploads\/2024\/01\/33327-1.webp",750,500,false],"thumbnail":["https:\/\/imagazine.it\/wp-content\/uploads\/2024\/01\/33327-1-150x150.webp",150,150,true],"medium":["https:\/\/imagazine.it\/wp-content\/uploads\/2024\/01\/33327-1-300x200.webp",300,200,true],"large":["https:\/\/imagazine.it\/wp-content\/uploads\/2024\/01\/33327-1.webp",640,427,false],"thumblist":["https:\/\/imagazine.it\/wp-content\/uploads\/2024\/01\/33327-1.webp",300,200,false],"thumbrelated":["https:\/\/imagazine.it\/wp-content\/uploads\/2024\/01\/33327-1.webp",500,333,false],"meccarouselthumb":["https:\/\/imagazine.it\/wp-content\/uploads\/2024\/01\/33327-1.webp",474,316,false],"gridsquare":["https:\/\/imagazine.it\/wp-content\/uploads\/2024\/01\/33327-1.webp",391,260,false],"tileview":["https:\/\/imagazine.it\/wp-content\/uploads\/2024\/01\/33327-1.webp",300,200,false],"1536x1536":["https:\/\/imagazine.it\/wp-content\/uploads\/2024\/01\/33327-1.webp",750,500,false],"2048x2048":["https:\/\/imagazine.it\/wp-content\/uploads\/2024\/01\/33327-1.webp",750,500,false],"newsup-slider-full":["https:\/\/imagazine.it\/wp-content\/uploads\/2024\/01\/33327-1.webp",750,500,false],"newsup-featured":["https:\/\/imagazine.it\/wp-content\/uploads\/2024\/01\/33327-1.webp",750,500,false],"newsup-medium":["https:\/\/imagazine.it\/wp-content\/uploads\/2024\/01\/33327-1-720x380.webp",720,380,true],"tptn_thumbnail":["https:\/\/imagazine.it\/wp-content\/uploads\/2024\/01\/33327-1.webp",250,167,false],"sow-carousel-default":["https:\/\/imagazine.it\/wp-content\/uploads\/2024\/01\/33327-1-272x182.webp",272,182,true]},"rttpg_author":{"display_name":"redazione","author_link":"https:\/\/imagazine.it\/home_desk\/author\/redazione\/"},"rttpg_comment":0,"rttpg_category":"<a href=\"https:\/\/imagazine.it\/home_desk\/category\/attualita\/\" rel=\"category tag\">ATTUALIT\u00c0<\/a>","rttpg_excerpt":"Per l'emergenza Covid-19","_links":{"self":[{"href":"https:\/\/imagazine.it\/home_desk\/wp-json\/wp\/v2\/posts\/32797","targetHints":{"allow":["GET"]}}],"collection":[{"href":"https:\/\/imagazine.it\/home_desk\/wp-json\/wp\/v2\/posts"}],"about":[{"href":"https:\/\/imagazine.it\/home_desk\/wp-json\/wp\/v2\/types\/post"}],"author":[{"embeddable":true,"href":"https:\/\/imagazine.it\/home_desk\/wp-json\/wp\/v2\/users\/28"}],"replies":[{"embeddable":true,"href":"https:\/\/imagazine.it\/home_desk\/wp-json\/wp\/v2\/comments?post=32797"}],"version-history":[{"count":0,"href":"https:\/\/imagazine.it\/home_desk\/wp-json\/wp\/v2\/posts\/32797\/revisions"}],"wp:featuredmedia":[{"embeddable":true,"href":"https:\/\/imagazine.it\/home_desk\/wp-json\/wp\/v2\/media\/32798"}],"wp:attachment":[{"href":"https:\/\/imagazine.it\/home_desk\/wp-json\/wp\/v2\/media?parent=32797"}],"wp:term":[{"taxonomy":"category","embeddable":true,"href":"https:\/\/imagazine.it\/home_desk\/wp-json\/wp\/v2\/categories?post=32797"},{"taxonomy":"post_tag","embeddable":true,"href":"https:\/\/imagazine.it\/home_desk\/wp-json\/wp\/v2\/tags?post=32797"}],"curies":[{"name":"wp","href":"https:\/\/api.w.org\/{rel}","templated":true}]}}