{"id":32791,"date":"2020-03-20T00:00:00","date_gmt":"2020-03-19T23:00:00","guid":{"rendered":"https:\/\/imagazine.it\/?p=32791"},"modified":"2020-03-20T00:00:00","modified_gmt":"2020-03-19T23:00:00","slug":"cividale-omaggia-i-cittadini-illustri","status":"publish","type":"post","link":"https:\/\/imagazine.it\/home_desk\/cividale-omaggia-i-cittadini-illustri\/","title":{"rendered":"Cividale omaggia i cittadini illustri"},"content":{"rendered":"<p>Avviato a Cividale del Friuli l\u2019iter amministrativo per l\u2019intitolazione di immobili e di alcune aree di circolazione ad alcune personalit\u00e0 decedute che si sono distinte in importanti ambiti. A fronte di alcuni suggerimenti pervenuti dai cividalesi, di richieste specifiche e di attente valutazioni da parte dell\u2019Amministrazione, la Giunta, acquisito il parere favorevole della Commissione urbanistica, ha di recente approvato alcuni atti di indirizzo.<\/p>\n<p>\u201cLe intitolazioni vogliono rendere un tributo a cittadini che, con le loro azioni in vita, hanno dato lustro a Cividale e che hanno rappresentato e rappresentano tuttora un esempio civico e umano a monito delle generazioni future\u201d, afferma l\u2019assessore alla cultura <strong>Angela Zappulla<\/strong>. \u00a0<\/p>\n<p>\u201cNe \u00e8 un esempio \u2013 prosegue \u2013 l\u2019area ora denominata Largo Leo Levi, che fu sede del suo ambulatorio di medico condotto. Levi ha subito, in quanto ebreo, le segregazioni razziali e con l\u2019intitolazione a lui dedicata Cividale riafferma, per tutti coloro che hanno subito il suo destino, il fermo ripudio contro ogni forma di intolleranza e discriminazione razziale\u201d.<\/p>\n<p>L\u2019area pubblica antistante l\u2019edificio individuato dai civici 2-4-6 dell\u2019attuale via Patriarcato verr\u00e0 infatti intitolata al <strong>dottor Leo Levi <\/strong>(Modena 1906 \u2013 Cividale del Friuli 1948) medico ebreo trasferitosi a Cividale dopo la vittoria di un concorso pubblico; ebbe studio in Via Patriarcato e fu costretto dalle leggi razziali ad abbandonare l\u2019incarico pubblico e a limitare la propria attivit\u00e0 alla libera professione. Mor\u00ec in seguito al duro periodo da partigiano nella Divisione Garibaldi nella quale furono indispensabili le sue competenze mediche.<\/p>\n<p>Levi non \u00e8 l\u2019unica personalit\u00e0 che sar\u00e0 ricordata. A <strong>Valter Marinigh<\/strong>, (Cividale del Friuli 16\/05\/1946 \u2013 Cividale del Friuli 05\/08\/2016) che \u00e8 stato il presidente pi\u00f9 longevo della societ\u00e0 calcistica di Gagliano (25 anni), dapprima Gaglianese e poi trasformata in Forum Julii, per i suoi meriti sportivi e per la cura costante di tutti gli associati, si \u00e8 deciso di intitolare <strong>l\u2019intero campo sportivo di Gagliano. <\/strong><\/p>\n<p>Ai due <strong>fratelli Cumini, Aldo <\/strong>(15\/11\/1921-28\/09\/2018) e <strong>Romano<\/strong>, (15\/06\/1924-11\/02\/2015), primi proprietari e gestori del Teatro Comunale Adelaide Ristori, per l&#39;impegno e la grande attenzione rivolta al mantenimento della struttura in quasi 50 anni del Teatro, \u00e8 stato deciso di intitolare la sala al primo piano del Ristori stesso.<\/p>\n<p>A <strong>Vico Supan<\/strong>, denominato il \u201cpittore del Natisone\u201d, la cui figlia ha recentemente donato 33 opere, molte delle quali ritraenti proprio il fiume che attraversa al Comune di Cividale, si intitoler\u00e0 la terrazza belvedere (ex pesa) che da Piazzetta San Biagio si affaccia sul fiume Natisone e che ricorda i luoghi dove l\u2019artista operava e dai quali costantemente scrutava le morfologie suggestive e misteriose del fiume. \u00a0<\/p>\n<p>\u201c\u00c8 stato inoltre ritenuto fondamentale dare il rilievo che merita a <strong>Pier Paolo Pasolini<\/strong>, artista e intellettuale poliedrico tra i pi\u00f9 importanti del XX secolo che ha contribuito in modo fondamentale alla cultura del Friuli Venezia Giulia lasciando un segno incancellabile nella storia della regione, spostando l\u2019attuale intitolazione alla nuova area di circolazione di accesso principale a Cividale del Friuli, provenendo da Udine, tratto stradale in costruzione tra la rotonda di via Indipendenza e la rotonda di via del Laterano\u201d, precisa Zappulla.<\/p>\n<p>Per alcuni di questi personaggi non sono trascorsi ancora dieci anni dalla morte, e pertanto gli uffici comunali, prima di confermare la delibera di indirizzo, dovranno acquisire il nulla osta dalla Prefettura e il parere positivo dalla Deputazione di Storia Patria.\u00a0<\/p>\n","protected":false},"excerpt":{"rendered":"<p>Avviato l&#8217;iter amministrativo<\/p>\n","protected":false},"author":28,"featured_media":32792,"comment_status":"closed","ping_status":"closed","sticky":false,"template":"","format":"standard","meta":{"dwc-title":[],"dwc-content":[],"footnotes":""},"categories":[5],"tags":[],"class_list":["post-32791","post","type-post","status-publish","format-standard","has-post-thumbnail","hentry","category-attualita"],"rttpg_featured_image_url":{"full":["https:\/\/imagazine.it\/wp-content\/uploads\/2024\/01\/33324-1.webp",750,569,false],"landscape":["https:\/\/imagazine.it\/wp-content\/uploads\/2024\/01\/33324-1.webp",750,569,false],"portraits":["https:\/\/imagazine.it\/wp-content\/uploads\/2024\/01\/33324-1.webp",750,569,false],"thumbnail":["https:\/\/imagazine.it\/wp-content\/uploads\/2024\/01\/33324-1-150x150.webp",150,150,true],"medium":["https:\/\/imagazine.it\/wp-content\/uploads\/2024\/01\/33324-1-300x228.webp",300,228,true],"large":["https:\/\/imagazine.it\/wp-content\/uploads\/2024\/01\/33324-1.webp",640,486,false],"thumblist":["https:\/\/imagazine.it\/wp-content\/uploads\/2024\/01\/33324-1.webp",300,228,false],"thumbrelated":["https:\/\/imagazine.it\/wp-content\/uploads\/2024\/01\/33324-1.webp",500,379,false],"meccarouselthumb":["https:\/\/imagazine.it\/wp-content\/uploads\/2024\/01\/33324-1.webp",427,324,false],"gridsquare":["https:\/\/imagazine.it\/wp-content\/uploads\/2024\/01\/33324-1.webp",343,260,false],"tileview":["https:\/\/imagazine.it\/wp-content\/uploads\/2024\/01\/33324-1.webp",300,228,false],"1536x1536":["https:\/\/imagazine.it\/wp-content\/uploads\/2024\/01\/33324-1.webp",750,569,false],"2048x2048":["https:\/\/imagazine.it\/wp-content\/uploads\/2024\/01\/33324-1.webp",750,569,false],"newsup-slider-full":["https:\/\/imagazine.it\/wp-content\/uploads\/2024\/01\/33324-1.webp",750,569,false],"newsup-featured":["https:\/\/imagazine.it\/wp-content\/uploads\/2024\/01\/33324-1.webp",750,569,false],"newsup-medium":["https:\/\/imagazine.it\/wp-content\/uploads\/2024\/01\/33324-1-720x380.webp",720,380,true],"tptn_thumbnail":["https:\/\/imagazine.it\/wp-content\/uploads\/2024\/01\/33324-1.webp",250,190,false],"sow-carousel-default":["https:\/\/imagazine.it\/wp-content\/uploads\/2024\/01\/33324-1-272x182.webp",272,182,true]},"rttpg_author":{"display_name":"redazione","author_link":"https:\/\/imagazine.it\/home_desk\/author\/redazione\/"},"rttpg_comment":0,"rttpg_category":"<a href=\"https:\/\/imagazine.it\/home_desk\/category\/attualita\/\" rel=\"category tag\">ATTUALIT\u00c0<\/a>","rttpg_excerpt":"Avviato l'iter amministrativo","_links":{"self":[{"href":"https:\/\/imagazine.it\/home_desk\/wp-json\/wp\/v2\/posts\/32791","targetHints":{"allow":["GET"]}}],"collection":[{"href":"https:\/\/imagazine.it\/home_desk\/wp-json\/wp\/v2\/posts"}],"about":[{"href":"https:\/\/imagazine.it\/home_desk\/wp-json\/wp\/v2\/types\/post"}],"author":[{"embeddable":true,"href":"https:\/\/imagazine.it\/home_desk\/wp-json\/wp\/v2\/users\/28"}],"replies":[{"embeddable":true,"href":"https:\/\/imagazine.it\/home_desk\/wp-json\/wp\/v2\/comments?post=32791"}],"version-history":[{"count":0,"href":"https:\/\/imagazine.it\/home_desk\/wp-json\/wp\/v2\/posts\/32791\/revisions"}],"wp:featuredmedia":[{"embeddable":true,"href":"https:\/\/imagazine.it\/home_desk\/wp-json\/wp\/v2\/media\/32792"}],"wp:attachment":[{"href":"https:\/\/imagazine.it\/home_desk\/wp-json\/wp\/v2\/media?parent=32791"}],"wp:term":[{"taxonomy":"category","embeddable":true,"href":"https:\/\/imagazine.it\/home_desk\/wp-json\/wp\/v2\/categories?post=32791"},{"taxonomy":"post_tag","embeddable":true,"href":"https:\/\/imagazine.it\/home_desk\/wp-json\/wp\/v2\/tags?post=32791"}],"curies":[{"name":"wp","href":"https:\/\/api.w.org\/{rel}","templated":true}]}}