{"id":32783,"date":"2020-03-20T00:00:00","date_gmt":"2020-03-19T23:00:00","guid":{"rendered":"https:\/\/imagazine.it\/?p=32783"},"modified":"2020-03-20T00:00:00","modified_gmt":"2020-03-19T23:00:00","slug":"cervignano-dalla-vendita-del-pane-risorse-contro-il-coronavirus","status":"publish","type":"post","link":"https:\/\/imagazine.it\/home_desk\/cervignano-dalla-vendita-del-pane-risorse-contro-il-coronavirus\/","title":{"rendered":"Cervignano, dalla vendita del pane risorse contro il Coronavirus"},"content":{"rendered":"<p><strong>Adriano Cimpello<\/strong> e <strong>Federica Prez<\/strong>, titolari del Panificio Cimpello di Cervignano del Friuli, hanno inviato una lettera a tutti i panificatori del Friuli Venezia Giulia, per sensibilizzarli a donare una parte degli incassi della vendita del pane nelle proprie attivit\u00e0 per sostenere le strutture ospedaliere regionali impegnate ad affrontare l\u2019emergenza Coronavirus.<\/p>\n<p>&#8220;La nostra &#8211; spiegano nella missiva &#8211; \u00e8 una delle poche categorie che non \u00e8 stata toccata dai vari provvedimenti di chiusura che stanno mettendo in difficolt\u00e0 molte piccole realt\u00e0. Possiamo e dobbiamo fare uno sforzo in pi\u00f9&#8221;.<\/p>\n<p>Ecco il testo della lettera con tutti i dettagli dell\u2019iniziativa:<\/p>\n<p><em>Caro collega, siamo Adriano e Federica, i titolari del Panificio Cimpello di Cervignano del Friuli, ti scriviamo perch\u00e9 in questo momento cos\u00ec difficile per la nostra regione e per l\u2019Italia intera, la nostra \u00e8 una delle poche categorie che non \u00e8 stata toccata dai vari provvedimenti di chiusura che stanno, di fatto, mettendo in difficolt\u00e0 molte piccole realt\u00e0.<\/em><\/p>\n<p><em>Abbiamo quindi pensato che, noi pi\u00f9 di altri, possiamo e dobbiamo fare uno sforzo in pi\u00f9 e aiutare, per quanto nelle nostre possibilit\u00e0, le strutture ospedaliere regionali che si trovano, loro malgrado, in serissime difficolt\u00e0 di mezzi e personale.<\/em><\/p>\n<p><em>Abbiamo quindi deciso di donare una percentuale degli incassi dei prossimi giorni a queste strutture e vorremmo invitare anche te a unirti a noi: insieme potremo dare una grande mano e cercare di sconfiggere questo virus che tanti danni sta facendo alle nostre comunit\u00e0.<\/em><\/p>\n<p><em>Stiamo in questi giorni prendendo contatto con le strutture di Udine, Gorizia, Trieste, Pordenone e non ultima Palmanova che, proprio in queste ore vede il suo ex reparto maternit\u00e0 riconvertito per degenti infetti da Covid-19: se sar\u00e0 possibile, \u00e8 nostro intento donare le somme direttamente agli ospedali (stiamo valutando anche l\u2019utilizzo di una piattaforma di raccolta): ti chiediamo intanto di aiutarci a diffondere questa iniziativa, condividendo questa mail a tutti i \u201ccolleghi\u201d panificatori che conosci e di farci sapere se sei interessato a partecipare facendoci pervenire la tua mail all\u2019indirizzo panificiocimpellosnc@virgilio.it di modo che potremo tenerti informato sugli sviluppi futuri.<\/em><\/p>\n<p><em>Grazie del tempo che ci hai dedicato, speriamo di poter contare anche su di te! \u00a0<\/em><\/p>\n<p><em>Un caro saluto.<\/em><\/p>\n","protected":false},"excerpt":{"rendered":"<p>Iniziativa di respiro regionale<\/p>\n","protected":false},"author":28,"featured_media":32784,"comment_status":"closed","ping_status":"closed","sticky":false,"template":"","format":"standard","meta":{"dwc-title":[],"dwc-content":[],"footnotes":""},"categories":[6],"tags":[],"class_list":["post-32783","post","type-post","status-publish","format-standard","has-post-thumbnail","hentry","category-societa"],"rttpg_featured_image_url":{"full":["https:\/\/imagazine.it\/wp-content\/uploads\/2024\/01\/33317-1.webp",750,434,false],"landscape":["https:\/\/imagazine.it\/wp-content\/uploads\/2024\/01\/33317-1.webp",750,434,false],"portraits":["https:\/\/imagazine.it\/wp-content\/uploads\/2024\/01\/33317-1.webp",750,434,false],"thumbnail":["https:\/\/imagazine.it\/wp-content\/uploads\/2024\/01\/33317-1-150x150.webp",150,150,true],"medium":["https:\/\/imagazine.it\/wp-content\/uploads\/2024\/01\/33317-1-300x174.webp",300,174,true],"large":["https:\/\/imagazine.it\/wp-content\/uploads\/2024\/01\/33317-1.webp",640,370,false],"thumblist":["https:\/\/imagazine.it\/wp-content\/uploads\/2024\/01\/33317-1.webp",300,174,false],"thumbrelated":["https:\/\/imagazine.it\/wp-content\/uploads\/2024\/01\/33317-1.webp",500,289,false],"meccarouselthumb":["https:\/\/imagazine.it\/wp-content\/uploads\/2024\/01\/33317-1.webp",474,274,false],"gridsquare":["https:\/\/imagazine.it\/wp-content\/uploads\/2024\/01\/33317-1.webp",391,226,false],"tileview":["https:\/\/imagazine.it\/wp-content\/uploads\/2024\/01\/33317-1.webp",300,174,false],"1536x1536":["https:\/\/imagazine.it\/wp-content\/uploads\/2024\/01\/33317-1.webp",750,434,false],"2048x2048":["https:\/\/imagazine.it\/wp-content\/uploads\/2024\/01\/33317-1.webp",750,434,false],"newsup-slider-full":["https:\/\/imagazine.it\/wp-content\/uploads\/2024\/01\/33317-1.webp",750,434,false],"newsup-featured":["https:\/\/imagazine.it\/wp-content\/uploads\/2024\/01\/33317-1.webp",750,434,false],"newsup-medium":["https:\/\/imagazine.it\/wp-content\/uploads\/2024\/01\/33317-1-720x380.webp",720,380,true],"tptn_thumbnail":["https:\/\/imagazine.it\/wp-content\/uploads\/2024\/01\/33317-1.webp",250,145,false],"sow-carousel-default":["https:\/\/imagazine.it\/wp-content\/uploads\/2024\/01\/33317-1-272x182.webp",272,182,true]},"rttpg_author":{"display_name":"redazione","author_link":"https:\/\/imagazine.it\/home_desk\/author\/redazione\/"},"rttpg_comment":0,"rttpg_category":"<a href=\"https:\/\/imagazine.it\/home_desk\/category\/societa\/\" rel=\"category tag\">SOCIET\u00c0<\/a>","rttpg_excerpt":"Iniziativa di respiro regionale","_links":{"self":[{"href":"https:\/\/imagazine.it\/home_desk\/wp-json\/wp\/v2\/posts\/32783","targetHints":{"allow":["GET"]}}],"collection":[{"href":"https:\/\/imagazine.it\/home_desk\/wp-json\/wp\/v2\/posts"}],"about":[{"href":"https:\/\/imagazine.it\/home_desk\/wp-json\/wp\/v2\/types\/post"}],"author":[{"embeddable":true,"href":"https:\/\/imagazine.it\/home_desk\/wp-json\/wp\/v2\/users\/28"}],"replies":[{"embeddable":true,"href":"https:\/\/imagazine.it\/home_desk\/wp-json\/wp\/v2\/comments?post=32783"}],"version-history":[{"count":0,"href":"https:\/\/imagazine.it\/home_desk\/wp-json\/wp\/v2\/posts\/32783\/revisions"}],"wp:featuredmedia":[{"embeddable":true,"href":"https:\/\/imagazine.it\/home_desk\/wp-json\/wp\/v2\/media\/32784"}],"wp:attachment":[{"href":"https:\/\/imagazine.it\/home_desk\/wp-json\/wp\/v2\/media?parent=32783"}],"wp:term":[{"taxonomy":"category","embeddable":true,"href":"https:\/\/imagazine.it\/home_desk\/wp-json\/wp\/v2\/categories?post=32783"},{"taxonomy":"post_tag","embeddable":true,"href":"https:\/\/imagazine.it\/home_desk\/wp-json\/wp\/v2\/tags?post=32783"}],"curies":[{"name":"wp","href":"https:\/\/api.w.org\/{rel}","templated":true}]}}