{"id":32781,"date":"2020-03-19T00:00:00","date_gmt":"2020-03-18T23:00:00","guid":{"rendered":"https:\/\/imagazine.it\/?p=32781"},"modified":"2020-03-19T00:00:00","modified_gmt":"2020-03-18T23:00:00","slug":"stop-a-passeggiate-e-attivita-sportive-allaperto-in-friuli-venezia-giulia","status":"publish","type":"post","link":"https:\/\/imagazine.it\/home_desk\/stop-a-passeggiate-e-attivita-sportive-allaperto-in-friuli-venezia-giulia\/","title":{"rendered":"Stop a passeggiate e attivit\u00e0 sportive all&#8217;aperto in Friuli Venezia Giulia"},"content":{"rendered":"<p>Il presidente della Regione Friuli Venezia Giulia, Massimiliano Fedriga, ha firmato una nuova ordinanza con\u00a0<strong>Misure urgenti in materia di contenimento e gestione dell\u2019emergenza epidemiologica da COVID-2019.<\/strong><\/p>\n<p><strong>Questi i punti principali:<\/strong><\/p>\n<p><strong>1.<\/strong> in attuazione del divieto di spostamento dal proprio domicilio, dalla propria residenza o dalla propria dimora, ad eccezione delle specifiche necessit\u00e0 normativamente individuate, nonch\u00e9 in attuazione del divieto di creare assembramenti in luoghi pubblici o aperti al pubblico, \u00e8 fatto divieto di svolgere attivit\u00e0 motorie o sportive, nonch\u00e9 di effettuare passeggiate o comunque di intrattenersi, in aree frequentate da pi\u00f9 persone, con particolare riguardo a parchi pubblici o aperti al pubblico, giardini pubblici o aperti al pubblico, o altre aree che possano comunque attrarre la presenza di pi\u00f9 persone contemporaneamente;<\/p>\n<p><strong>2.<\/strong> al fine di attuare la disposizione di cui al precedente punto n. 1, ai Sindaci \u00e8 fatto obbligo di disporre la chiusura di tutti i parchi pubblici o aperti al pubblico, giardini pubblici o aperti al pubblico, o altre aree che possano comunque attrarre la presenza di pi\u00f9 persone contemporaneamente;<\/p>\n<p><strong>3.<\/strong> a tutti i Cittadini della Regione \u00e8 fatto obbligo di limitare i propri spostamenti esclusivamente alle strette necessit\u00e0 di lavoro, personali o di salute definite dalla citata normativa nazionale e di autocertificare tali necessit\u00e0 nelle forme dalla stessa prescritte, per l\u2019eventuale verifica da parte delle competenti Autorit\u00e0;<\/p>\n<p><strong>4. <\/strong>a tutti i Cittadini della Regione, nell\u2019accedere agli esercizi aperti al pubblico per approvvigionarsi del necessario, \u00e8 fatto obbligo di limitare l\u2019accesso all\u2019interno dei locali ad un solo componente del nucleo familiare, salvo comprovati motivi di assistenza ad altre persone.<\/p>\n<p><strong>5. <\/strong>la chiusura<strong>, <\/strong>nella giornata di domenica, di tutti gli esercizi commerciali di qualsiasi natura, fatte salve le farmacie, le parafarmacie e le edicole.<\/p>\n<p>L&#39;ordinanza ha validit\u00e0 dal 20\/03\/2020 al 03\/04\/2020, salvo proroga dell\u2019efficacia del DPCM del 09 \/03\/2020 e del DPCM dell\u201911\/03\/2020 e fino a nuovo provvedimento.<\/p>\n","protected":false},"excerpt":{"rendered":"<p>Dal 20 marzo al 3 aprile<\/p>\n","protected":false},"author":28,"featured_media":32782,"comment_status":"closed","ping_status":"closed","sticky":false,"template":"","format":"standard","meta":{"dwc-title":[],"dwc-content":[],"footnotes":""},"categories":[5],"tags":[],"class_list":["post-32781","post","type-post","status-publish","format-standard","has-post-thumbnail","hentry","category-attualita"],"rttpg_featured_image_url":{"full":["https:\/\/imagazine.it\/wp-content\/uploads\/2024\/01\/33316-1.webp",750,501,false],"landscape":["https:\/\/imagazine.it\/wp-content\/uploads\/2024\/01\/33316-1.webp",750,501,false],"portraits":["https:\/\/imagazine.it\/wp-content\/uploads\/2024\/01\/33316-1.webp",750,501,false],"thumbnail":["https:\/\/imagazine.it\/wp-content\/uploads\/2024\/01\/33316-1-150x150.webp",150,150,true],"medium":["https:\/\/imagazine.it\/wp-content\/uploads\/2024\/01\/33316-1-300x200.webp",300,200,true],"large":["https:\/\/imagazine.it\/wp-content\/uploads\/2024\/01\/33316-1.webp",640,428,false],"thumblist":["https:\/\/imagazine.it\/wp-content\/uploads\/2024\/01\/33316-1.webp",300,200,false],"thumbrelated":["https:\/\/imagazine.it\/wp-content\/uploads\/2024\/01\/33316-1.webp",500,334,false],"meccarouselthumb":["https:\/\/imagazine.it\/wp-content\/uploads\/2024\/01\/33316-1.webp",474,317,false],"gridsquare":["https:\/\/imagazine.it\/wp-content\/uploads\/2024\/01\/33316-1.webp",389,260,false],"tileview":["https:\/\/imagazine.it\/wp-content\/uploads\/2024\/01\/33316-1.webp",300,200,false],"1536x1536":["https:\/\/imagazine.it\/wp-content\/uploads\/2024\/01\/33316-1.webp",750,501,false],"2048x2048":["https:\/\/imagazine.it\/wp-content\/uploads\/2024\/01\/33316-1.webp",750,501,false],"newsup-slider-full":["https:\/\/imagazine.it\/wp-content\/uploads\/2024\/01\/33316-1.webp",750,501,false],"newsup-featured":["https:\/\/imagazine.it\/wp-content\/uploads\/2024\/01\/33316-1.webp",750,501,false],"newsup-medium":["https:\/\/imagazine.it\/wp-content\/uploads\/2024\/01\/33316-1-720x380.webp",720,380,true],"tptn_thumbnail":["https:\/\/imagazine.it\/wp-content\/uploads\/2024\/01\/33316-1.webp",250,167,false],"sow-carousel-default":["https:\/\/imagazine.it\/wp-content\/uploads\/2024\/01\/33316-1-272x182.webp",272,182,true]},"rttpg_author":{"display_name":"redazione","author_link":"https:\/\/imagazine.it\/home_desk\/author\/redazione\/"},"rttpg_comment":0,"rttpg_category":"<a href=\"https:\/\/imagazine.it\/home_desk\/category\/attualita\/\" rel=\"category tag\">ATTUALIT\u00c0<\/a>","rttpg_excerpt":"Dal 20 marzo al 3 aprile","_links":{"self":[{"href":"https:\/\/imagazine.it\/home_desk\/wp-json\/wp\/v2\/posts\/32781","targetHints":{"allow":["GET"]}}],"collection":[{"href":"https:\/\/imagazine.it\/home_desk\/wp-json\/wp\/v2\/posts"}],"about":[{"href":"https:\/\/imagazine.it\/home_desk\/wp-json\/wp\/v2\/types\/post"}],"author":[{"embeddable":true,"href":"https:\/\/imagazine.it\/home_desk\/wp-json\/wp\/v2\/users\/28"}],"replies":[{"embeddable":true,"href":"https:\/\/imagazine.it\/home_desk\/wp-json\/wp\/v2\/comments?post=32781"}],"version-history":[{"count":0,"href":"https:\/\/imagazine.it\/home_desk\/wp-json\/wp\/v2\/posts\/32781\/revisions"}],"wp:featuredmedia":[{"embeddable":true,"href":"https:\/\/imagazine.it\/home_desk\/wp-json\/wp\/v2\/media\/32782"}],"wp:attachment":[{"href":"https:\/\/imagazine.it\/home_desk\/wp-json\/wp\/v2\/media?parent=32781"}],"wp:term":[{"taxonomy":"category","embeddable":true,"href":"https:\/\/imagazine.it\/home_desk\/wp-json\/wp\/v2\/categories?post=32781"},{"taxonomy":"post_tag","embeddable":true,"href":"https:\/\/imagazine.it\/home_desk\/wp-json\/wp\/v2\/tags?post=32781"}],"curies":[{"name":"wp","href":"https:\/\/api.w.org\/{rel}","templated":true}]}}