{"id":32759,"date":"2020-03-18T00:00:00","date_gmt":"2020-03-17T23:00:00","guid":{"rendered":"https:\/\/imagazine.it\/?p=32759"},"modified":"2020-03-18T00:00:00","modified_gmt":"2020-03-17T23:00:00","slug":"nel-week-end-colpo-di-coda-dellinverno","status":"publish","type":"post","link":"https:\/\/imagazine.it\/home_desk\/nel-week-end-colpo-di-coda-dellinverno\/","title":{"rendered":"Nel week end colpo di coda dell&#8217;inverno"},"content":{"rendered":"<p>Proprio nei giorni in cui arriva ufficialmente la primavera, il meteo ci riporter\u00e0 bruscamente in inverno.<\/p>\n<p>Secondo dell&#39;ARPA, infatti, a partire dal pomeriggio di sabato 21 marzo, il Friuli Venezia Giulia sar\u00e0 interessato da un bruso mutamento climatico, rispetto alle giornate di questa settimana. Inizieranno infatti a spirare forti venti gelidi di bora, accompagnati inizialmente anche da una fase perturbata che potrebbe portare precipitazioni nevose fino ai 500 metri di altitudine durante la mattinata di domenica.<\/p>\n<p><a href=\"http:\/\/imagazinevideotruck.it\/outlet\/relink.html\" target=\"_top\" rel=\"noopener\"><img loading=\"lazy\" decoding=\"async\" align=\"LEFT\" height=\"250\" src=\"http:\/\/imagazinevideotruck.it\/outlet\/outlet30.gif\" width=\"300\" alt=\"\" title=\"\"><\/a><\/p>\n<p>\u00a0<\/p>\n<p>\u00a0<\/p>\n<p>\u00a0<\/p>\n<p>\u00a0<\/p>\n<p>\u00a0<\/p>\n<p>\u00a0<\/p>\n<p>\u00a0<\/p>\n<p>\u00a0<\/p>\n<p>\u00a0<\/p>\n<p>In serata torner\u00e0 ad aumentare l&#39;intensit\u00e0 del vento, spazzando via le nubi un po&#39; ovunque. L&#39;inizio della prossima settimana sar\u00e0 cos\u00ec all&#39;insegna del bel tempo soleggiato, ma anche del freddo, in particolare al mattino quando le temperature potrebbero scendere addirittura sotto zero nella maggior parte delle localit\u00e0 regionali. Ma anche durante il giorno la percezione non cambier\u00e0, con temperature massime attese sotto i 10\u00b0C.\u00a0<\/p>\n<p>Bisogner\u00e0 poi attendere la seconda met\u00e0 della prossima settimana per assistere a un graduale aumento termico.<\/p>\n","protected":false},"excerpt":{"rendered":"<p>In arrivo un fronte freddo<\/p>\n","protected":false},"author":28,"featured_media":32760,"comment_status":"closed","ping_status":"closed","sticky":false,"template":"","format":"standard","meta":{"dwc-title":[],"dwc-content":[],"footnotes":""},"categories":[5],"tags":[],"class_list":["post-32759","post","type-post","status-publish","format-standard","has-post-thumbnail","hentry","category-attualita"],"rttpg_featured_image_url":{"full":["https:\/\/imagazine.it\/wp-content\/uploads\/2024\/01\/33293-1.webp",750,469,false],"landscape":["https:\/\/imagazine.it\/wp-content\/uploads\/2024\/01\/33293-1.webp",750,469,false],"portraits":["https:\/\/imagazine.it\/wp-content\/uploads\/2024\/01\/33293-1.webp",750,469,false],"thumbnail":["https:\/\/imagazine.it\/wp-content\/uploads\/2024\/01\/33293-1-150x150.webp",150,150,true],"medium":["https:\/\/imagazine.it\/wp-content\/uploads\/2024\/01\/33293-1-300x188.webp",300,188,true],"large":["https:\/\/imagazine.it\/wp-content\/uploads\/2024\/01\/33293-1.webp",640,400,false],"thumblist":["https:\/\/imagazine.it\/wp-content\/uploads\/2024\/01\/33293-1.webp",300,188,false],"thumbrelated":["https:\/\/imagazine.it\/wp-content\/uploads\/2024\/01\/33293-1.webp",500,313,false],"meccarouselthumb":["https:\/\/imagazine.it\/wp-content\/uploads\/2024\/01\/33293-1.webp",474,296,false],"gridsquare":["https:\/\/imagazine.it\/wp-content\/uploads\/2024\/01\/33293-1.webp",391,245,false],"tileview":["https:\/\/imagazine.it\/wp-content\/uploads\/2024\/01\/33293-1.webp",300,188,false],"1536x1536":["https:\/\/imagazine.it\/wp-content\/uploads\/2024\/01\/33293-1.webp",750,469,false],"2048x2048":["https:\/\/imagazine.it\/wp-content\/uploads\/2024\/01\/33293-1.webp",750,469,false],"newsup-slider-full":["https:\/\/imagazine.it\/wp-content\/uploads\/2024\/01\/33293-1.webp",750,469,false],"newsup-featured":["https:\/\/imagazine.it\/wp-content\/uploads\/2024\/01\/33293-1.webp",750,469,false],"newsup-medium":["https:\/\/imagazine.it\/wp-content\/uploads\/2024\/01\/33293-1-720x380.webp",720,380,true],"tptn_thumbnail":["https:\/\/imagazine.it\/wp-content\/uploads\/2024\/01\/33293-1.webp",250,156,false],"sow-carousel-default":["https:\/\/imagazine.it\/wp-content\/uploads\/2024\/01\/33293-1-272x182.webp",272,182,true]},"rttpg_author":{"display_name":"redazione","author_link":"https:\/\/imagazine.it\/home_desk\/author\/redazione\/"},"rttpg_comment":0,"rttpg_category":"<a href=\"https:\/\/imagazine.it\/home_desk\/category\/attualita\/\" rel=\"category tag\">ATTUALIT\u00c0<\/a>","rttpg_excerpt":"In arrivo un fronte freddo","_links":{"self":[{"href":"https:\/\/imagazine.it\/home_desk\/wp-json\/wp\/v2\/posts\/32759","targetHints":{"allow":["GET"]}}],"collection":[{"href":"https:\/\/imagazine.it\/home_desk\/wp-json\/wp\/v2\/posts"}],"about":[{"href":"https:\/\/imagazine.it\/home_desk\/wp-json\/wp\/v2\/types\/post"}],"author":[{"embeddable":true,"href":"https:\/\/imagazine.it\/home_desk\/wp-json\/wp\/v2\/users\/28"}],"replies":[{"embeddable":true,"href":"https:\/\/imagazine.it\/home_desk\/wp-json\/wp\/v2\/comments?post=32759"}],"version-history":[{"count":0,"href":"https:\/\/imagazine.it\/home_desk\/wp-json\/wp\/v2\/posts\/32759\/revisions"}],"wp:featuredmedia":[{"embeddable":true,"href":"https:\/\/imagazine.it\/home_desk\/wp-json\/wp\/v2\/media\/32760"}],"wp:attachment":[{"href":"https:\/\/imagazine.it\/home_desk\/wp-json\/wp\/v2\/media?parent=32759"}],"wp:term":[{"taxonomy":"category","embeddable":true,"href":"https:\/\/imagazine.it\/home_desk\/wp-json\/wp\/v2\/categories?post=32759"},{"taxonomy":"post_tag","embeddable":true,"href":"https:\/\/imagazine.it\/home_desk\/wp-json\/wp\/v2\/tags?post=32759"}],"curies":[{"name":"wp","href":"https:\/\/api.w.org\/{rel}","templated":true}]}}