{"id":32757,"date":"2020-03-18T00:00:00","date_gmt":"2020-03-17T23:00:00","guid":{"rendered":"https:\/\/imagazine.it\/?p=32757"},"modified":"2020-03-18T00:00:00","modified_gmt":"2020-03-17T23:00:00","slug":"coronavirus-richiesta-dal-fvg-rinviare-vinitaly-di-un-anno","status":"publish","type":"post","link":"https:\/\/imagazine.it\/home_desk\/coronavirus-richiesta-dal-fvg-rinviare-vinitaly-di-un-anno\/","title":{"rendered":"Coronavirus, richiesta dal FVG: rinviare Vinitaly di un anno"},"content":{"rendered":"<p>\u201cDopo un\u2019ampia consultazione con la base associativa, siamo arrivati alla determinazione di formalizzare la richiesta, a VeronaFiere, di rinviare al 2021 l\u2019edizione annuale del Vinitaly (ora solo rimandato al 14-17 giugno)\u201d.<\/p>\n<p>Ad annunciarlo \u00e8 <strong>Michele Pace Perusini<\/strong>, presidente della Sezione economica regionale viticoltura di Confagricoltura.<\/p>\n<p>\u201cSe fino a qualche giorno fa, il rinvio a giugno poteva essere, in parte, condivisibile, con le disposizioni sulle nuove restrizioni conseguenti alla grave infezione del Covid-19, ora non lo \u00e8 pi\u00f9. I tempi per uscire dalla pandemia si complicano e si allungano quindi \u2013 aggiunge Pace Perusini \u2013Confagricoltura chiede il rinvio dell\u2019edizione annuale della Fiera al 2021.\u00a0I motivi sono molteplici.\u00a0<em>In primis<\/em>, quello che ci spinge a formulare la richiesta \u00e8 basato dalla necessit\u00e0 di tutelare i vignaioli. Partecipare a questo importante evento, infatti, richiede molte risorse economiche che dovrebbero essere finalizzate a un certo successo di vendite da realizzare a Verona. In queste condizioni,\u00a0contrariamente a quanto sostenuto da altri, probabilmente, ci\u00f2 non \u00e8 pi\u00f9 possibile e, dunque, la dispendiosa partecipazione si tramuterebbe in un\u2019ulteriore perdita economica in un momento cos\u00ec complicato e difficile per tutte le nostre aziende\u201d.<\/p>\n<p><a href=\"http:\/\/imagazinevideotruck.it\/outlet\/relink.html\" target=\"_top\" rel=\"noopener\"><img loading=\"lazy\" decoding=\"async\" align=\"LEFT\" height=\"250\" src=\"http:\/\/imagazinevideotruck.it\/outlet\/outlet30.gif\" width=\"300\" alt=\"\" title=\"\"><\/a><\/p>\n<p>\u00a0<\/p>\n<p>\u00a0<\/p>\n<p>\u00a0<\/p>\n<p>\u00a0<\/p>\n<p>\u00a0<\/p>\n<p>\u00a0<\/p>\n<p>\u00a0<\/p>\n<p>\u00a0<\/p>\n<p>\u00a0<\/p>\n<p>\u201cNon \u00e8 un caso \u2013 prosegue il presidente \u2013 che gi\u00e0 il 50 per cento dei produttori che avevano deciso di partecipare al Vinitaly nello stand collettivo dell\u2019Ersa (importante voce di bilancio dell&#39;ente), ha deciso di disdire l\u2019iscrizione alla Fiera. Inoltre, in giugno le viti sono in piena vegetazioni e i vignaioli, soprattutto quelli di piccole-medie dimensioni, sono assai impegnati nella loro cura rendendo praticamente impossibile l\u2019assenza dall\u2019azienda per 4-5 giorni consecutivi. Infine \u2013 \u00e8 la conclusione di Pace Perusini \u2013 se in giugno, \u00e8 sperabile, l\u2019Italia sar\u00e0 fuori dall\u2019emergenza, cos\u00ec non sar\u00e0 per gli altri Paesi europei che si sono mossi in ritardo nel reagire all\u2019infezione e, dunque, i loro mercati risentiranno delle mancate vendite della ristorazione, a esempio. Dunque, che cosa verrebbero ad acquistare a Verona? E per vendere quando? Con quali libert\u00e0 di spostamento?\u201d\u00a0<\/p>\n","protected":false},"excerpt":{"rendered":"<p>Attualmente posticipato a giugno<\/p>\n","protected":false},"author":28,"featured_media":32758,"comment_status":"closed","ping_status":"closed","sticky":false,"template":"","format":"standard","meta":{"dwc-title":[],"dwc-content":[],"footnotes":""},"categories":[5],"tags":[],"class_list":["post-32757","post","type-post","status-publish","format-standard","has-post-thumbnail","hentry","category-attualita"],"rttpg_featured_image_url":{"full":["https:\/\/imagazine.it\/wp-content\/uploads\/2024\/01\/33292-1.webp",750,495,false],"landscape":["https:\/\/imagazine.it\/wp-content\/uploads\/2024\/01\/33292-1.webp",750,495,false],"portraits":["https:\/\/imagazine.it\/wp-content\/uploads\/2024\/01\/33292-1.webp",750,495,false],"thumbnail":["https:\/\/imagazine.it\/wp-content\/uploads\/2024\/01\/33292-1-150x150.webp",150,150,true],"medium":["https:\/\/imagazine.it\/wp-content\/uploads\/2024\/01\/33292-1-300x198.webp",300,198,true],"large":["https:\/\/imagazine.it\/wp-content\/uploads\/2024\/01\/33292-1.webp",640,422,false],"thumblist":["https:\/\/imagazine.it\/wp-content\/uploads\/2024\/01\/33292-1.webp",300,198,false],"thumbrelated":["https:\/\/imagazine.it\/wp-content\/uploads\/2024\/01\/33292-1.webp",500,330,false],"meccarouselthumb":["https:\/\/imagazine.it\/wp-content\/uploads\/2024\/01\/33292-1.webp",474,313,false],"gridsquare":["https:\/\/imagazine.it\/wp-content\/uploads\/2024\/01\/33292-1.webp",391,258,false],"tileview":["https:\/\/imagazine.it\/wp-content\/uploads\/2024\/01\/33292-1.webp",300,198,false],"1536x1536":["https:\/\/imagazine.it\/wp-content\/uploads\/2024\/01\/33292-1.webp",750,495,false],"2048x2048":["https:\/\/imagazine.it\/wp-content\/uploads\/2024\/01\/33292-1.webp",750,495,false],"newsup-slider-full":["https:\/\/imagazine.it\/wp-content\/uploads\/2024\/01\/33292-1.webp",750,495,false],"newsup-featured":["https:\/\/imagazine.it\/wp-content\/uploads\/2024\/01\/33292-1.webp",750,495,false],"newsup-medium":["https:\/\/imagazine.it\/wp-content\/uploads\/2024\/01\/33292-1-720x380.webp",720,380,true],"tptn_thumbnail":["https:\/\/imagazine.it\/wp-content\/uploads\/2024\/01\/33292-1.webp",250,165,false],"sow-carousel-default":["https:\/\/imagazine.it\/wp-content\/uploads\/2024\/01\/33292-1-272x182.webp",272,182,true]},"rttpg_author":{"display_name":"redazione","author_link":"https:\/\/imagazine.it\/home_desk\/author\/redazione\/"},"rttpg_comment":0,"rttpg_category":"<a href=\"https:\/\/imagazine.it\/home_desk\/category\/attualita\/\" rel=\"category tag\">ATTUALIT\u00c0<\/a>","rttpg_excerpt":"Attualmente posticipato a giugno","_links":{"self":[{"href":"https:\/\/imagazine.it\/home_desk\/wp-json\/wp\/v2\/posts\/32757","targetHints":{"allow":["GET"]}}],"collection":[{"href":"https:\/\/imagazine.it\/home_desk\/wp-json\/wp\/v2\/posts"}],"about":[{"href":"https:\/\/imagazine.it\/home_desk\/wp-json\/wp\/v2\/types\/post"}],"author":[{"embeddable":true,"href":"https:\/\/imagazine.it\/home_desk\/wp-json\/wp\/v2\/users\/28"}],"replies":[{"embeddable":true,"href":"https:\/\/imagazine.it\/home_desk\/wp-json\/wp\/v2\/comments?post=32757"}],"version-history":[{"count":0,"href":"https:\/\/imagazine.it\/home_desk\/wp-json\/wp\/v2\/posts\/32757\/revisions"}],"wp:featuredmedia":[{"embeddable":true,"href":"https:\/\/imagazine.it\/home_desk\/wp-json\/wp\/v2\/media\/32758"}],"wp:attachment":[{"href":"https:\/\/imagazine.it\/home_desk\/wp-json\/wp\/v2\/media?parent=32757"}],"wp:term":[{"taxonomy":"category","embeddable":true,"href":"https:\/\/imagazine.it\/home_desk\/wp-json\/wp\/v2\/categories?post=32757"},{"taxonomy":"post_tag","embeddable":true,"href":"https:\/\/imagazine.it\/home_desk\/wp-json\/wp\/v2\/tags?post=32757"}],"curies":[{"name":"wp","href":"https:\/\/api.w.org\/{rel}","templated":true}]}}