{"id":32733,"date":"2020-03-16T00:00:00","date_gmt":"2020-03-15T23:00:00","guid":{"rendered":"https:\/\/imagazine.it\/?p=32733"},"modified":"2020-03-16T00:00:00","modified_gmt":"2020-03-15T23:00:00","slug":"gli-anziani-nel-cuore","status":"publish","type":"post","link":"https:\/\/imagazine.it\/home_desk\/gli-anziani-nel-cuore\/","title":{"rendered":"Gli anziani nel cuore"},"content":{"rendered":"<p>Questo il messaggio che \u00e8 stato inviato dal Gruppo Costumi Tradizionali Bisiachi agli animatori delle 17 Case di Riposo seguite dai volontari del Coro, affinch\u00e9 sia letto agli ospiti, per spiegare loro la mancanza dei tanto attesi appuntamenti: &#8220;Carissimi amici, ci mancate tanto, come sapete a causa di questo brutto virus che sta girando in Italia e nel mondo, non possiamo venire a trovarvi, perch\u00e9 c&#39;\u00e8 il rischio che noi vi portiamo dall&#39;esterno il contagio. Speriamo che questo brutto periodo passi presto in modo da potervi riabbracciare. Intanto cantate le nostre canzoni. Vi vogliamo bene! Gli amici del Gruppo Costumi Tradizionali Bisiachi&#8221;.<\/p>\n<p><strong>Cogliamo l\u2019occasione per chiedere alla <\/strong><strong>presidente del Coro del Gruppo Costumi Tradizionali Bisiachi, Caterina Chittaro, quali<\/strong> <strong>sono le attivit\u00e0 che il coro svolge nelle Case di Riposo?<\/strong><\/p>\n<p>\u201cCome noto, sin dal 2003, i volontari del Coro intrattengono settimanalmente, con musica e canti, gli ospiti di 17 strutture protette delle provincie di Gorizia, Udine e Trieste. Questo nostro appuntamento, \u00e8 molto atteso dagli ospiti ed \u00e8 stato monitorato da medici ed esperti che hanno attestato l&#39;evidente beneficio psicofisico ottenuto dagli anziani. Testimoniano la validit\u00e0 del progetto solidale \u201cVariEt\u00e0\u201d, cos\u00ec si intitola, le richieste che continuano ad arrivarci da tutte le parti della regione e alle quali il Gruppo fatica a far fronte\u201d.<\/p>\n<p><strong>Questa attivit\u00e0 ha avuto alcuni importanti riconoscimenti\u2026<\/strong><\/p>\n<p>\u201cIl progetto solidale VariEt\u00e0 \u00e8 riconosciuto di &#8220;Particolare Interesse&#8221; dalla Regione Friuli Venezia Giulia e ha ottenuto nel 2018 la &#8220;Segnalazione di Buon Esempio&#8221; al Premio Nazionale Persona e Comunit\u00e0 a Torino. Inoltre TV 2000 ha dedicato al progetto uno spazio nella trasmissione Siamo Noi &#8211; Musica e Progetti Sociali\u201d.<\/p>\n<p><strong>Oltre a questo progetto quali sono le altre attivit\u00e0 del vostro Gruppo?<\/strong><\/p>\n<p>\u201cL&#39;attivit\u00e0 del Gruppo Costumi Tradizionali Bisiachi \u00e8 molto varia, ci occupiamo della valorizzazione del patrimonio storico, culturale, linguistico, artigianale e artistico locale, alla promozione della Bisiacaria e del Friuli Venezia Giulia. Partecipiamo alle pi\u00f9 importanti manifestazioni folcloristiche europee, allestiamo mostre a tema, curiamo una nostra attivit\u00e0 editoriale, organizziamo corsi di lingue, tombolo, ballo&#8230; Collaboriamo con le scuole, abbiamo al nostro interno tre cori premiati in diverse occasioni: adulti, voci bianche, propedeutica, siamo stati riconosciuti dal MIBAC &#8220;Gruppo di Musica Popolare e Amatoriale di Interesse Nazionale&#8221; e abbiamo ricevuto per la nostra attivit\u00e0 la Medaglia di Rappresentanza dal Presidente della Repubblica Giorgio Napolitano. Tutto ci\u00f2 ci rende ovviamente orgogliosi, per\u00f2, l&#39;attivit\u00e0 che consideriamo un dovere morale e che ci coinvolge di pi\u00f9 emotivamente \u00e8 proprio quella che svolgiamo nelle Case di Riposo dove, nonostante la bravura degli operatori, c&#39;\u00e8 tanta solitudine e il tempo scorre lento\u201d.<\/p>\n<p><strong>In questo momento la vostra presenza \u00e8 doverosamente sospesa.<\/strong><\/p>\n<p>\u201cOra si devono seguire le linee guida del governo \u201cIo Resto a Casa\u201d, sperare che tutto questo finisca presto, e tutto venga messo in sicurezza, specialmente il mondo degli anziani che sono quelli pi\u00f9 deboli, pi\u00f9 indifesi e fragili. Non appena possibile contiamo di ripartire con pi\u00f9 voglia e con la solita perspicacia che il gruppo ha sempre dimostrato\u201d.<\/p>\n","protected":false},"excerpt":{"rendered":"<p>Intervista a Caterina Chittaro<\/p>\n","protected":false},"author":22,"featured_media":32734,"comment_status":"closed","ping_status":"closed","sticky":false,"template":"","format":"standard","meta":{"dwc-title":[],"dwc-content":[],"footnotes":""},"categories":[5],"tags":[],"class_list":["post-32733","post","type-post","status-publish","format-standard","has-post-thumbnail","hentry","category-attualita"],"rttpg_featured_image_url":{"full":["https:\/\/imagazine.it\/wp-content\/uploads\/2024\/01\/33277-1.webp",750,484,false],"landscape":["https:\/\/imagazine.it\/wp-content\/uploads\/2024\/01\/33277-1.webp",750,484,false],"portraits":["https:\/\/imagazine.it\/wp-content\/uploads\/2024\/01\/33277-1.webp",750,484,false],"thumbnail":["https:\/\/imagazine.it\/wp-content\/uploads\/2024\/01\/33277-1-150x150.webp",150,150,true],"medium":["https:\/\/imagazine.it\/wp-content\/uploads\/2024\/01\/33277-1-300x194.webp",300,194,true],"large":["https:\/\/imagazine.it\/wp-content\/uploads\/2024\/01\/33277-1.webp",640,413,false],"thumblist":["https:\/\/imagazine.it\/wp-content\/uploads\/2024\/01\/33277-1.webp",300,194,false],"thumbrelated":["https:\/\/imagazine.it\/wp-content\/uploads\/2024\/01\/33277-1.webp",500,323,false],"meccarouselthumb":["https:\/\/imagazine.it\/wp-content\/uploads\/2024\/01\/33277-1.webp",474,306,false],"gridsquare":["https:\/\/imagazine.it\/wp-content\/uploads\/2024\/01\/33277-1.webp",391,252,false],"tileview":["https:\/\/imagazine.it\/wp-content\/uploads\/2024\/01\/33277-1.webp",300,194,false],"1536x1536":["https:\/\/imagazine.it\/wp-content\/uploads\/2024\/01\/33277-1.webp",750,484,false],"2048x2048":["https:\/\/imagazine.it\/wp-content\/uploads\/2024\/01\/33277-1.webp",750,484,false],"newsup-slider-full":["https:\/\/imagazine.it\/wp-content\/uploads\/2024\/01\/33277-1.webp",750,484,false],"newsup-featured":["https:\/\/imagazine.it\/wp-content\/uploads\/2024\/01\/33277-1.webp",750,484,false],"newsup-medium":["https:\/\/imagazine.it\/wp-content\/uploads\/2024\/01\/33277-1-720x380.webp",720,380,true],"tptn_thumbnail":["https:\/\/imagazine.it\/wp-content\/uploads\/2024\/01\/33277-1.webp",250,161,false],"sow-carousel-default":["https:\/\/imagazine.it\/wp-content\/uploads\/2024\/01\/33277-1-272x182.webp",272,182,true]},"rttpg_author":{"display_name":"Livio Nonis","author_link":"https:\/\/imagazine.it\/home_desk\/author\/nonis\/"},"rttpg_comment":0,"rttpg_category":"<a href=\"https:\/\/imagazine.it\/home_desk\/category\/attualita\/\" rel=\"category tag\">ATTUALIT\u00c0<\/a>","rttpg_excerpt":"Intervista a Caterina Chittaro","_links":{"self":[{"href":"https:\/\/imagazine.it\/home_desk\/wp-json\/wp\/v2\/posts\/32733","targetHints":{"allow":["GET"]}}],"collection":[{"href":"https:\/\/imagazine.it\/home_desk\/wp-json\/wp\/v2\/posts"}],"about":[{"href":"https:\/\/imagazine.it\/home_desk\/wp-json\/wp\/v2\/types\/post"}],"author":[{"embeddable":true,"href":"https:\/\/imagazine.it\/home_desk\/wp-json\/wp\/v2\/users\/22"}],"replies":[{"embeddable":true,"href":"https:\/\/imagazine.it\/home_desk\/wp-json\/wp\/v2\/comments?post=32733"}],"version-history":[{"count":0,"href":"https:\/\/imagazine.it\/home_desk\/wp-json\/wp\/v2\/posts\/32733\/revisions"}],"wp:featuredmedia":[{"embeddable":true,"href":"https:\/\/imagazine.it\/home_desk\/wp-json\/wp\/v2\/media\/32734"}],"wp:attachment":[{"href":"https:\/\/imagazine.it\/home_desk\/wp-json\/wp\/v2\/media?parent=32733"}],"wp:term":[{"taxonomy":"category","embeddable":true,"href":"https:\/\/imagazine.it\/home_desk\/wp-json\/wp\/v2\/categories?post=32733"},{"taxonomy":"post_tag","embeddable":true,"href":"https:\/\/imagazine.it\/home_desk\/wp-json\/wp\/v2\/tags?post=32733"}],"curies":[{"name":"wp","href":"https:\/\/api.w.org\/{rel}","templated":true}]}}