{"id":32709,"date":"2020-03-13T00:00:00","date_gmt":"2020-03-12T23:00:00","guid":{"rendered":"https:\/\/imagazine.it\/?p=32709"},"modified":"2020-03-13T00:00:00","modified_gmt":"2020-03-12T23:00:00","slug":"industria-via-libera-a-insediamento-vetreria-nellarea-aussa-corno","status":"publish","type":"post","link":"https:\/\/imagazine.it\/home_desk\/industria-via-libera-a-insediamento-vetreria-nellarea-aussa-corno\/","title":{"rendered":"Industria, via libera a insediamento vetreria nell&#8217;area Aussa Corno"},"content":{"rendered":"<p>La Giunta regionale del FVG ha approvato e autorizzato la vendita del compendio immobiliare situato nel Comune di San Giorgio di Nogaro, nell&#39;area industriala Aussa Corno, legato ai lotti ex Cogolo ed ex Fearul.<\/p>\n<p><a href=\"http:\/\/imagazinevideotruck.it\/outlet\/relink.html\" target=\"_top\" rel=\"noopener\"><img loading=\"lazy\" decoding=\"async\" align=\"LEFT\" height=\"250\" src=\"http:\/\/imagazinevideotruck.it\/outlet\/outlet30.gif\" width=\"300\" alt=\"\" title=\"\"><\/a><\/p>\n<p>\u00a0<\/p>\n<p>\u00a0<\/p>\n<p>\u00a0<\/p>\n<p>\u00a0<\/p>\n<p>\u00a0<\/p>\n<p>\u00a0<\/p>\n<p>\u00a0<\/p>\n<p>\u00a0<\/p>\n<p>\u00a0<\/p>\n<p>&#8220;Con l&#39;autorizzazione alla vendita approvata oggi dalla Giunta regionale &#8211; ha spiegato l\u2019assessore regionale alle Attivit\u00e0 produttive e Turismo, <strong>Sergio Emidio Bini<\/strong> -, un nuovo investitore, la societ\u00e0 vetreria cooperativa Piegarese, importante realt\u00e0 produttiva a livello nazionale attiva nell&#39;industria del vetro, che aveva gi\u00e0 presentato una manifestazione d&#39;interesse per l&#39;area, potr\u00e0 insediarsi in Friuli Venezia Giulia e realizzare uno stabilimento produttivo che prevede di assumere oltre cento unit\u00e0&#8221;.<\/p>\n","protected":false},"excerpt":{"rendered":"<p>Dopo la seduta della Giunta regionale<\/p>\n","protected":false},"author":28,"featured_media":32710,"comment_status":"closed","ping_status":"closed","sticky":false,"template":"","format":"standard","meta":{"dwc-title":[],"dwc-content":[],"footnotes":""},"categories":[5],"tags":[],"class_list":["post-32709","post","type-post","status-publish","format-standard","has-post-thumbnail","hentry","category-attualita"],"rttpg_featured_image_url":{"full":["https:\/\/imagazine.it\/wp-content\/uploads\/2024\/01\/33263-1.webp",750,330,false],"landscape":["https:\/\/imagazine.it\/wp-content\/uploads\/2024\/01\/33263-1.webp",750,330,false],"portraits":["https:\/\/imagazine.it\/wp-content\/uploads\/2024\/01\/33263-1.webp",750,330,false],"thumbnail":["https:\/\/imagazine.it\/wp-content\/uploads\/2024\/01\/33263-1-150x150.webp",150,150,true],"medium":["https:\/\/imagazine.it\/wp-content\/uploads\/2024\/01\/33263-1-300x132.webp",300,132,true],"large":["https:\/\/imagazine.it\/wp-content\/uploads\/2024\/01\/33263-1.webp",640,282,false],"thumblist":["https:\/\/imagazine.it\/wp-content\/uploads\/2024\/01\/33263-1.webp",300,132,false],"thumbrelated":["https:\/\/imagazine.it\/wp-content\/uploads\/2024\/01\/33263-1.webp",500,220,false],"meccarouselthumb":["https:\/\/imagazine.it\/wp-content\/uploads\/2024\/01\/33263-1.webp",474,209,false],"gridsquare":["https:\/\/imagazine.it\/wp-content\/uploads\/2024\/01\/33263-1.webp",391,172,false],"tileview":["https:\/\/imagazine.it\/wp-content\/uploads\/2024\/01\/33263-1.webp",300,132,false],"1536x1536":["https:\/\/imagazine.it\/wp-content\/uploads\/2024\/01\/33263-1.webp",750,330,false],"2048x2048":["https:\/\/imagazine.it\/wp-content\/uploads\/2024\/01\/33263-1.webp",750,330,false],"newsup-slider-full":["https:\/\/imagazine.it\/wp-content\/uploads\/2024\/01\/33263-1.webp",750,330,false],"newsup-featured":["https:\/\/imagazine.it\/wp-content\/uploads\/2024\/01\/33263-1.webp",750,330,false],"newsup-medium":["https:\/\/imagazine.it\/wp-content\/uploads\/2024\/01\/33263-1-720x330.webp",720,330,true],"tptn_thumbnail":["https:\/\/imagazine.it\/wp-content\/uploads\/2024\/01\/33263-1.webp",250,110,false],"sow-carousel-default":["https:\/\/imagazine.it\/wp-content\/uploads\/2024\/01\/33263-1-272x182.webp",272,182,true]},"rttpg_author":{"display_name":"redazione","author_link":"https:\/\/imagazine.it\/home_desk\/author\/redazione\/"},"rttpg_comment":0,"rttpg_category":"<a href=\"https:\/\/imagazine.it\/home_desk\/category\/attualita\/\" rel=\"category tag\">ATTUALIT\u00c0<\/a>","rttpg_excerpt":"Dopo la seduta della Giunta regionale","_links":{"self":[{"href":"https:\/\/imagazine.it\/home_desk\/wp-json\/wp\/v2\/posts\/32709","targetHints":{"allow":["GET"]}}],"collection":[{"href":"https:\/\/imagazine.it\/home_desk\/wp-json\/wp\/v2\/posts"}],"about":[{"href":"https:\/\/imagazine.it\/home_desk\/wp-json\/wp\/v2\/types\/post"}],"author":[{"embeddable":true,"href":"https:\/\/imagazine.it\/home_desk\/wp-json\/wp\/v2\/users\/28"}],"replies":[{"embeddable":true,"href":"https:\/\/imagazine.it\/home_desk\/wp-json\/wp\/v2\/comments?post=32709"}],"version-history":[{"count":0,"href":"https:\/\/imagazine.it\/home_desk\/wp-json\/wp\/v2\/posts\/32709\/revisions"}],"wp:featuredmedia":[{"embeddable":true,"href":"https:\/\/imagazine.it\/home_desk\/wp-json\/wp\/v2\/media\/32710"}],"wp:attachment":[{"href":"https:\/\/imagazine.it\/home_desk\/wp-json\/wp\/v2\/media?parent=32709"}],"wp:term":[{"taxonomy":"category","embeddable":true,"href":"https:\/\/imagazine.it\/home_desk\/wp-json\/wp\/v2\/categories?post=32709"},{"taxonomy":"post_tag","embeddable":true,"href":"https:\/\/imagazine.it\/home_desk\/wp-json\/wp\/v2\/tags?post=32709"}],"curies":[{"name":"wp","href":"https:\/\/api.w.org\/{rel}","templated":true}]}}