{"id":32703,"date":"2020-03-13T00:00:00","date_gmt":"2020-03-12T23:00:00","guid":{"rendered":"https:\/\/imagazine.it\/?p=32703"},"modified":"2020-03-13T00:00:00","modified_gmt":"2020-03-12T23:00:00","slug":"coronavirus-annullati-tutti-i-campionati-di-basket-in-carrozzina","status":"publish","type":"post","link":"https:\/\/imagazine.it\/home_desk\/coronavirus-annullati-tutti-i-campionati-di-basket-in-carrozzina\/","title":{"rendered":"Coronavirus, annullati tutti i campionati di basket in carrozzina"},"content":{"rendered":"<p>I campionati FIPIC (Federazione Italiana Pallacanestro In Carrozzina) sono annullati. Lo ha deciso la Federazione come conferma il comunicato del presidente <strong>Fernando Zappile<\/strong> diffuso ieri.<\/p>\n<p><em>\u00c8 con grande rammarico ma altrettanta consapevolezza del durissimo momento che il Paese sta attraversando che comunico la decisione di annullare tutti i campionati di pallacanestro in carrozzina per la stagione sportiva 2019\/2020. Confortato dal parere unanime del Consiglio federale, ritengo doveroso dare un forte segnale di responsabilit\u00e0, riconoscendo come assoluta priorit\u00e0 la salvaguardia della salute di ogni componente del nostro movimento e delle rispettive famiglie. <\/em><\/p>\n<p><em>In questi giorni abbiamo dato pi\u00f9 disposizioni, conformandoci ogni volta alla pubblicazione dei nuovi decreti del presidente del Consiglio dei Ministri, sempre nella speranza di poter ripartire in tutta sicurezza prima possibile; ma ora ritengo che per le nostre societ\u00e0 sia diventato impossibile sostenere i costi di un campionato che si prolunghi fino ai mesi di giugno o luglio e le spese per trattenere gli atleti fuori sede fino ad allora.<\/em><\/p>\n<p><em>Mai scelta fu pi\u00f9 difficile, ma come ho gi\u00e0 fatto in Europa, una decisione va presa, inutili altri rinvii. Ringrazio tutti i miei amici del consiglio federale, il segretario generale, tutti i nostri dipendenti e tutti voi cari amici presidenti, atleti, tecnici, arbitri, classificatori, dirigenti e membri dello staff. La famiglia del basket paralimpico non alzer\u00e0 trofei a maggio ma certamente vincer\u00e0 la sfida pi\u00f9 importante. <\/em><\/p>\n<p><em>Ognuno di noi ora \u00e8 chiamato ad una prova di grande maturit\u00e0 e il nostro mondo vuole essere da esempio. Tutto il resto, oggi, viene dopo. Torneremo presto a sfidarci, a sudare, a gioire e soffrire sui campi da gioco. Torneremo presto a fare quello che pi\u00f9 di tutto amiamo. Ma per farlo, adesso dobbiamo fermarci, tutti insieme.<\/em><\/p>\n<p><a href=\"http:\/\/imagazinevideotruck.it\/outlet\/relink.html\" target=\"_top\" rel=\"noopener\"><img loading=\"lazy\" decoding=\"async\" align=\"LEFT\" height=\"250\" src=\"http:\/\/imagazinevideotruck.it\/outlet\/outlet30.gif\" width=\"300\" alt=\"\" title=\"\"><\/a><\/p>\n<p>\u00a0<\/p>\n<p>\u00a0<\/p>\n<p>\u00a0<\/p>\n<p>\u00a0<\/p>\n<p>\u00a0<\/p>\n<p>\u00a0<\/p>\n<p>\u00a0<\/p>\n<p>\u00a0<\/p>\n<p>\u00a0<\/p>\n<p>Perci\u00f2 anche per la Castelvecchio Gradisca, rappresentante del Friuli Venezia Giulia nel campionato nazionale di Basket in carrozzina, si chiude quest&#39;annata sportiva.<\/p>\n<p>Anche il resto del mondo dello sport prender\u00e0 esempio?<\/p>\n","protected":false},"excerpt":{"rendered":"<p>Decisione della Federazione<\/p>\n","protected":false},"author":22,"featured_media":32704,"comment_status":"closed","ping_status":"closed","sticky":false,"template":"","format":"standard","meta":{"dwc-title":[],"dwc-content":[],"footnotes":""},"categories":[38],"tags":[],"class_list":["post-32703","post","type-post","status-publish","format-standard","has-post-thumbnail","hentry","category-sport"],"rttpg_featured_image_url":{"full":["https:\/\/imagazine.it\/wp-content\/uploads\/2024\/01\/33258-1.webp",750,503,false],"landscape":["https:\/\/imagazine.it\/wp-content\/uploads\/2024\/01\/33258-1.webp",750,503,false],"portraits":["https:\/\/imagazine.it\/wp-content\/uploads\/2024\/01\/33258-1.webp",750,503,false],"thumbnail":["https:\/\/imagazine.it\/wp-content\/uploads\/2024\/01\/33258-1-150x150.webp",150,150,true],"medium":["https:\/\/imagazine.it\/wp-content\/uploads\/2024\/01\/33258-1-300x201.webp",300,201,true],"large":["https:\/\/imagazine.it\/wp-content\/uploads\/2024\/01\/33258-1.webp",640,429,false],"thumblist":["https:\/\/imagazine.it\/wp-content\/uploads\/2024\/01\/33258-1.webp",300,201,false],"thumbrelated":["https:\/\/imagazine.it\/wp-content\/uploads\/2024\/01\/33258-1.webp",500,335,false],"meccarouselthumb":["https:\/\/imagazine.it\/wp-content\/uploads\/2024\/01\/33258-1.webp",474,318,false],"gridsquare":["https:\/\/imagazine.it\/wp-content\/uploads\/2024\/01\/33258-1.webp",388,260,false],"tileview":["https:\/\/imagazine.it\/wp-content\/uploads\/2024\/01\/33258-1.webp",300,201,false],"1536x1536":["https:\/\/imagazine.it\/wp-content\/uploads\/2024\/01\/33258-1.webp",750,503,false],"2048x2048":["https:\/\/imagazine.it\/wp-content\/uploads\/2024\/01\/33258-1.webp",750,503,false],"newsup-slider-full":["https:\/\/imagazine.it\/wp-content\/uploads\/2024\/01\/33258-1.webp",750,503,false],"newsup-featured":["https:\/\/imagazine.it\/wp-content\/uploads\/2024\/01\/33258-1.webp",750,503,false],"newsup-medium":["https:\/\/imagazine.it\/wp-content\/uploads\/2024\/01\/33258-1-720x380.webp",720,380,true],"tptn_thumbnail":["https:\/\/imagazine.it\/wp-content\/uploads\/2024\/01\/33258-1.webp",250,168,false],"sow-carousel-default":["https:\/\/imagazine.it\/wp-content\/uploads\/2024\/01\/33258-1-272x182.webp",272,182,true]},"rttpg_author":{"display_name":"Livio Nonis","author_link":"https:\/\/imagazine.it\/home_desk\/author\/nonis\/"},"rttpg_comment":0,"rttpg_category":"<a href=\"https:\/\/imagazine.it\/home_desk\/category\/sport\/\" rel=\"category tag\">SPORT<\/a>","rttpg_excerpt":"Decisione della Federazione","_links":{"self":[{"href":"https:\/\/imagazine.it\/home_desk\/wp-json\/wp\/v2\/posts\/32703","targetHints":{"allow":["GET"]}}],"collection":[{"href":"https:\/\/imagazine.it\/home_desk\/wp-json\/wp\/v2\/posts"}],"about":[{"href":"https:\/\/imagazine.it\/home_desk\/wp-json\/wp\/v2\/types\/post"}],"author":[{"embeddable":true,"href":"https:\/\/imagazine.it\/home_desk\/wp-json\/wp\/v2\/users\/22"}],"replies":[{"embeddable":true,"href":"https:\/\/imagazine.it\/home_desk\/wp-json\/wp\/v2\/comments?post=32703"}],"version-history":[{"count":0,"href":"https:\/\/imagazine.it\/home_desk\/wp-json\/wp\/v2\/posts\/32703\/revisions"}],"wp:featuredmedia":[{"embeddable":true,"href":"https:\/\/imagazine.it\/home_desk\/wp-json\/wp\/v2\/media\/32704"}],"wp:attachment":[{"href":"https:\/\/imagazine.it\/home_desk\/wp-json\/wp\/v2\/media?parent=32703"}],"wp:term":[{"taxonomy":"category","embeddable":true,"href":"https:\/\/imagazine.it\/home_desk\/wp-json\/wp\/v2\/categories?post=32703"},{"taxonomy":"post_tag","embeddable":true,"href":"https:\/\/imagazine.it\/home_desk\/wp-json\/wp\/v2\/tags?post=32703"}],"curies":[{"name":"wp","href":"https:\/\/api.w.org\/{rel}","templated":true}]}}