{"id":32701,"date":"2020-03-13T00:00:00","date_gmt":"2020-03-12T23:00:00","guid":{"rendered":"https:\/\/imagazine.it\/?p=32701"},"modified":"2020-03-13T00:00:00","modified_gmt":"2020-03-12T23:00:00","slug":"ronchi-il-gruppo-micologico-rimodula-le-attivita","status":"publish","type":"post","link":"https:\/\/imagazine.it\/home_desk\/ronchi-il-gruppo-micologico-rimodula-le-attivita\/","title":{"rendered":"Ronchi, il Gruppo micologico rimodula le attivit\u00e0"},"content":{"rendered":"<p>In attesa che l\u2019emergenza Coronavirus si risolva, il <strong>Gruppo micologico di Ronchi dei Legionari,<\/strong> presieduto da <strong>Elvio d&#39;Orlando,<\/strong> ha iniziato e rimodulare il programma degli incontri su tematiche legate strettamente ai funghi, ai corsi di formazione e alla conoscenza delle piante, oltre alle gite in barca e in pullman.<\/p>\n<p>Luned\u00ec 6 aprile dovrebbe ripartire il corso per la preparazione dei candidati che intendono presentarsi davanti l\u2019apposita commissione e sostenere l&#39;esame per l&#39;ottenimento del cosiddetto &#8220;patentino&#8221;, cio\u00e8 l&#39;autorizzazione alla raccolta dei funghi epigei Friuli Venezia Giulia. Il corso \u00e8 tenuto dal micologo <strong>Andrea Kenda<\/strong> e si articoler\u00e0 su 11 lezioni (la prima si \u00e8 gi\u00e0 svolta), nelle giornate di luned\u00ec e venerd\u00ec dalle ore 20.30 alle 22.<\/p>\n<p>Sempre in aprile, domenica 19, ci sar\u00e0 un\u2019escursione in barca nella laguna di Marano, con visita alla riserva naturale regionale \u201cFoce del fiume Stella\u201d e sosta in un tipico casone di pescatori. Sabato 25 aprile ci sar\u00e0 invece un\u2019uscita didattica al \u201cGiardino del Chiostro\u201d, all\u2019interno dell\u2019ex Monastero di San Giorgio in Vado di Cividale del Friuli, per parlare di storia e di botanica.<\/p>\n<p>Il mese di maggio sar\u00e0 dedicato alle conferenze: venerd\u00ec 8 la conferenza \u201cConoscenza e storia delle piante medicinali ed aromatiche\u201d sar\u00e0 tenuta dall\u2019agronomo <strong>Mario Salvalaggio<\/strong>; venerd\u00ec 15 conferenza a cura del prof.\u00a0 <strong>Maurizio Ruscio<\/strong> sul tema \u201cMalattie infettive e non, trasmesse dal morso della zecca\u201d.<\/p>\n<p>A giugno oltre alla partecipazione alla tradizionale Festa del Bosco di Plessiva organizzata dal Gruppo Micologico Cormonese, ci sar\u00e0 domenica 21 l\u2019escursione naturalistica con visita alle Grotte di San Canziano e al paesino di Cristoglie (Slovenia). A fine mese di luglio \u00e8 prevista la partecipazione a tre giornate ecologiche con raccolta di funghi e pulizia dei boschi organizzate dalla Federazione dei Gruppi Micologici del FVG.<\/p>\n<p>Dal 4 al 7 settembre ci sar\u00e0 la partecipazione al Comitato Scientifico organizzato dalla Federazione dei Gruppi Micologici della regione FVG che ti terr\u00e0 a Paluzza, e il venerd\u00ec 25 inizier\u00e0 il corso completo di micologia condotto da <strong>Andrea Kenda<\/strong>. Domenica 18 ottobre, presso il centro visite \u201cGradina\u201d di Doberd\u00f2 del Lago, incontro-didattico \u201cCome riconoscere i funghi del Carso\u201d a cura sempre di Andrea Kenda, mentre venerd\u00ec 23 ci sar\u00e0 un\u2019altra conferenza di <strong>Franco Spazzapan<\/strong> dal tema \u201cLe orchidee spontanee del Friuli Venezia Giulia\u201d.<\/p>\n<p>Per finire l&#39;anno a dicembre, marted\u00ec 8, sar\u00e0 organizzata una visita alla citt\u00e0 di Lubiana, in Slovenia, e ai suoi mercatini natalizi.<\/p>\n<p>Le conferenze e i corsi si terranno, come di consueto, presso la sede Acli di Ronchi dei Legionari, via San Lorenzo 3. Dal mese di luglio al mese di novembre compreso saranno organizzate, delle uscite per la raccolta di funghi. Tutte le iniziative vengono pubblicate anche sul sito del Comune di Ronchi dei Legionari e nel calendario degli eventi del Centro Servizi Volontariato FVG <u><a href=\"http:\/\/www.volontariatobassoisontino.it\/\" target=\"_blank\" rel=\"noopener\">www.volontariatobassoisontino.it<\/a><\/u> e sul sito <u><a href=\"http:\/\/www.imagazine.it\/\" target=\"_blank\" rel=\"noopener\">www.imagazine.it<\/a><\/u><\/p>\n","protected":false},"excerpt":{"rendered":"<p>A causa dell&#8217;emergenza Coronavirus<\/p>\n","protected":false},"author":22,"featured_media":32702,"comment_status":"closed","ping_status":"closed","sticky":false,"template":"","format":"standard","meta":{"dwc-title":[],"dwc-content":[],"footnotes":""},"categories":[5],"tags":[],"class_list":["post-32701","post","type-post","status-publish","format-standard","has-post-thumbnail","hentry","category-attualita"],"rttpg_featured_image_url":{"full":["https:\/\/imagazine.it\/wp-content\/uploads\/2024\/01\/33257-1.webp",750,500,false],"landscape":["https:\/\/imagazine.it\/wp-content\/uploads\/2024\/01\/33257-1.webp",750,500,false],"portraits":["https:\/\/imagazine.it\/wp-content\/uploads\/2024\/01\/33257-1.webp",750,500,false],"thumbnail":["https:\/\/imagazine.it\/wp-content\/uploads\/2024\/01\/33257-1-150x150.webp",150,150,true],"medium":["https:\/\/imagazine.it\/wp-content\/uploads\/2024\/01\/33257-1-300x200.webp",300,200,true],"large":["https:\/\/imagazine.it\/wp-content\/uploads\/2024\/01\/33257-1.webp",640,427,false],"thumblist":["https:\/\/imagazine.it\/wp-content\/uploads\/2024\/01\/33257-1.webp",300,200,false],"thumbrelated":["https:\/\/imagazine.it\/wp-content\/uploads\/2024\/01\/33257-1.webp",500,333,false],"meccarouselthumb":["https:\/\/imagazine.it\/wp-content\/uploads\/2024\/01\/33257-1.webp",474,316,false],"gridsquare":["https:\/\/imagazine.it\/wp-content\/uploads\/2024\/01\/33257-1.webp",391,260,false],"tileview":["https:\/\/imagazine.it\/wp-content\/uploads\/2024\/01\/33257-1.webp",300,200,false],"1536x1536":["https:\/\/imagazine.it\/wp-content\/uploads\/2024\/01\/33257-1.webp",750,500,false],"2048x2048":["https:\/\/imagazine.it\/wp-content\/uploads\/2024\/01\/33257-1.webp",750,500,false],"newsup-slider-full":["https:\/\/imagazine.it\/wp-content\/uploads\/2024\/01\/33257-1.webp",750,500,false],"newsup-featured":["https:\/\/imagazine.it\/wp-content\/uploads\/2024\/01\/33257-1.webp",750,500,false],"newsup-medium":["https:\/\/imagazine.it\/wp-content\/uploads\/2024\/01\/33257-1-720x380.webp",720,380,true],"tptn_thumbnail":["https:\/\/imagazine.it\/wp-content\/uploads\/2024\/01\/33257-1.webp",250,167,false],"sow-carousel-default":["https:\/\/imagazine.it\/wp-content\/uploads\/2024\/01\/33257-1-272x182.webp",272,182,true]},"rttpg_author":{"display_name":"Livio Nonis","author_link":"https:\/\/imagazine.it\/home_desk\/author\/nonis\/"},"rttpg_comment":0,"rttpg_category":"<a href=\"https:\/\/imagazine.it\/home_desk\/category\/attualita\/\" rel=\"category tag\">ATTUALIT\u00c0<\/a>","rttpg_excerpt":"A causa dell'emergenza Coronavirus","_links":{"self":[{"href":"https:\/\/imagazine.it\/home_desk\/wp-json\/wp\/v2\/posts\/32701","targetHints":{"allow":["GET"]}}],"collection":[{"href":"https:\/\/imagazine.it\/home_desk\/wp-json\/wp\/v2\/posts"}],"about":[{"href":"https:\/\/imagazine.it\/home_desk\/wp-json\/wp\/v2\/types\/post"}],"author":[{"embeddable":true,"href":"https:\/\/imagazine.it\/home_desk\/wp-json\/wp\/v2\/users\/22"}],"replies":[{"embeddable":true,"href":"https:\/\/imagazine.it\/home_desk\/wp-json\/wp\/v2\/comments?post=32701"}],"version-history":[{"count":0,"href":"https:\/\/imagazine.it\/home_desk\/wp-json\/wp\/v2\/posts\/32701\/revisions"}],"wp:featuredmedia":[{"embeddable":true,"href":"https:\/\/imagazine.it\/home_desk\/wp-json\/wp\/v2\/media\/32702"}],"wp:attachment":[{"href":"https:\/\/imagazine.it\/home_desk\/wp-json\/wp\/v2\/media?parent=32701"}],"wp:term":[{"taxonomy":"category","embeddable":true,"href":"https:\/\/imagazine.it\/home_desk\/wp-json\/wp\/v2\/categories?post=32701"},{"taxonomy":"post_tag","embeddable":true,"href":"https:\/\/imagazine.it\/home_desk\/wp-json\/wp\/v2\/tags?post=32701"}],"curies":[{"name":"wp","href":"https:\/\/api.w.org\/{rel}","templated":true}]}}