{"id":32676,"date":"2020-03-11T00:00:00","date_gmt":"2020-03-10T23:00:00","guid":{"rendered":"https:\/\/imagazine.it\/?p=32676"},"modified":"2020-03-11T00:00:00","modified_gmt":"2020-03-10T23:00:00","slug":"coronavirus-a-udine-assistenza-gratuita-per-over-65-e-persone-fragili","status":"publish","type":"post","link":"https:\/\/imagazine.it\/home_desk\/coronavirus-a-udine-assistenza-gratuita-per-over-65-e-persone-fragili\/","title":{"rendered":"Coronavirus, a Udine assistenza gratuita per over 65 e persone fragili"},"content":{"rendered":"<p>Si chiama<strong> UDINEaCASA<\/strong>. \u00c8 una rete collaborativa di aiuti dedicata alle persone pi\u00f9 vulnerabili al virus: anziani over 65, persone affette da patologie croniche, oncologiche o immunodepresse che rappresentano i soggetti pi\u00f9 a rischio di complicazioni anche serie in caso di contagio da Coronavirus.<\/p>\n<p>UDINEaCASA ha come obiettivo aiutare queste persone &#8211; residenti a Udine &#8211; a continuare ad avere una vita normale, anche in questa fase caratterizzata dalle restrizioni imposte dall\u2019emergenza sanitaria, grazie a una rete di volontari e aziende partner, offrendo loro assistenza a domicilio a seconda delle specifiche esigenze.<\/p>\n<p>Il servizio di UDINEaCASA \u00e8 gratuito. Come funziona? \u00c8 molto semplice: basta una telefonata. Chi ne ha bisogno, per esempio per fare la spesa, pu\u00f2 contattare il numero <strong>0432 1638251<\/strong> e il volontario si recher\u00e0 presso la sua abitazione dove ricever\u00e0 la lista della spesa e il denaro necessario. Una volta completata la commissione, consegner\u00e0 la spesa con lo scontrino e il resto.<\/p>\n<p>L\u2019idea \u00e8 nata per iniziativa di <strong>Filippo Veronese<\/strong>, vice presidente del Gruppo Giovani di Confindustria Udine, che \u00e8 partner dell\u2019iniziativa, al pari di Confindustria Udine che l\u2019ha patrocinata e di altri partner privati, sulle cui donazioni si regge il progetto. Accanto a lui un team di volontari composto da <strong>Giovanni<\/strong> <strong>Riccardi<\/strong>, <strong>Monica Moretti<\/strong> e <strong>Monica Bramuzzi.<\/strong><\/p>\n<p>\u201cIn ogni momento di grande difficolt\u00e0, come quello che sta attraversando il nostro Paese \u2013 spiega Filippo Veronese \u2013, tutti noi abbiamo la responsabilit\u00e0 di aiutare chi pi\u00f9 ne ha bisogno. Per questo ho deciso di fare la mia parte organizzando un servizio di supporto nella mia citt\u00e0 per le &#8220;commissioni indispensabili&#8221;, come la spesa o l\u2019acquisto delle medicine, totalmente gratuito per chi ha pi\u00f9 di 65 anni di et\u00e0 o presenta patologie che possano comprometterne seriamente la salute in caso di contagio. Per fare questo ho chiesto l\u2019aiuto a persone, associazioni e aziende per fare uno sforzo comune a supporto della collettivit\u00e0 e sono contento di aver trovato un grande entusiasmo a partecipare a questa iniziativa da parte di tutti\u201d.<\/p>\n<p>\u201cSosteniamo con convinzione questa iniziativa \u2013 afferma <strong>Anna Mareschi Danieli<\/strong>, presidente di Confindustria Udine \u2013 e invitiamo le aziende del territorio a fare altrettanto. Insieme siamo pi\u00f9 forti del Coronavirus. In questa fase di emergenza la parola d\u2019ordine \u00e8 responsabilit\u00e0, sia nel rispettare in modo ferreo le disposizioni del Governo, sia nel prenderci cura di chi \u00e8 pi\u00f9 fragile. Per una volta, non domandiamoci chi risolver\u00e0 il problema, alziamoci e risolviamolo noi, facendo ciascuno la propria parte\u201d.<\/p>\n<p><a href=\"http:\/\/imagazinevideotruck.it\/outlet\/relink.html\" target=\"_top\" rel=\"noopener\"><img loading=\"lazy\" decoding=\"async\" align=\"LEFT\" height=\"250\" src=\"http:\/\/imagazinevideotruck.it\/outlet\/outlet30.gif\" width=\"300\" alt=\"\" title=\"\"><\/a><\/p>\n<p>\u00a0<\/p>\n<p>\u00a0<\/p>\n<p>\u00a0<\/p>\n<p>\u00a0<\/p>\n<p>\u00a0<\/p>\n<p>\u00a0<\/p>\n<p>\u00a0<\/p>\n<p>\u00a0<\/p>\n<p>\u00a0<\/p>\n<p>\u201cVoglio ringraziare \u2013 aggiunge Veronese \u2013 chi ha gi\u00e0 offerto il suo aiuto e chi decider\u00e0 di farlo nei prossimi giorni. Vi chiedo quindi di unirvi a noi in questa attivit\u00e0 di assistenza, ogni aiuto sar\u00e0 prezioso per aiutare le persone in difficolt\u00e0. Basterebbe anche solo una condivisione del servizio sui canali social privati e delle vostre aziende. Non dobbiamo aspettarci un aiuto dal cielo, dal governo o dall\u2019Europa, dobbiamo rimboccarci le maniche e darci una mano a vicenda perch\u00e9 noi siamo pi\u00f9 forti di un maledetto virus\u201d.<\/p>\n<p>Chi fosse interessato a usufruire del servizio o a sostenerlo in qualsiasi forma pu\u00f2 trovare tutte le informazioni e i contatti sul sito di UDINEaCASA al seguente indirizzo: <u><a href=\"http:\/\/www.udineacasa.com\/\" target=\"_blank\" rel=\"noopener\"><strong>www.udineacasa.com<\/strong><\/a><\/u><\/p>\n<p><strong>Il contattato telefonico \u00e8 disponibile tutti i giorni, dalle 8 alle 20, per ora fino al 3 aprile.<\/strong><\/p>\n","protected":false},"excerpt":{"rendered":"<p>Idea promossa dal vicepresidente del Gruppo Giovani di Confindustria<\/p>\n","protected":false},"author":28,"featured_media":32677,"comment_status":"closed","ping_status":"closed","sticky":false,"template":"","format":"standard","meta":{"dwc-title":[],"dwc-content":[],"footnotes":""},"categories":[5],"tags":[],"class_list":["post-32676","post","type-post","status-publish","format-standard","has-post-thumbnail","hentry","category-attualita"],"rttpg_featured_image_url":{"full":["https:\/\/imagazine.it\/wp-content\/uploads\/2024\/01\/33220-1.webp",750,445,false],"landscape":["https:\/\/imagazine.it\/wp-content\/uploads\/2024\/01\/33220-1.webp",750,445,false],"portraits":["https:\/\/imagazine.it\/wp-content\/uploads\/2024\/01\/33220-1.webp",750,445,false],"thumbnail":["https:\/\/imagazine.it\/wp-content\/uploads\/2024\/01\/33220-1-150x150.webp",150,150,true],"medium":["https:\/\/imagazine.it\/wp-content\/uploads\/2024\/01\/33220-1-300x178.webp",300,178,true],"large":["https:\/\/imagazine.it\/wp-content\/uploads\/2024\/01\/33220-1.webp",640,380,false],"thumblist":["https:\/\/imagazine.it\/wp-content\/uploads\/2024\/01\/33220-1.webp",300,178,false],"thumbrelated":["https:\/\/imagazine.it\/wp-content\/uploads\/2024\/01\/33220-1.webp",500,297,false],"meccarouselthumb":["https:\/\/imagazine.it\/wp-content\/uploads\/2024\/01\/33220-1.webp",474,281,false],"gridsquare":["https:\/\/imagazine.it\/wp-content\/uploads\/2024\/01\/33220-1.webp",391,232,false],"tileview":["https:\/\/imagazine.it\/wp-content\/uploads\/2024\/01\/33220-1.webp",300,178,false],"1536x1536":["https:\/\/imagazine.it\/wp-content\/uploads\/2024\/01\/33220-1.webp",750,445,false],"2048x2048":["https:\/\/imagazine.it\/wp-content\/uploads\/2024\/01\/33220-1.webp",750,445,false],"newsup-slider-full":["https:\/\/imagazine.it\/wp-content\/uploads\/2024\/01\/33220-1.webp",750,445,false],"newsup-featured":["https:\/\/imagazine.it\/wp-content\/uploads\/2024\/01\/33220-1.webp",750,445,false],"newsup-medium":["https:\/\/imagazine.it\/wp-content\/uploads\/2024\/01\/33220-1-720x380.webp",720,380,true],"tptn_thumbnail":["https:\/\/imagazine.it\/wp-content\/uploads\/2024\/01\/33220-1.webp",250,148,false],"sow-carousel-default":["https:\/\/imagazine.it\/wp-content\/uploads\/2024\/01\/33220-1-272x182.webp",272,182,true]},"rttpg_author":{"display_name":"redazione","author_link":"https:\/\/imagazine.it\/home_desk\/author\/redazione\/"},"rttpg_comment":0,"rttpg_category":"<a href=\"https:\/\/imagazine.it\/home_desk\/category\/attualita\/\" rel=\"category tag\">ATTUALIT\u00c0<\/a>","rttpg_excerpt":"Idea promossa dal vicepresidente del Gruppo Giovani di Confindustria","_links":{"self":[{"href":"https:\/\/imagazine.it\/home_desk\/wp-json\/wp\/v2\/posts\/32676","targetHints":{"allow":["GET"]}}],"collection":[{"href":"https:\/\/imagazine.it\/home_desk\/wp-json\/wp\/v2\/posts"}],"about":[{"href":"https:\/\/imagazine.it\/home_desk\/wp-json\/wp\/v2\/types\/post"}],"author":[{"embeddable":true,"href":"https:\/\/imagazine.it\/home_desk\/wp-json\/wp\/v2\/users\/28"}],"replies":[{"embeddable":true,"href":"https:\/\/imagazine.it\/home_desk\/wp-json\/wp\/v2\/comments?post=32676"}],"version-history":[{"count":0,"href":"https:\/\/imagazine.it\/home_desk\/wp-json\/wp\/v2\/posts\/32676\/revisions"}],"wp:featuredmedia":[{"embeddable":true,"href":"https:\/\/imagazine.it\/home_desk\/wp-json\/wp\/v2\/media\/32677"}],"wp:attachment":[{"href":"https:\/\/imagazine.it\/home_desk\/wp-json\/wp\/v2\/media?parent=32676"}],"wp:term":[{"taxonomy":"category","embeddable":true,"href":"https:\/\/imagazine.it\/home_desk\/wp-json\/wp\/v2\/categories?post=32676"},{"taxonomy":"post_tag","embeddable":true,"href":"https:\/\/imagazine.it\/home_desk\/wp-json\/wp\/v2\/tags?post=32676"}],"curies":[{"name":"wp","href":"https:\/\/api.w.org\/{rel}","templated":true}]}}