{"id":32668,"date":"2020-03-09T00:00:00","date_gmt":"2020-03-08T23:00:00","guid":{"rendered":"https:\/\/imagazine.it\/?p=32668"},"modified":"2020-03-09T00:00:00","modified_gmt":"2020-03-08T23:00:00","slug":"nuovo-bando-per-attori-internazionali","status":"publish","type":"post","link":"https:\/\/imagazine.it\/home_desk\/nuovo-bando-per-attori-internazionali\/","title":{"rendered":"Nuovo bando per attori internazionali"},"content":{"rendered":"<p>\u00c8 online il nuovo bando della XXIX edizione dell\u2019<strong>Ecole des Ma\u00eetres, <\/strong>il corso internazionale itinerante di perfezionamento teatrale ideato da Franco Quadri nel 1990, attualmente ideato e diretto dai partner del progetto europeo CSS Teatro stabile di innovazione del Friuli Venezia Giulia (Italia) CREPA &#8211; Centre de Recherche et d\u2019Exp\u00e9rimentation en P\u00e9dagogie Artistique (CFWB\/Belgio) Teatro Nacional D. Maria II, TAGV &#8211; Teatro Acad\u00e9mico de Gil Vicente (Portogallo),\u00a0 La Com\u00e9die de Reims &#8211; Centre Dramatique National, Com\u00e9die de Caen &#8211;\u00a0 Centre Dramatique National de Normandie (Francia).<\/p>\n<p>Il bando si rivolge a giovani attori di et\u00e0 compresa fra i 24 e i 35 anni di Italia, Francia, Belgio e Portogallo, mentre come requisiti \u00e8 richiesto il possesso di un diploma di scuola d\u2019arte drammatica di rilevanza nazionale o esperienza professionale equivalente e di aver esercitato almeno due anni di attivit\u00e0 scenica professionale oltre al lavoro svolto nella scuola, oltre al fatto di non aver partecipato a precedenti edizioni dell\u2019Ecole des Ma\u00eetres.<\/p>\n<p>Le candidature dovranno pervenire entro il 9 aprile tramite la compilazione dell\u2019apposito modulo on line pubblicato sul sito: <u><a href=\"http:\/\/www.cssudine.it\/\" target=\"_blank\" rel=\"noopener\">www.cssudine.it<\/a><\/u> seguendo le relative indicazioni e istruzioni. La preselezione degli attori partecipanti sar\u00e0 effettuata sulla base della documentazione inviata; la commissione selezionatrice italiana convocher\u00e0 alcuni candidati per un\u2019audizione che si terr\u00e0 il 28 maggio a Roma. Per l\u2019audizione i candidati sono tenuti a portare un monologo della durata massima di 10 minuti.<\/p>\n<p>Le spese per gli eventuali trasferimenti e il soggiorno nella sede della pre-selezione saranno a carico del candidato stesso.<\/p>\n<p>Ai 4 candidati italiani selezionati sar\u00e0 assicurata la frequenza gratuita al corso, l\u2019ospitalit\u00e0 (vitto e alloggio in camera doppia) nelle sedi del corso e i costi di viaggio tra le diverse sedi di lavoro.<\/p>\n<p>Obiettivo formativo dell\u2019<strong>Ecole des Ma\u00eetres<\/strong> \u00e8 innescare una relazione fra giovani attori, formatisi nelle accademie d\u2019arte drammatica e nelle scuole di teatro d\u2019Europa gi\u00e0 attivi come professionisti, e rinomati registi della scena internazionale, per dare vita a un\u2019esperienza di lavoro fortemente finalizzata al confronto e allo scambio di competenze sui metodi e le pratiche di messinscena, partendo da testi, lingue e linguaggi artistici differenti, nel corso di atelier a carattere itinerante.<\/p>\n<p><a href=\"http:\/\/imagazinevideotruck.it\/outlet\/relink.html\" target=\"_top\" rel=\"noopener\"><img loading=\"lazy\" decoding=\"async\" align=\"LEFT\" height=\"250\" src=\"http:\/\/imagazinevideotruck.it\/outlet\/outlet30.gif\" width=\"300\" alt=\"\" title=\"\"><\/a><\/p>\n<p>\u00a0<\/p>\n<p>\u00a0<\/p>\n<p>\u00a0<\/p>\n<p>\u00a0<\/p>\n<p>\u00a0<\/p>\n<p>\u00a0<\/p>\n<p>\u00a0<\/p>\n<p>\u00a0<\/p>\n<p>\u00a0<\/p>\n<p>Alla guida dell\u2019Ecole des Ma\u00eetres ci sar\u00e0 per questa edizione il drammaturgo, regista e attore argentino <strong>Claudio Tolcachir<\/strong>. Rappresentato in pi\u00f9 di venti Paesi e tradotto in sei lingue, dal 2001 Tolcachir dirige, insieme all\u2019omonima compagnia da lui fondata nel 1998, lo spazio culturale Timbre 4, a Buenos Aires. Ha una pluriennale esperienza come pedagogo e ha tenuto seminari di perfezionamento in Italia (in due edizioni della Biennale di Venezia), Francia, Spagna, Cile, Brasile, Uruguay, Per\u00fa e Stati Uniti.<\/p>\n<p>Durante l\u2019Ecole, <strong>Claudio Tolcachir<\/strong> lavorer\u00e0 con gli allievi ad un progetto intitolato <strong>\u201cLa creazione accidentale\u201d<\/strong>.<\/p>\n<p><strong>LE TAPPE &#8211; <\/strong>Il corso avr\u00e0 la durata complessiva di 40 giorni e si svilupper\u00e0 in 13 giorni di lavoro a <strong>Udine<\/strong> \u2013 dal 28 agosto all\u20198 settembre \u2013 per proseguire con fasi di lavoro e di presentazione pubblica nelle diverse sedi europee del progetto. Sar\u00e0 a <strong>Roma<\/strong> dal 9 all\u201911 settembre e dopo una pausa di 10 giorni, a <strong>Lisbona<\/strong> il 25 e 26 settembre, a <strong>Coimbra<\/strong> dal 27 al 29 settembre, a <strong>Liegi<\/strong> dal 30 settembre al 3 ottobre, a <strong>Caen <\/strong>dal 4 al 12 ottobre e a <strong>Reims<\/strong> dal 13 al 17 ottobre 2020.<\/p>\n<p>Il corso sar\u00e0 tenuto in lingua spagnola. Ogni attore lavorer\u00e0 nella propria lingua ma \u00e8 consigliabile la conoscenza della lingua spagnola e\/o inglese.<\/p>\n<p>Gli <strong>attori selezionati<\/strong> per partecipare a questa XXIX edizione saranno <strong>sedici<\/strong>, quattro attori\/attrici ammessi per ciascun Paese partner dell\u2019Ecole des Ma\u00eetres.<\/p>\n","protected":false},"excerpt":{"rendered":"<p>Ritorna Ecole des Ma\u00eetres<\/p>\n","protected":false},"author":28,"featured_media":32669,"comment_status":"closed","ping_status":"closed","sticky":false,"template":"","format":"standard","meta":{"dwc-title":[],"dwc-content":[],"footnotes":""},"categories":[37],"tags":[],"class_list":["post-32668","post","type-post","status-publish","format-standard","has-post-thumbnail","hentry","category-cultura-e-spettacolo"],"rttpg_featured_image_url":{"full":["https:\/\/imagazine.it\/wp-content\/uploads\/2024\/01\/33214-1.webp",750,514,false],"landscape":["https:\/\/imagazine.it\/wp-content\/uploads\/2024\/01\/33214-1.webp",750,514,false],"portraits":["https:\/\/imagazine.it\/wp-content\/uploads\/2024\/01\/33214-1.webp",750,514,false],"thumbnail":["https:\/\/imagazine.it\/wp-content\/uploads\/2024\/01\/33214-1-150x150.webp",150,150,true],"medium":["https:\/\/imagazine.it\/wp-content\/uploads\/2024\/01\/33214-1-300x206.webp",300,206,true],"large":["https:\/\/imagazine.it\/wp-content\/uploads\/2024\/01\/33214-1.webp",640,439,false],"thumblist":["https:\/\/imagazine.it\/wp-content\/uploads\/2024\/01\/33214-1.webp",300,206,false],"thumbrelated":["https:\/\/imagazine.it\/wp-content\/uploads\/2024\/01\/33214-1.webp",500,343,false],"meccarouselthumb":["https:\/\/imagazine.it\/wp-content\/uploads\/2024\/01\/33214-1.webp",474,324,false],"gridsquare":["https:\/\/imagazine.it\/wp-content\/uploads\/2024\/01\/33214-1.webp",379,260,false],"tileview":["https:\/\/imagazine.it\/wp-content\/uploads\/2024\/01\/33214-1.webp",300,206,false],"1536x1536":["https:\/\/imagazine.it\/wp-content\/uploads\/2024\/01\/33214-1.webp",750,514,false],"2048x2048":["https:\/\/imagazine.it\/wp-content\/uploads\/2024\/01\/33214-1.webp",750,514,false],"newsup-slider-full":["https:\/\/imagazine.it\/wp-content\/uploads\/2024\/01\/33214-1.webp",750,514,false],"newsup-featured":["https:\/\/imagazine.it\/wp-content\/uploads\/2024\/01\/33214-1.webp",750,514,false],"newsup-medium":["https:\/\/imagazine.it\/wp-content\/uploads\/2024\/01\/33214-1-720x380.webp",720,380,true],"tptn_thumbnail":["https:\/\/imagazine.it\/wp-content\/uploads\/2024\/01\/33214-1.webp",250,171,false],"sow-carousel-default":["https:\/\/imagazine.it\/wp-content\/uploads\/2024\/01\/33214-1-272x182.webp",272,182,true]},"rttpg_author":{"display_name":"redazione","author_link":"https:\/\/imagazine.it\/home_desk\/author\/redazione\/"},"rttpg_comment":0,"rttpg_category":"<a href=\"https:\/\/imagazine.it\/home_desk\/category\/cultura-e-spettacolo\/\" rel=\"category tag\">CULTURA&amp;SPETTACOLO<\/a>","rttpg_excerpt":"Ritorna Ecole des Ma\u00eetres","_links":{"self":[{"href":"https:\/\/imagazine.it\/home_desk\/wp-json\/wp\/v2\/posts\/32668","targetHints":{"allow":["GET"]}}],"collection":[{"href":"https:\/\/imagazine.it\/home_desk\/wp-json\/wp\/v2\/posts"}],"about":[{"href":"https:\/\/imagazine.it\/home_desk\/wp-json\/wp\/v2\/types\/post"}],"author":[{"embeddable":true,"href":"https:\/\/imagazine.it\/home_desk\/wp-json\/wp\/v2\/users\/28"}],"replies":[{"embeddable":true,"href":"https:\/\/imagazine.it\/home_desk\/wp-json\/wp\/v2\/comments?post=32668"}],"version-history":[{"count":0,"href":"https:\/\/imagazine.it\/home_desk\/wp-json\/wp\/v2\/posts\/32668\/revisions"}],"wp:featuredmedia":[{"embeddable":true,"href":"https:\/\/imagazine.it\/home_desk\/wp-json\/wp\/v2\/media\/32669"}],"wp:attachment":[{"href":"https:\/\/imagazine.it\/home_desk\/wp-json\/wp\/v2\/media?parent=32668"}],"wp:term":[{"taxonomy":"category","embeddable":true,"href":"https:\/\/imagazine.it\/home_desk\/wp-json\/wp\/v2\/categories?post=32668"},{"taxonomy":"post_tag","embeddable":true,"href":"https:\/\/imagazine.it\/home_desk\/wp-json\/wp\/v2\/tags?post=32668"}],"curies":[{"name":"wp","href":"https:\/\/api.w.org\/{rel}","templated":true}]}}