{"id":32644,"date":"2020-03-05T00:00:00","date_gmt":"2020-03-04T23:00:00","guid":{"rendered":"https:\/\/imagazine.it\/?p=32644"},"modified":"2020-03-05T00:00:00","modified_gmt":"2020-03-04T23:00:00","slug":"coronavirus-rinviata-la-fieste-de-patrie-dal-friul","status":"publish","type":"post","link":"https:\/\/imagazine.it\/home_desk\/coronavirus-rinviata-la-fieste-de-patrie-dal-friul\/","title":{"rendered":"Coronavirus, rinviata la Fieste de Patrie dal Fri\u00fbl"},"content":{"rendered":"<p>In ottemperanza alle disposizioni messe in campo dal governo italiano e regionale, relativamente ai comportamenti pubblici da tenersi nel contrasto all\u2019infezione del coronavirus per ragioni di tutela della salute pubblica e per garantire un\u2019efficace ed efficiente utilizzo delle risorse finanziarie, <strong>l\u2019ARLeF ha deciso di rimandare la manifestazione principale per la celebrazione della <em>Fieste de Patrie dal Fri\u00fbl 2020<\/em> al 7 giugno.<\/strong><\/p>\n<p>Il rinvio \u00e8 stato concordato anche con il Comune di Udine, la citt\u00e0 dove si terr\u00e0 la 43^ edizione della Fieste, a 943 anni dalla nascita dello Stato patriarcale.<\/p>\n<p><a href=\"http:\/\/imagazinevideotruck.it\/outlet\/relink.html\" target=\"_top\" rel=\"noopener\"><img loading=\"lazy\" decoding=\"async\" align=\"LEFT\" height=\"250\" src=\"http:\/\/imagazinevideotruck.it\/outlet\/outlet30.gif\" width=\"300\" alt=\"\" title=\"\"><\/a><\/p>\n<p>\u00a0<\/p>\n<p>\u00a0<\/p>\n<p>\u00a0<\/p>\n<p>\u00a0<\/p>\n<p>\u00a0<\/p>\n<p>\u00a0<\/p>\n<p>\u00a0<\/p>\n<p>\u00a0<\/p>\n<p>\u00a0<\/p>\n<p>Contestualmente, viene stabilita una proroga straordinaria dei termini per la realizzazione delle attivit\u00e0 gi\u00e0 finanziate dall\u2019ARLeF agli enti locali del Friuli per la celebrazione della ricorrenza, che potranno essere svolte fino al termine del 7 giugno.<\/p>\n","protected":false},"excerpt":{"rendered":"<p>Nuova data il 7 giugno<\/p>\n","protected":false},"author":28,"featured_media":32645,"comment_status":"closed","ping_status":"closed","sticky":false,"template":"","format":"standard","meta":{"dwc-title":[],"dwc-content":[],"footnotes":""},"categories":[5],"tags":[],"class_list":["post-32644","post","type-post","status-publish","format-standard","has-post-thumbnail","hentry","category-attualita"],"rttpg_featured_image_url":{"full":["https:\/\/imagazine.it\/wp-content\/uploads\/2024\/01\/33177-1.webp",750,602,false],"landscape":["https:\/\/imagazine.it\/wp-content\/uploads\/2024\/01\/33177-1.webp",750,602,false],"portraits":["https:\/\/imagazine.it\/wp-content\/uploads\/2024\/01\/33177-1.webp",750,602,false],"thumbnail":["https:\/\/imagazine.it\/wp-content\/uploads\/2024\/01\/33177-1-150x150.webp",150,150,true],"medium":["https:\/\/imagazine.it\/wp-content\/uploads\/2024\/01\/33177-1-300x241.webp",300,241,true],"large":["https:\/\/imagazine.it\/wp-content\/uploads\/2024\/01\/33177-1.webp",640,514,false],"thumblist":["https:\/\/imagazine.it\/wp-content\/uploads\/2024\/01\/33177-1.webp",300,241,false],"thumbrelated":["https:\/\/imagazine.it\/wp-content\/uploads\/2024\/01\/33177-1.webp",500,401,false],"meccarouselthumb":["https:\/\/imagazine.it\/wp-content\/uploads\/2024\/01\/33177-1.webp",404,324,false],"gridsquare":["https:\/\/imagazine.it\/wp-content\/uploads\/2024\/01\/33177-1.webp",324,260,false],"tileview":["https:\/\/imagazine.it\/wp-content\/uploads\/2024\/01\/33177-1.webp",300,241,false],"1536x1536":["https:\/\/imagazine.it\/wp-content\/uploads\/2024\/01\/33177-1.webp",750,602,false],"2048x2048":["https:\/\/imagazine.it\/wp-content\/uploads\/2024\/01\/33177-1.webp",750,602,false],"newsup-slider-full":["https:\/\/imagazine.it\/wp-content\/uploads\/2024\/01\/33177-1.webp",750,602,false],"newsup-featured":["https:\/\/imagazine.it\/wp-content\/uploads\/2024\/01\/33177-1.webp",750,602,false],"newsup-medium":["https:\/\/imagazine.it\/wp-content\/uploads\/2024\/01\/33177-1-720x380.webp",720,380,true],"tptn_thumbnail":["https:\/\/imagazine.it\/wp-content\/uploads\/2024\/01\/33177-1.webp",250,201,false],"sow-carousel-default":["https:\/\/imagazine.it\/wp-content\/uploads\/2024\/01\/33177-1-272x182.webp",272,182,true]},"rttpg_author":{"display_name":"redazione","author_link":"https:\/\/imagazine.it\/home_desk\/author\/redazione\/"},"rttpg_comment":0,"rttpg_category":"<a href=\"https:\/\/imagazine.it\/home_desk\/category\/attualita\/\" rel=\"category tag\">ATTUALIT\u00c0<\/a>","rttpg_excerpt":"Nuova data il 7 giugno","_links":{"self":[{"href":"https:\/\/imagazine.it\/home_desk\/wp-json\/wp\/v2\/posts\/32644","targetHints":{"allow":["GET"]}}],"collection":[{"href":"https:\/\/imagazine.it\/home_desk\/wp-json\/wp\/v2\/posts"}],"about":[{"href":"https:\/\/imagazine.it\/home_desk\/wp-json\/wp\/v2\/types\/post"}],"author":[{"embeddable":true,"href":"https:\/\/imagazine.it\/home_desk\/wp-json\/wp\/v2\/users\/28"}],"replies":[{"embeddable":true,"href":"https:\/\/imagazine.it\/home_desk\/wp-json\/wp\/v2\/comments?post=32644"}],"version-history":[{"count":0,"href":"https:\/\/imagazine.it\/home_desk\/wp-json\/wp\/v2\/posts\/32644\/revisions"}],"wp:featuredmedia":[{"embeddable":true,"href":"https:\/\/imagazine.it\/home_desk\/wp-json\/wp\/v2\/media\/32645"}],"wp:attachment":[{"href":"https:\/\/imagazine.it\/home_desk\/wp-json\/wp\/v2\/media?parent=32644"}],"wp:term":[{"taxonomy":"category","embeddable":true,"href":"https:\/\/imagazine.it\/home_desk\/wp-json\/wp\/v2\/categories?post=32644"},{"taxonomy":"post_tag","embeddable":true,"href":"https:\/\/imagazine.it\/home_desk\/wp-json\/wp\/v2\/tags?post=32644"}],"curies":[{"name":"wp","href":"https:\/\/api.w.org\/{rel}","templated":true}]}}