{"id":32632,"date":"2020-03-04T00:00:00","date_gmt":"2020-03-03T23:00:00","guid":{"rendered":"https:\/\/imagazine.it\/?p=32632"},"modified":"2020-03-04T00:00:00","modified_gmt":"2020-03-03T23:00:00","slug":"maniago-nuovi-investimenti-per-rilanciare-la-coltelleria","status":"publish","type":"post","link":"https:\/\/imagazine.it\/home_desk\/maniago-nuovi-investimenti-per-rilanciare-la-coltelleria\/","title":{"rendered":"Maniago, nuovi investimenti per rilanciare la coltelleria"},"content":{"rendered":"<p>Il Consorzio NIP di Maniago, in collaborazione con i partner del territorio, si \u00e8 aggiudicato un importante finanziamento attraverso il bando messo a disposizione dal GAL &#8211; Gruppo di Azione Locale &#8211; Montagna Leader. Il progetto presentato \u00e8 finalizzato a una serie di iniziative di marketing territoriale incentrate sulla\u00a0promozione del territorio attraverso il prodotto tipico coltelleria.<\/p>\n<p>Le attivit\u00e0 previste spaziano dalla partecipazione a manifestazione fieristiche, alla realizzazione di materiali promozionali volti a raccontare la tradizione centenaria della coltelleria maniaghese fino agli studi di mercato per individuare i pi\u00f9 profittevoli canali di sbocco di questo prodotto.<\/p>\n<p>Il progetto, che ha visto l\u2019adesione compatta di numerose aziende, prevede la partecipazione\u00a0di realt\u00e0 del settore del mobile e del comparto agroalimentare, allo scopo di arricchire la vetrina sulla produzione tipica locale. In quanto nell\u2019attuale scenario globalizzato, la Rete e la cooperazione sono gli strumenti pi\u00f9 validi per promuovere l\u2019innovazione e la forza commerciale di un territorio, generando significative ricadute di tipo economico e occupazionale.<\/p>\n<p>Si tratta di un vero e proprio piano di rilancio del comparto del coltello che, attraverso la preziosa collaborazione del Consorzio Coltellinai di Maniago e in coordinamento con CCIAA Pn-Ud e Comune di Maniago, si propone di dare enfasi alle realt\u00e0 produttive del territorio, dalle pi\u00f9 strutturate alle pi\u00f9 piccole.<\/p>\n<p><a href=\"http:\/\/imagazinevideotruck.it\/outlet\/relink.html\" target=\"_top\" rel=\"noopener\"><img loading=\"lazy\" decoding=\"async\" align=\"LEFT\" height=\"250\" src=\"http:\/\/imagazinevideotruck.it\/outlet\/outlet30.gif\" width=\"300\" alt=\"\" title=\"\"><\/a><\/p>\n<p>\u00a0<\/p>\n<p>\u00a0<\/p>\n<p>\u00a0<\/p>\n<p>\u00a0<\/p>\n<p>\u00a0<\/p>\n<p>\u00a0<\/p>\n<p>\u00a0<\/p>\n<p>\u00a0<\/p>\n<p>\u00a0<\/p>\n<p>L\u2019iniziativa, che fa parte di una pi\u00f9 complessa strategia per lo sviluppo locale portata avanti dal Consorzio NIP, ha l\u2019obiettivo di promuovere all\u2019esterno i valori legati alla tradizione artigianale e industriale del maniaghese. Una storia antica che incarna il saper fare del mastro coltellinaio, fedele da sempre all\u2019accuratezza e all\u2019attenzione per i dettagli e oggi portavoce del \u201cMade In Italy\u201d nel mondo senza per\u00f2 escludere la capacit\u00e0 delle nostre aziende, sempre pi\u00f9 digitali, sempre pi\u00f9 innovative e sempre pi\u00f9 industria 4.0.<\/p>\n<p>\u201cSiamo molto soddisfatti \u2013 dichiara <strong>Stefano Dametto<\/strong>, presidente del Consorzio NIP \u2013 della proposta progettuale delineata, ma quello che ci inorgoglisce maggiormente \u00e8 la partecipazione decisa e numerosa delle aziende al nostro progetto, anche all\u2019estero Maniago \u00e8 sinonimo di coltello e la nostra produzione e qualit\u00e0 viene apprezzata e ricercata sempre di pi\u00f9. Abbiamo nel territorio delle importantissime realt\u00e0 riconosciute nel mondo, ma con questo progetto puntiamo a supportare anche le realt\u00e0 pi\u00f9 piccole, enfatizzando il ruolo del Consorzio Coltellinai, storia del nostro territorio che proprio quest\u2019anno festeggia i 60 anni di attivit\u00e0\u201d.<\/p>\n","protected":false},"excerpt":{"rendered":"<p>Finanziato il Bando Montagna Leader<\/p>\n","protected":false},"author":28,"featured_media":32633,"comment_status":"closed","ping_status":"closed","sticky":false,"template":"","format":"standard","meta":{"dwc-title":[],"dwc-content":[],"footnotes":""},"categories":[5],"tags":[],"class_list":["post-32632","post","type-post","status-publish","format-standard","has-post-thumbnail","hentry","category-attualita"],"rttpg_featured_image_url":{"full":["https:\/\/imagazine.it\/wp-content\/uploads\/2024\/01\/33153-1.webp",750,500,false],"landscape":["https:\/\/imagazine.it\/wp-content\/uploads\/2024\/01\/33153-1.webp",750,500,false],"portraits":["https:\/\/imagazine.it\/wp-content\/uploads\/2024\/01\/33153-1.webp",750,500,false],"thumbnail":["https:\/\/imagazine.it\/wp-content\/uploads\/2024\/01\/33153-1-150x150.webp",150,150,true],"medium":["https:\/\/imagazine.it\/wp-content\/uploads\/2024\/01\/33153-1-300x200.webp",300,200,true],"large":["https:\/\/imagazine.it\/wp-content\/uploads\/2024\/01\/33153-1.webp",640,427,false],"thumblist":["https:\/\/imagazine.it\/wp-content\/uploads\/2024\/01\/33153-1.webp",300,200,false],"thumbrelated":["https:\/\/imagazine.it\/wp-content\/uploads\/2024\/01\/33153-1.webp",500,333,false],"meccarouselthumb":["https:\/\/imagazine.it\/wp-content\/uploads\/2024\/01\/33153-1.webp",474,316,false],"gridsquare":["https:\/\/imagazine.it\/wp-content\/uploads\/2024\/01\/33153-1.webp",391,260,false],"tileview":["https:\/\/imagazine.it\/wp-content\/uploads\/2024\/01\/33153-1.webp",300,200,false],"1536x1536":["https:\/\/imagazine.it\/wp-content\/uploads\/2024\/01\/33153-1.webp",750,500,false],"2048x2048":["https:\/\/imagazine.it\/wp-content\/uploads\/2024\/01\/33153-1.webp",750,500,false],"newsup-slider-full":["https:\/\/imagazine.it\/wp-content\/uploads\/2024\/01\/33153-1.webp",750,500,false],"newsup-featured":["https:\/\/imagazine.it\/wp-content\/uploads\/2024\/01\/33153-1.webp",750,500,false],"newsup-medium":["https:\/\/imagazine.it\/wp-content\/uploads\/2024\/01\/33153-1-720x380.webp",720,380,true],"tptn_thumbnail":["https:\/\/imagazine.it\/wp-content\/uploads\/2024\/01\/33153-1.webp",250,167,false],"sow-carousel-default":["https:\/\/imagazine.it\/wp-content\/uploads\/2024\/01\/33153-1-272x182.webp",272,182,true]},"rttpg_author":{"display_name":"redazione","author_link":"https:\/\/imagazine.it\/home_desk\/author\/redazione\/"},"rttpg_comment":0,"rttpg_category":"<a href=\"https:\/\/imagazine.it\/home_desk\/category\/attualita\/\" rel=\"category tag\">ATTUALIT\u00c0<\/a>","rttpg_excerpt":"Finanziato il Bando Montagna Leader","_links":{"self":[{"href":"https:\/\/imagazine.it\/home_desk\/wp-json\/wp\/v2\/posts\/32632","targetHints":{"allow":["GET"]}}],"collection":[{"href":"https:\/\/imagazine.it\/home_desk\/wp-json\/wp\/v2\/posts"}],"about":[{"href":"https:\/\/imagazine.it\/home_desk\/wp-json\/wp\/v2\/types\/post"}],"author":[{"embeddable":true,"href":"https:\/\/imagazine.it\/home_desk\/wp-json\/wp\/v2\/users\/28"}],"replies":[{"embeddable":true,"href":"https:\/\/imagazine.it\/home_desk\/wp-json\/wp\/v2\/comments?post=32632"}],"version-history":[{"count":0,"href":"https:\/\/imagazine.it\/home_desk\/wp-json\/wp\/v2\/posts\/32632\/revisions"}],"wp:featuredmedia":[{"embeddable":true,"href":"https:\/\/imagazine.it\/home_desk\/wp-json\/wp\/v2\/media\/32633"}],"wp:attachment":[{"href":"https:\/\/imagazine.it\/home_desk\/wp-json\/wp\/v2\/media?parent=32632"}],"wp:term":[{"taxonomy":"category","embeddable":true,"href":"https:\/\/imagazine.it\/home_desk\/wp-json\/wp\/v2\/categories?post=32632"},{"taxonomy":"post_tag","embeddable":true,"href":"https:\/\/imagazine.it\/home_desk\/wp-json\/wp\/v2\/tags?post=32632"}],"curies":[{"name":"wp","href":"https:\/\/api.w.org\/{rel}","templated":true}]}}