{"id":32618,"date":"2020-03-02T00:00:00","date_gmt":"2020-03-01T23:00:00","guid":{"rendered":"https:\/\/imagazine.it\/?p=32618"},"modified":"2020-03-02T00:00:00","modified_gmt":"2020-03-01T23:00:00","slug":"coronavirus-riprendono-le-messe-in-fvg","status":"publish","type":"post","link":"https:\/\/imagazine.it\/home_desk\/coronavirus-riprendono-le-messe-in-fvg\/","title":{"rendered":"Coronavirus, riprendono le messe in FVG"},"content":{"rendered":"<p>In aggiornamento a quanto stabilito\u00a0il 24 di febbraio\u00a0a seguito dell\u2019Ordinanza del Ministro della Salute d\u2019intesa con il Presidente della Regione\u00a0 Friuli Venezia Giulia del 23 febbraio circa\u00a0Misure urgenti di contenimento e gestione dell\u2019emergenza epidemiologica da COVID-2019,\u00a0le Curie del Friuli Venezia Giulia hanno diramato\u00a0le seguenti nuove disposizioni, in vigore da oggi\u00a0 in ottemperanza\u00a0all\u2019Ordinanza del Ministro della Salute d\u2019intesa con il Presidente della Regione Autonoma Friuli Venezia Giulia del\u00a01 marzo e del Decreto della Presidenza del Consiglio dei Ministri del 1 marzo\u00a0circa\u00a0la stessa materia.\u00a0\u00a0<\/p>\n<p>Vengono riprese le celebrazioni infrasettimanali e domenicali delle messe,\u00a0dei funerali e dei matrimoni, degli altri\u00a0sacramenti, dei sacramentali e\u00a0delle\u00a0altre devozioni quali il Rosario e la Via Crucis. Si raccomanda ai parroci,\u00a0agli amministratori parrocchiali e a tutti i sacerdoti di avvisare i fedeli che non sar\u00e0 possibile lo scambio della pace\u00a0durante le messe\u00a0e che l\u2019eucaristia dovr\u00e0\u00a0essere ricevuta\u00a0sulla mano.\u00a0Le acquasantiere\u00a0devono restare\u00a0vuote.<\/p>\n<p>Restano sospesi\u00a0fino all\u20198 marzo\u00a0gli incontri del catechismo e quelli connessi alle attivit\u00e0 associative, cos\u00ec come i\u00a0programmi degli oratori parrocchiali.<\/p>\n<p>Le attivit\u00e0 caritative delle parrocchie\u00a0potranno continuare come al solito. Le attivit\u00e0 in capo alla Caritas diocesana, per la loro peculiarit\u00e0, dovranno essere svolte secondo gli indirizzi gi\u00e0 adottati e comunicati.<\/p>\n<p>Sono tolti i divieti alle visite turistiche dei gruppi nelle Chiese\u00a0della Diocesi.<\/p>\n<p><a href=\"http:\/\/imagazinevideotruck.it\/outlet\/relink.html\" target=\"_top\" rel=\"noopener\"><img loading=\"lazy\" decoding=\"async\" align=\"LEFT\" height=\"250\" src=\"http:\/\/imagazinevideotruck.it\/outlet\/outlet30.gif\" width=\"300\" alt=\"\" title=\"\"><\/a><\/p>\n<p>\u00a0<\/p>\n<p>\u00a0<\/p>\n<p>\u00a0<\/p>\n<p>\u00a0<\/p>\n<p>\u00a0<\/p>\n<p>\u00a0<\/p>\n<p>\u00a0<\/p>\n<p>\u00a0<\/p>\n<p>\u00a0<\/p>\n<p>In tutte le celebrazioni si osservino e si facciano osservare tutte le regole igieniche del caso\u00a0(Cf. sito della Regione FVG\/Coronavirus-Vademecum).\u00a0Tutti i fedeli che dovessero presentare sintomatologia respiratoria anche lieve non possono partecipare alle celebrazioni liturgiche.<\/p>\n<p>Le presenti disposizioni potranno essere riviste e aggiornate in base all\u2019evolversi della situazione e all\u2019emissione di nuove ordinanze da parte delle pubbliche Autorit\u00e0.<\/p>\n<p>Viene suggerito inoltre di celebrare\u00a0il segno\u00a0delle ceneri\u00a0domenica 8 marzo o,\u00a0se ritenuto opportuno,\u00a0in un giorno della settimana; di proporre ai fedeli che, per malattia o per motivi di carattere prudenziale, non sono in grado di partecipare alle celebrazioni di utilizzare per la preghiera personale dei sussidi. Coloro che per motivi di salute o per prudenza non partecipano alle celebrazioni sono\u00a0comunque\u00a0dispensati dal precetto festivo.<\/p>\n","protected":false},"excerpt":{"rendered":"<p>Disposizioni delle Curie<\/p>\n","protected":false},"author":28,"featured_media":32619,"comment_status":"closed","ping_status":"closed","sticky":false,"template":"","format":"standard","meta":{"dwc-title":[],"dwc-content":[],"footnotes":""},"categories":[5],"tags":[],"class_list":["post-32618","post","type-post","status-publish","format-standard","has-post-thumbnail","hentry","category-attualita"],"rttpg_featured_image_url":{"full":["https:\/\/imagazine.it\/wp-content\/uploads\/2024\/01\/33126-1.webp",750,499,false],"landscape":["https:\/\/imagazine.it\/wp-content\/uploads\/2024\/01\/33126-1.webp",750,499,false],"portraits":["https:\/\/imagazine.it\/wp-content\/uploads\/2024\/01\/33126-1.webp",750,499,false],"thumbnail":["https:\/\/imagazine.it\/wp-content\/uploads\/2024\/01\/33126-1-150x150.webp",150,150,true],"medium":["https:\/\/imagazine.it\/wp-content\/uploads\/2024\/01\/33126-1-300x200.webp",300,200,true],"large":["https:\/\/imagazine.it\/wp-content\/uploads\/2024\/01\/33126-1.webp",640,426,false],"thumblist":["https:\/\/imagazine.it\/wp-content\/uploads\/2024\/01\/33126-1.webp",300,200,false],"thumbrelated":["https:\/\/imagazine.it\/wp-content\/uploads\/2024\/01\/33126-1.webp",500,333,false],"meccarouselthumb":["https:\/\/imagazine.it\/wp-content\/uploads\/2024\/01\/33126-1.webp",474,315,false],"gridsquare":["https:\/\/imagazine.it\/wp-content\/uploads\/2024\/01\/33126-1.webp",391,260,false],"tileview":["https:\/\/imagazine.it\/wp-content\/uploads\/2024\/01\/33126-1.webp",300,200,false],"1536x1536":["https:\/\/imagazine.it\/wp-content\/uploads\/2024\/01\/33126-1.webp",750,499,false],"2048x2048":["https:\/\/imagazine.it\/wp-content\/uploads\/2024\/01\/33126-1.webp",750,499,false],"newsup-slider-full":["https:\/\/imagazine.it\/wp-content\/uploads\/2024\/01\/33126-1.webp",750,499,false],"newsup-featured":["https:\/\/imagazine.it\/wp-content\/uploads\/2024\/01\/33126-1.webp",750,499,false],"newsup-medium":["https:\/\/imagazine.it\/wp-content\/uploads\/2024\/01\/33126-1-720x380.webp",720,380,true],"tptn_thumbnail":["https:\/\/imagazine.it\/wp-content\/uploads\/2024\/01\/33126-1.webp",250,166,false],"sow-carousel-default":["https:\/\/imagazine.it\/wp-content\/uploads\/2024\/01\/33126-1-272x182.webp",272,182,true]},"rttpg_author":{"display_name":"redazione","author_link":"https:\/\/imagazine.it\/home_desk\/author\/redazione\/"},"rttpg_comment":0,"rttpg_category":"<a href=\"https:\/\/imagazine.it\/home_desk\/category\/attualita\/\" rel=\"category tag\">ATTUALIT\u00c0<\/a>","rttpg_excerpt":"Disposizioni delle Curie","_links":{"self":[{"href":"https:\/\/imagazine.it\/home_desk\/wp-json\/wp\/v2\/posts\/32618","targetHints":{"allow":["GET"]}}],"collection":[{"href":"https:\/\/imagazine.it\/home_desk\/wp-json\/wp\/v2\/posts"}],"about":[{"href":"https:\/\/imagazine.it\/home_desk\/wp-json\/wp\/v2\/types\/post"}],"author":[{"embeddable":true,"href":"https:\/\/imagazine.it\/home_desk\/wp-json\/wp\/v2\/users\/28"}],"replies":[{"embeddable":true,"href":"https:\/\/imagazine.it\/home_desk\/wp-json\/wp\/v2\/comments?post=32618"}],"version-history":[{"count":0,"href":"https:\/\/imagazine.it\/home_desk\/wp-json\/wp\/v2\/posts\/32618\/revisions"}],"wp:featuredmedia":[{"embeddable":true,"href":"https:\/\/imagazine.it\/home_desk\/wp-json\/wp\/v2\/media\/32619"}],"wp:attachment":[{"href":"https:\/\/imagazine.it\/home_desk\/wp-json\/wp\/v2\/media?parent=32618"}],"wp:term":[{"taxonomy":"category","embeddable":true,"href":"https:\/\/imagazine.it\/home_desk\/wp-json\/wp\/v2\/categories?post=32618"},{"taxonomy":"post_tag","embeddable":true,"href":"https:\/\/imagazine.it\/home_desk\/wp-json\/wp\/v2\/tags?post=32618"}],"curies":[{"name":"wp","href":"https:\/\/api.w.org\/{rel}","templated":true}]}}