{"id":32614,"date":"2020-02-27T00:00:00","date_gmt":"2020-02-26T23:00:00","guid":{"rendered":"https:\/\/imagazine.it\/?p=32614"},"modified":"2020-02-27T00:00:00","modified_gmt":"2020-02-26T23:00:00","slug":"fiumicello-la-marcia-per-la-pace-ritorna-in-autunno","status":"publish","type":"post","link":"https:\/\/imagazine.it\/home_desk\/fiumicello-la-marcia-per-la-pace-ritorna-in-autunno\/","title":{"rendered":"Fiumicello, la Marcia per la Pace ritorna in autunno"},"content":{"rendered":"<p>L\u2019Equipe Base \u00e8 arrivata a Fiumicello Villa Vicentina. A causa dell\u2019emergenza coronavirus non si sono potute realizzare le attivit\u00e0 previste, quindi \u00e8 stato deciso di organizzare in incontro privato con la delegazione internazionale della Marcia Mondiale per la Pace e la Nonviolenza.<\/p>\n<p>In Piazza Falcone e Borsellino il gruppo \u00e8 stato da un piccolo gruppo di persone dell\u2019Auser che desideravano esporre la creazione artistica di Franco, la Colomba della pace. Abbiamo scattato una foto e con i marciatori ci siamo ritrovati nel locale che ospita il Governo dei Giovanni.<\/p>\n<p>\u00c8 stato molto commovente ritrovarsi in questo locale nel quale Giulio Regeni ha trascorso quattro anni come consigliere e poi come sindaco del Governo dei Giovanni.<\/p>\n<p>Dopo i saluti del Comitato Promotore di Fiumicello Villa Vicentina, <strong>Rafael de la Rubia<\/strong>, ideatore della Marcia Mondiale, umanista, \u00e8 intervenuto per ringraziare e comunicare il suo messaggio di Pace e Nonviolenza. <strong>Deepak Vyas<\/strong>, presidente fondatore di <em>The Global Trust<\/em>, realt\u00e0 indiana che aspira a creare &#8220;Il mondo intero come villaggio globale&#8221; ha chiesto un minuto di silenzio per onorare il ricordo di Giulio Regeni. Ogni componente della delegazione, composta di <strong>Cecilia Umana Cruz, Marly Ar\u00e9valo Pati\u00f1o Andr\u00e9s Salazar White<\/strong>, ha portato la sua testimonianza, coinvolgendo tutti i presenti.<\/p>\n<p>Successivamente sono intervenuti, <strong>Paola Deffendi, don Pier Luigi di Piazza e don Luigi Fontanot<\/strong>.<\/p>\n<p>Dopo una breve passeggiata lungo le vie dei Diritti dell\u2019Infanzia, il gruppo \u00e8 giunto in Municipio per un breve saluto del sindaco <strong>Laura Sgubin<\/strong>. Dopo lo scambio di omaggi, il sindaco ha risposto positivamente a due domande: appoggiare l\u2019appello dell\u2019I.C.A.N. (International Compaign to Abolish Nuclear Weapons) premio Nobel per la Pace 2017 e sostenere con modalit\u00e0 da definire, il Comune di Pirano in Slovenia come \u201cAmbasciata di pace\u201d per il Mediterraneo, mare di Pace.<\/p>\n<p>Il Comitato nazionale della Marcia Mondiale per la Pace e la nonviolenza ha deciso, in accordo con gli organizzatori, di rimandare la Marcia Italiana in autunno quando le scuole avranno ripreso l\u2019anno scolastico 2020\/2021.<\/p>\n","protected":false},"excerpt":{"rendered":"<p>L&#8217;Equipe Base arrivata ugualmente in citt\u00e0<\/p>\n","protected":false},"author":28,"featured_media":32615,"comment_status":"closed","ping_status":"closed","sticky":false,"template":"","format":"standard","meta":{"dwc-title":[],"dwc-content":[],"footnotes":""},"categories":[5],"tags":[],"class_list":["post-32614","post","type-post","status-publish","format-standard","has-post-thumbnail","hentry","category-attualita"],"rttpg_featured_image_url":{"full":["https:\/\/imagazine.it\/wp-content\/uploads\/2024\/01\/33122-1.webp",750,500,false],"landscape":["https:\/\/imagazine.it\/wp-content\/uploads\/2024\/01\/33122-1.webp",750,500,false],"portraits":["https:\/\/imagazine.it\/wp-content\/uploads\/2024\/01\/33122-1.webp",750,500,false],"thumbnail":["https:\/\/imagazine.it\/wp-content\/uploads\/2024\/01\/33122-1-150x150.webp",150,150,true],"medium":["https:\/\/imagazine.it\/wp-content\/uploads\/2024\/01\/33122-1-300x200.webp",300,200,true],"large":["https:\/\/imagazine.it\/wp-content\/uploads\/2024\/01\/33122-1.webp",640,427,false],"thumblist":["https:\/\/imagazine.it\/wp-content\/uploads\/2024\/01\/33122-1.webp",300,200,false],"thumbrelated":["https:\/\/imagazine.it\/wp-content\/uploads\/2024\/01\/33122-1.webp",500,333,false],"meccarouselthumb":["https:\/\/imagazine.it\/wp-content\/uploads\/2024\/01\/33122-1.webp",474,316,false],"gridsquare":["https:\/\/imagazine.it\/wp-content\/uploads\/2024\/01\/33122-1.webp",391,260,false],"tileview":["https:\/\/imagazine.it\/wp-content\/uploads\/2024\/01\/33122-1.webp",300,200,false],"1536x1536":["https:\/\/imagazine.it\/wp-content\/uploads\/2024\/01\/33122-1.webp",750,500,false],"2048x2048":["https:\/\/imagazine.it\/wp-content\/uploads\/2024\/01\/33122-1.webp",750,500,false],"newsup-slider-full":["https:\/\/imagazine.it\/wp-content\/uploads\/2024\/01\/33122-1.webp",750,500,false],"newsup-featured":["https:\/\/imagazine.it\/wp-content\/uploads\/2024\/01\/33122-1.webp",750,500,false],"newsup-medium":["https:\/\/imagazine.it\/wp-content\/uploads\/2024\/01\/33122-1-720x380.webp",720,380,true],"tptn_thumbnail":["https:\/\/imagazine.it\/wp-content\/uploads\/2024\/01\/33122-1.webp",250,167,false],"sow-carousel-default":["https:\/\/imagazine.it\/wp-content\/uploads\/2024\/01\/33122-1-272x182.webp",272,182,true]},"rttpg_author":{"display_name":"redazione","author_link":"https:\/\/imagazine.it\/home_desk\/author\/redazione\/"},"rttpg_comment":0,"rttpg_category":"<a href=\"https:\/\/imagazine.it\/home_desk\/category\/attualita\/\" rel=\"category tag\">ATTUALIT\u00c0<\/a>","rttpg_excerpt":"L'Equipe Base arrivata ugualmente in citt\u00e0","_links":{"self":[{"href":"https:\/\/imagazine.it\/home_desk\/wp-json\/wp\/v2\/posts\/32614","targetHints":{"allow":["GET"]}}],"collection":[{"href":"https:\/\/imagazine.it\/home_desk\/wp-json\/wp\/v2\/posts"}],"about":[{"href":"https:\/\/imagazine.it\/home_desk\/wp-json\/wp\/v2\/types\/post"}],"author":[{"embeddable":true,"href":"https:\/\/imagazine.it\/home_desk\/wp-json\/wp\/v2\/users\/28"}],"replies":[{"embeddable":true,"href":"https:\/\/imagazine.it\/home_desk\/wp-json\/wp\/v2\/comments?post=32614"}],"version-history":[{"count":0,"href":"https:\/\/imagazine.it\/home_desk\/wp-json\/wp\/v2\/posts\/32614\/revisions"}],"wp:featuredmedia":[{"embeddable":true,"href":"https:\/\/imagazine.it\/home_desk\/wp-json\/wp\/v2\/media\/32615"}],"wp:attachment":[{"href":"https:\/\/imagazine.it\/home_desk\/wp-json\/wp\/v2\/media?parent=32614"}],"wp:term":[{"taxonomy":"category","embeddable":true,"href":"https:\/\/imagazine.it\/home_desk\/wp-json\/wp\/v2\/categories?post=32614"},{"taxonomy":"post_tag","embeddable":true,"href":"https:\/\/imagazine.it\/home_desk\/wp-json\/wp\/v2\/tags?post=32614"}],"curies":[{"name":"wp","href":"https:\/\/api.w.org\/{rel}","templated":true}]}}