{"id":32610,"date":"2020-03-02T00:00:00","date_gmt":"2020-03-01T23:00:00","guid":{"rendered":"https:\/\/imagazine.it\/?p=32610"},"modified":"2020-03-02T00:00:00","modified_gmt":"2020-03-01T23:00:00","slug":"baseball-per-ciechi-staranzano-rilancia-la-sfida","status":"publish","type":"post","link":"https:\/\/imagazine.it\/home_desk\/baseball-per-ciechi-staranzano-rilancia-la-sfida\/","title":{"rendered":"Baseball per ciechi, Staranzano rilancia la sfida"},"content":{"rendered":"<p>Difficile pensare che durante una manifestazione sportiva, un incontro, il pubblico presente debba stare in silenzio e aspettare che l&#39;azione finisca per battere le mani e incoraggiare i propri beniamini, ma questo \u00e8 quanto succede nelle gare del campionato nazionale di baseball dei ciechi.<\/p>\n<p>Quando si disputa un incontro ci sono tanti rumori che danno dei segnali ai ragazzi non vedenti che corrono nelle basi: la palla \u201csonora\u201d, quando battono i ragazzi in difesa devono accorgersi della palla grazie al suono che emette, mentre il corridore sentir\u00e0 con un altro tono il suono della prima base, anche quella sonora, infine le palette degli allenatori che fanno capire ai corridori quanto sono lontani o vicini alla base che devono raggiungere di corsa.<\/p>\n<p>Un gioco che, nella bisiacaria, si pratica dal 2015 quando \u00e8 nata la Staranzano Bxc del presidente <strong>Franco Buttignon<\/strong>. Il 22 marzo prossimo inizier\u00e0 il suo quarto campionato di serie A, la squadra bisiaca dovr\u00e0 viaggiare per l&#39;Italia, senza le isole, in quanto le squadre sarde giocheranno gli incontri in Lombardia.<\/p>\n<p>La presentazione della squadra e dello staff tecnico e dirigenziale \u00e8 in programma presso il municipio di Staranzano, nella sala comunale Peres, sabato 21 marzo. I giocatori che scenderanno in campo con i colori bianco-rossi dello Staranzano BXC saranno <strong>Stefano Battaglia, Andrea Crescenti, Nicol\u00f2 Finocchiaro, Dodo Mastrangelo, Danilo Musarella, Patrizia Podrecca, Giuseppe Raucci, Susanna Rech<\/strong>. I dirigenti saranno: il manager <strong>Renato Carraro<\/strong>, i coach <strong>Luca Buttignon<\/strong>, <strong>Giacomo Nolli<\/strong> e gli assistenti <strong>Rocco Arancio, Franco e Paolo Buttignon<\/strong> e <strong>Marcello Massa<\/strong>.<\/p>\n<p><a href=\"http:\/\/imagazinevideotruck.it\/outlet\/relink.html\" target=\"_top\" rel=\"noopener\"><img loading=\"lazy\" decoding=\"async\" align=\"LEFT\" height=\"250\" src=\"http:\/\/imagazinevideotruck.it\/outlet\/outlet30.gif\" width=\"300\" alt=\"\" title=\"\"><\/a><\/p>\n<p>\u00a0<\/p>\n<p>\u00a0<\/p>\n<p>\u00a0<\/p>\n<p>\u00a0<\/p>\n<p>\u00a0<\/p>\n<p>\u00a0<\/p>\n<p>\u00a0<\/p>\n<p>\u00a0<\/p>\n<p>\u00a0<\/p>\n<p>Le gare che giocheranno nel diamante di casa in Piazzale Atleti Azzurri d&#39;Italia, saranno gi\u00e0 il 22 marzo (alle ore 11) contro i Patrini Malnate, mentre il 5 aprile \u00e8 prevista la sfida con Umbria Redskins (ore 11). Si ritorner\u00e0 a Staranzano il 10 maggio, l&#39;avversario di turno sar\u00e0 il Bologna White Sox (ore 12), per concludere gli incontri casalinghi il 31 maggio (ore 11). In trasferta i ragazzi del presidente Buttignon saranno di scena a Milano dove affronteranno i Thunder&#39;s 5, a Brescia per incontrare i Thurpos Cagliari, sempre a Brescia se la vedranno con la Leonessa BXC, a Milano si confronteranno con i Tigers di Cagliari e a Roma incontreranno i Roma Allblinds.<\/p>\n<p>Se dovessero andare ai play-off, Milano e Bologna sono le sedi designate, mentre la finale per il titolo si disputer\u00e0 il 27 giugno a Bologna. Inoltre in occasione dei campionati europei di softball, il 12 giugno (giorno precedente alla finalissima) disputeranno una gara dimostrativa sul campo di Ronchi dei Legionari, mentre il 9 agosto saranno di scena a Cervignano del Friuli per un torneo triangolare che li vedr\u00e0 opposti a una squadra tedesca e una inglese. Inoltre la Staranzano Bxc disputer\u00e0 la Coppa Italia in una sede ancora da definire<\/p>\n","protected":false},"excerpt":{"rendered":"<p>Il 21 marzo la presentazione ufficiale<\/p>\n","protected":false},"author":22,"featured_media":32611,"comment_status":"closed","ping_status":"closed","sticky":false,"template":"","format":"standard","meta":{"dwc-title":[],"dwc-content":[],"footnotes":""},"categories":[38],"tags":[],"class_list":["post-32610","post","type-post","status-publish","format-standard","has-post-thumbnail","hentry","category-sport"],"rttpg_featured_image_url":{"full":["https:\/\/imagazine.it\/wp-content\/uploads\/2024\/01\/33118-1.webp",750,422,false],"landscape":["https:\/\/imagazine.it\/wp-content\/uploads\/2024\/01\/33118-1.webp",750,422,false],"portraits":["https:\/\/imagazine.it\/wp-content\/uploads\/2024\/01\/33118-1.webp",750,422,false],"thumbnail":["https:\/\/imagazine.it\/wp-content\/uploads\/2024\/01\/33118-1-150x150.webp",150,150,true],"medium":["https:\/\/imagazine.it\/wp-content\/uploads\/2024\/01\/33118-1-300x169.webp",300,169,true],"large":["https:\/\/imagazine.it\/wp-content\/uploads\/2024\/01\/33118-1.webp",640,360,false],"thumblist":["https:\/\/imagazine.it\/wp-content\/uploads\/2024\/01\/33118-1.webp",300,169,false],"thumbrelated":["https:\/\/imagazine.it\/wp-content\/uploads\/2024\/01\/33118-1.webp",500,281,false],"meccarouselthumb":["https:\/\/imagazine.it\/wp-content\/uploads\/2024\/01\/33118-1.webp",474,267,false],"gridsquare":["https:\/\/imagazine.it\/wp-content\/uploads\/2024\/01\/33118-1.webp",391,220,false],"tileview":["https:\/\/imagazine.it\/wp-content\/uploads\/2024\/01\/33118-1.webp",300,169,false],"1536x1536":["https:\/\/imagazine.it\/wp-content\/uploads\/2024\/01\/33118-1.webp",750,422,false],"2048x2048":["https:\/\/imagazine.it\/wp-content\/uploads\/2024\/01\/33118-1.webp",750,422,false],"newsup-slider-full":["https:\/\/imagazine.it\/wp-content\/uploads\/2024\/01\/33118-1.webp",750,422,false],"newsup-featured":["https:\/\/imagazine.it\/wp-content\/uploads\/2024\/01\/33118-1.webp",750,422,false],"newsup-medium":["https:\/\/imagazine.it\/wp-content\/uploads\/2024\/01\/33118-1-720x380.webp",720,380,true],"tptn_thumbnail":["https:\/\/imagazine.it\/wp-content\/uploads\/2024\/01\/33118-1.webp",250,141,false],"sow-carousel-default":["https:\/\/imagazine.it\/wp-content\/uploads\/2024\/01\/33118-1-272x182.webp",272,182,true]},"rttpg_author":{"display_name":"Livio Nonis","author_link":"https:\/\/imagazine.it\/home_desk\/author\/nonis\/"},"rttpg_comment":0,"rttpg_category":"<a href=\"https:\/\/imagazine.it\/home_desk\/category\/sport\/\" rel=\"category tag\">SPORT<\/a>","rttpg_excerpt":"Il 21 marzo la presentazione ufficiale","_links":{"self":[{"href":"https:\/\/imagazine.it\/home_desk\/wp-json\/wp\/v2\/posts\/32610","targetHints":{"allow":["GET"]}}],"collection":[{"href":"https:\/\/imagazine.it\/home_desk\/wp-json\/wp\/v2\/posts"}],"about":[{"href":"https:\/\/imagazine.it\/home_desk\/wp-json\/wp\/v2\/types\/post"}],"author":[{"embeddable":true,"href":"https:\/\/imagazine.it\/home_desk\/wp-json\/wp\/v2\/users\/22"}],"replies":[{"embeddable":true,"href":"https:\/\/imagazine.it\/home_desk\/wp-json\/wp\/v2\/comments?post=32610"}],"version-history":[{"count":0,"href":"https:\/\/imagazine.it\/home_desk\/wp-json\/wp\/v2\/posts\/32610\/revisions"}],"wp:featuredmedia":[{"embeddable":true,"href":"https:\/\/imagazine.it\/home_desk\/wp-json\/wp\/v2\/media\/32611"}],"wp:attachment":[{"href":"https:\/\/imagazine.it\/home_desk\/wp-json\/wp\/v2\/media?parent=32610"}],"wp:term":[{"taxonomy":"category","embeddable":true,"href":"https:\/\/imagazine.it\/home_desk\/wp-json\/wp\/v2\/categories?post=32610"},{"taxonomy":"post_tag","embeddable":true,"href":"https:\/\/imagazine.it\/home_desk\/wp-json\/wp\/v2\/tags?post=32610"}],"curies":[{"name":"wp","href":"https:\/\/api.w.org\/{rel}","templated":true}]}}