{"id":32598,"date":"2020-02-28T00:00:00","date_gmt":"2020-02-27T23:00:00","guid":{"rendered":"https:\/\/imagazine.it\/?p=32598"},"modified":"2020-02-28T00:00:00","modified_gmt":"2020-02-27T23:00:00","slug":"cervignano-nasce-il-gruppo-di-cammino-della-bassa-friulana","status":"publish","type":"post","link":"https:\/\/imagazine.it\/home_desk\/cervignano-nasce-il-gruppo-di-cammino-della-bassa-friulana\/","title":{"rendered":"Cervignano, nasce il Gruppo di cammino della Bassa friulana"},"content":{"rendered":"<p>Seguendo l\u2019esempio del gruppo \u201cQuelli della notte di San Zuan\u201d, del loro fondatore Ciro Francescutto e dei tanti gruppi simili in Friuli Venezia Giulia, \u00e8 nato anche a Cervignano il gruppo di cammino \u201cI Piedini nella notte della Bassa Friulana\u201d<\/p>\n<p>Dal 4 marzo ogni mercoled\u00ec alle 20.15 (tranne in caso di brutto tempo) presso il parcheggio dell\u2019Insula a Cervignano (parcheggio della Casa di Riposo Sarcinelli via del Mercato &#8211; via Mesol) i Piedini della Bassa Friulana si ritroveranno per partire a camminare in compagnia per circa un\u2019ora. Il percorso verr\u00e0 definito ogni volta dal capogruppo, per una lunghezza variabile tra i 6 e 7 km, e si snoder\u00e0 su tratti urbani ed extraurbani alla portata di tutti.<\/p>\n<p>\u201cLa partecipazione \u2013 rendono noto gli organizzatori \u2013 sar\u00e0 gratuita, spontanea e sotto la responsabilit\u00e0 di ciascun partecipante. Benvenuti i minori accompagnati e i cani purch\u00e9 al guinzaglio ed \u201ceducati\u201d, soprattutto non aggressivi.<\/p>\n<p><a href=\"http:\/\/imagazinevideotruck.it\/outlet\/relink.html\" target=\"_top\" rel=\"noopener\"><img loading=\"lazy\" decoding=\"async\" align=\"LEFT\" height=\"250\" src=\"http:\/\/imagazinevideotruck.it\/outlet\/outlet30.gif\" width=\"300\" alt=\"\" title=\"\"><\/a><\/p>\n<p>\u00a0<\/p>\n<p>\u00a0<\/p>\n<p>\u00a0<\/p>\n<p>\u00a0<\/p>\n<p>\u00a0<\/p>\n<p>\u00a0<\/p>\n<p>\u00a0<\/p>\n<p>\u00a0<\/p>\n<p>\u00a0<\/p>\n<p>I gruppi di cammino sono un\u2019opportunit\u00e0 di salute e di socializzazione e si collocano all\u2019interno della promozione di stili di vita salutari. Camminare, infatti, rappresenta uno strumento di benessere utile a fini preventivi e ricreativi. Grazie alle sue caratteristiche di spontaneit\u00e0, semplicit\u00e0, adattabilit\u00e0 ed economicit\u00e0 risulta una forma di esercizio fruibile dalla maggior parte delle persone. Costituisce, inoltre, un elemento importante nella lotta alla sedentariet\u00e0, previene ed aiuta a gestire meglio molte malattie\u201d.<\/p>\n<p>Ai partecipanti sono consigliati scarpe comode, abiti\/giubbotto con catarifrangente e una pila o lampada frontale. Gli organizzatori del gruppo sono a disposizione per chiarimenti ai seguenti recapiti: Debora 3348462420, Paola 3454469526 o Silla 3403676438.<\/p>\n","protected":false},"excerpt":{"rendered":"<p>Ogni mercoled\u00ec sera un&#8217;escursione di un&#8217;ora<\/p>\n","protected":false},"author":28,"featured_media":32599,"comment_status":"closed","ping_status":"closed","sticky":false,"template":"","format":"standard","meta":{"dwc-title":[],"dwc-content":[],"footnotes":""},"categories":[5],"tags":[],"class_list":["post-32598","post","type-post","status-publish","format-standard","has-post-thumbnail","hentry","category-attualita"],"rttpg_featured_image_url":{"full":["https:\/\/imagazine.it\/wp-content\/uploads\/2024\/01\/33105-1.webp",750,416,false],"landscape":["https:\/\/imagazine.it\/wp-content\/uploads\/2024\/01\/33105-1.webp",750,416,false],"portraits":["https:\/\/imagazine.it\/wp-content\/uploads\/2024\/01\/33105-1.webp",750,416,false],"thumbnail":["https:\/\/imagazine.it\/wp-content\/uploads\/2024\/01\/33105-1-150x150.webp",150,150,true],"medium":["https:\/\/imagazine.it\/wp-content\/uploads\/2024\/01\/33105-1-300x166.webp",300,166,true],"large":["https:\/\/imagazine.it\/wp-content\/uploads\/2024\/01\/33105-1.webp",640,355,false],"thumblist":["https:\/\/imagazine.it\/wp-content\/uploads\/2024\/01\/33105-1.webp",300,166,false],"thumbrelated":["https:\/\/imagazine.it\/wp-content\/uploads\/2024\/01\/33105-1.webp",500,277,false],"meccarouselthumb":["https:\/\/imagazine.it\/wp-content\/uploads\/2024\/01\/33105-1.webp",474,263,false],"gridsquare":["https:\/\/imagazine.it\/wp-content\/uploads\/2024\/01\/33105-1.webp",391,217,false],"tileview":["https:\/\/imagazine.it\/wp-content\/uploads\/2024\/01\/33105-1.webp",300,166,false],"1536x1536":["https:\/\/imagazine.it\/wp-content\/uploads\/2024\/01\/33105-1.webp",750,416,false],"2048x2048":["https:\/\/imagazine.it\/wp-content\/uploads\/2024\/01\/33105-1.webp",750,416,false],"newsup-slider-full":["https:\/\/imagazine.it\/wp-content\/uploads\/2024\/01\/33105-1.webp",750,416,false],"newsup-featured":["https:\/\/imagazine.it\/wp-content\/uploads\/2024\/01\/33105-1.webp",750,416,false],"newsup-medium":["https:\/\/imagazine.it\/wp-content\/uploads\/2024\/01\/33105-1-720x380.webp",720,380,true],"tptn_thumbnail":["https:\/\/imagazine.it\/wp-content\/uploads\/2024\/01\/33105-1.webp",250,139,false],"sow-carousel-default":["https:\/\/imagazine.it\/wp-content\/uploads\/2024\/01\/33105-1-272x182.webp",272,182,true]},"rttpg_author":{"display_name":"redazione","author_link":"https:\/\/imagazine.it\/home_desk\/author\/redazione\/"},"rttpg_comment":0,"rttpg_category":"<a href=\"https:\/\/imagazine.it\/home_desk\/category\/attualita\/\" rel=\"category tag\">ATTUALIT\u00c0<\/a>","rttpg_excerpt":"Ogni mercoled\u00ec sera un'escursione di un'ora","_links":{"self":[{"href":"https:\/\/imagazine.it\/home_desk\/wp-json\/wp\/v2\/posts\/32598","targetHints":{"allow":["GET"]}}],"collection":[{"href":"https:\/\/imagazine.it\/home_desk\/wp-json\/wp\/v2\/posts"}],"about":[{"href":"https:\/\/imagazine.it\/home_desk\/wp-json\/wp\/v2\/types\/post"}],"author":[{"embeddable":true,"href":"https:\/\/imagazine.it\/home_desk\/wp-json\/wp\/v2\/users\/28"}],"replies":[{"embeddable":true,"href":"https:\/\/imagazine.it\/home_desk\/wp-json\/wp\/v2\/comments?post=32598"}],"version-history":[{"count":0,"href":"https:\/\/imagazine.it\/home_desk\/wp-json\/wp\/v2\/posts\/32598\/revisions"}],"wp:featuredmedia":[{"embeddable":true,"href":"https:\/\/imagazine.it\/home_desk\/wp-json\/wp\/v2\/media\/32599"}],"wp:attachment":[{"href":"https:\/\/imagazine.it\/home_desk\/wp-json\/wp\/v2\/media?parent=32598"}],"wp:term":[{"taxonomy":"category","embeddable":true,"href":"https:\/\/imagazine.it\/home_desk\/wp-json\/wp\/v2\/categories?post=32598"},{"taxonomy":"post_tag","embeddable":true,"href":"https:\/\/imagazine.it\/home_desk\/wp-json\/wp\/v2\/tags?post=32598"}],"curies":[{"name":"wp","href":"https:\/\/api.w.org\/{rel}","templated":true}]}}