{"id":32594,"date":"2020-02-28T00:00:00","date_gmt":"2020-02-27T23:00:00","guid":{"rendered":"https:\/\/imagazine.it\/?p=32594"},"modified":"2020-02-28T00:00:00","modified_gmt":"2020-02-27T23:00:00","slug":"udine-beneficenza-per-sostenere-le-vacanze-di-persone-con-disabilita","status":"publish","type":"post","link":"https:\/\/imagazine.it\/home_desk\/udine-beneficenza-per-sostenere-le-vacanze-di-persone-con-disabilita\/","title":{"rendered":"Udine, beneficenza per sostenere le vacanze di persone con disabilit\u00e0"},"content":{"rendered":"<p>Grazie al sold out del doppio spettacolo \u201c<em>Natale in Danza<\/em>\u201d andato in scena a dicembre al Teatro Palamostre di Udine, <strong>AXIS DANZA ha raccolto 2.500 euro<\/strong> <strong>a favore di FUORIONDA Onlus<\/strong>. La consegna dell\u2019assegno \u00e8 avvenuta nella sede di Udine di Axis Danza, allietata dalla presenza di alcuni giovani allievi della scuola e dei rappresentati dell\u2019associazione.<\/p>\n<p>\u201c<em>Grazie alla generosit\u00e0 e sensibilit\u00e0 della grande famiglia Axis e del pubblico \u2013 <\/em>commenta la direttrice di Axis Danza, <strong>Federica Comello <\/strong><em>\u2013 siamo riusciti ancora una volta a sostenere un progetto importante. L\u2019encomiabile impegno dei volontari di FuoriOnda e le loro testimonianze ci hanno non solo commosso, ma aiutato a riflettere sulla solitudine in cui spesso si trovano i disabili e le loro famiglie, per i quali troppo spesso perfino una semplice vacanza \u00e8 inaccessibile\u201d. <\/em><\/p>\n<p>FUORIONDA \u2013 VACANZA ACCESSIBILE, infatti, che nasce da un progetto\u00a0 di\u00a0 Arte\u00a0 e\u00a0 Libro\u00a0 ONLUS cooperativa\u00a0 sociale Udinese (operante\u00a0 dal\u00a0 1984\u00a0 a\u00a0 favore\u00a0 dell\u2019inserimento\u00a0 lavorativo\u00a0 di\u00a0 persone\u00a0 svantaggiate, detenute o in situazione di marginalit\u00e0, garantendo qualit\u00e0 del lavoro ai lavoratori e alle imprese), prende vita nella primavera del 2010 dal desiderio di organizzare uscite, gite, vacanze e avventure allo scopo di offrire alle persone disabili di qualsiasi et\u00e0, anche gravi, l\u2019opportunit\u00e0 di godere di veri e unici momenti di relax al di fuori delle consolidate abitudini quotidiane, supportando le famiglie a beneficiare del loro tempo a disposizione sapendo che il loro caro \u00e8 affidato a persone esperte che dell\u2019aiuto hanno fatto una missione di vita. Oggi il Gruppo Fuorionda conta numerose persone, disabili e non, che insieme creano un modo del tutto unico di viaggiare.<\/p>\n<p>\u201c<em>Siamo davvero grati ad Axis Danza \u2013 <\/em>sottolinea la vicepresidente <strong>Katia Mignogna<\/strong><em> \u2013 non solo per questa importante donazione, che ci incoraggia a proseguire la nostra attivit\u00e0, ma per averci dato la possibilit\u00e0 di far conoscere l\u2019associazione a un vasto pubblico, il che contribuisce a far circolare il nostro messaggio, che mira a portare sostegno a chi ne ha bisogno e a cercare nel contempo sostenitori, non solo economici, ma anche persone di buon cuore pronte a mettere a disposizione un po&#39; del loro tempo per chi \u00e8 meno fortunato. Lo spettacolo, inoltre, \u00e8 stato davvero bellissimo e quindi siamo doppiamente grati anche per le emozioni che le performance dei tanti giovani e giovanissimi danzatori ci hanno regalato\u201d.<\/em><\/p>\n<p><a href=\"http:\/\/imagazinevideotruck.it\/outlet\/relink.html\" target=\"_top\" rel=\"noopener\"><img loading=\"lazy\" decoding=\"async\" align=\"LEFT\" height=\"250\" src=\"http:\/\/imagazinevideotruck.it\/outlet\/outlet30.gif\" width=\"300\" alt=\"\" title=\"\"><\/a><\/p>\n<p>\u00a0<\/p>\n<p>\u00a0<\/p>\n<p>\u00a0<\/p>\n<p>\u00a0<\/p>\n<p>\u00a0<\/p>\n<p>\u00a0<\/p>\n<p>\u00a0<\/p>\n<p>\u00a0<\/p>\n<p>\u00a0<\/p>\n<p>AXIS DANZA, che dal 1991 promuove l\u2019arte coreutica in tutte le sue forme espressive, negli anni si \u00e8 contraddistinta sia sul territorio nazionale che internazionale vincendo numerosi concorsi e portando allievi a studiare in prestigiose accademie; promuove inoltre tutto l\u2019anno workshop, rassegne ed eventi di prestigio, fra i quali il Concorso Internazionale Citt\u00e0 di Udine, la cui settima edizione si terr\u00e0 il 28-29 marzo al Palamostre e che porter\u00e0 in citt\u00e0 centinaia di allievi provenienti da diverse scuole dall\u2019Italia e dall\u2019estero.\u00a0<\/p>\n<p><em>Natale in Danza, <\/em>rappresenta l\u2019evento benefico pi\u00f9 importante per Axis e da anni costituisce un appuntamento fisso nel calendario degli eventi collegati alle festivit\u00e0 natalizie del Comune di Udine e coinvolge oltre 150 allievi delle tre sedi di Udine, Tricesimo e Gradisca d\u2019Isonzo.<\/p>\n","protected":false},"excerpt":{"rendered":"<p>Grazie ad Axis Danza<\/p>\n","protected":false},"author":28,"featured_media":32595,"comment_status":"closed","ping_status":"closed","sticky":false,"template":"","format":"standard","meta":{"dwc-title":[],"dwc-content":[],"footnotes":""},"categories":[5],"tags":[],"class_list":["post-32594","post","type-post","status-publish","format-standard","has-post-thumbnail","hentry","category-attualita"],"rttpg_featured_image_url":{"full":["https:\/\/imagazine.it\/wp-content\/uploads\/2024\/01\/33103-1.webp",750,500,false],"landscape":["https:\/\/imagazine.it\/wp-content\/uploads\/2024\/01\/33103-1.webp",750,500,false],"portraits":["https:\/\/imagazine.it\/wp-content\/uploads\/2024\/01\/33103-1.webp",750,500,false],"thumbnail":["https:\/\/imagazine.it\/wp-content\/uploads\/2024\/01\/33103-1-150x150.webp",150,150,true],"medium":["https:\/\/imagazine.it\/wp-content\/uploads\/2024\/01\/33103-1-300x200.webp",300,200,true],"large":["https:\/\/imagazine.it\/wp-content\/uploads\/2024\/01\/33103-1.webp",640,427,false],"thumblist":["https:\/\/imagazine.it\/wp-content\/uploads\/2024\/01\/33103-1.webp",300,200,false],"thumbrelated":["https:\/\/imagazine.it\/wp-content\/uploads\/2024\/01\/33103-1.webp",500,333,false],"meccarouselthumb":["https:\/\/imagazine.it\/wp-content\/uploads\/2024\/01\/33103-1.webp",474,316,false],"gridsquare":["https:\/\/imagazine.it\/wp-content\/uploads\/2024\/01\/33103-1.webp",391,260,false],"tileview":["https:\/\/imagazine.it\/wp-content\/uploads\/2024\/01\/33103-1.webp",300,200,false],"1536x1536":["https:\/\/imagazine.it\/wp-content\/uploads\/2024\/01\/33103-1.webp",750,500,false],"2048x2048":["https:\/\/imagazine.it\/wp-content\/uploads\/2024\/01\/33103-1.webp",750,500,false],"newsup-slider-full":["https:\/\/imagazine.it\/wp-content\/uploads\/2024\/01\/33103-1.webp",750,500,false],"newsup-featured":["https:\/\/imagazine.it\/wp-content\/uploads\/2024\/01\/33103-1.webp",750,500,false],"newsup-medium":["https:\/\/imagazine.it\/wp-content\/uploads\/2024\/01\/33103-1-720x380.webp",720,380,true],"tptn_thumbnail":["https:\/\/imagazine.it\/wp-content\/uploads\/2024\/01\/33103-1.webp",250,167,false],"sow-carousel-default":["https:\/\/imagazine.it\/wp-content\/uploads\/2024\/01\/33103-1-272x182.webp",272,182,true]},"rttpg_author":{"display_name":"redazione","author_link":"https:\/\/imagazine.it\/home_desk\/author\/redazione\/"},"rttpg_comment":0,"rttpg_category":"<a href=\"https:\/\/imagazine.it\/home_desk\/category\/attualita\/\" rel=\"category tag\">ATTUALIT\u00c0<\/a>","rttpg_excerpt":"Grazie ad Axis Danza","_links":{"self":[{"href":"https:\/\/imagazine.it\/home_desk\/wp-json\/wp\/v2\/posts\/32594","targetHints":{"allow":["GET"]}}],"collection":[{"href":"https:\/\/imagazine.it\/home_desk\/wp-json\/wp\/v2\/posts"}],"about":[{"href":"https:\/\/imagazine.it\/home_desk\/wp-json\/wp\/v2\/types\/post"}],"author":[{"embeddable":true,"href":"https:\/\/imagazine.it\/home_desk\/wp-json\/wp\/v2\/users\/28"}],"replies":[{"embeddable":true,"href":"https:\/\/imagazine.it\/home_desk\/wp-json\/wp\/v2\/comments?post=32594"}],"version-history":[{"count":0,"href":"https:\/\/imagazine.it\/home_desk\/wp-json\/wp\/v2\/posts\/32594\/revisions"}],"wp:featuredmedia":[{"embeddable":true,"href":"https:\/\/imagazine.it\/home_desk\/wp-json\/wp\/v2\/media\/32595"}],"wp:attachment":[{"href":"https:\/\/imagazine.it\/home_desk\/wp-json\/wp\/v2\/media?parent=32594"}],"wp:term":[{"taxonomy":"category","embeddable":true,"href":"https:\/\/imagazine.it\/home_desk\/wp-json\/wp\/v2\/categories?post=32594"},{"taxonomy":"post_tag","embeddable":true,"href":"https:\/\/imagazine.it\/home_desk\/wp-json\/wp\/v2\/tags?post=32594"}],"curies":[{"name":"wp","href":"https:\/\/api.w.org\/{rel}","templated":true}]}}