{"id":32590,"date":"2020-02-27T00:00:00","date_gmt":"2020-02-26T23:00:00","guid":{"rendered":"https:\/\/imagazine.it\/?p=32590"},"modified":"2020-02-27T00:00:00","modified_gmt":"2020-02-26T23:00:00","slug":"coronavirus-il-far-east-film-festival-slitta-a-fine-giugno","status":"publish","type":"post","link":"https:\/\/imagazine.it\/home_desk\/coronavirus-il-far-east-film-festival-slitta-a-fine-giugno\/","title":{"rendered":"Coronavirus, il Far East Film Festival slitta a fine giugno"},"content":{"rendered":"<p>Considerata la situazione di emergenza sanitaria nel Nord Italia, il\u00a0<strong>Centro Espressioni Cinematografiche di Udine<\/strong>\u00a0ha condiviso con la\u00a0<strong>Regione Friuli Venezia Giulia<\/strong>\u00a0e il\u00a0<strong>Comune di Udine<\/strong>\u00a0la decisione di far slittare la\u00a0<strong>ventiduesima edizione<\/strong>\u00a0del\u00a0<strong>Far East Film Festival<\/strong>\u00a0all\u2019inizio dell\u2019estate. Per l\u2019esattezza,\u00a0<strong>dal 26 giugno al 4 luglio<\/strong>.<\/p>\n<p>Gli\u00a0<strong>Industry Days del FEFF<\/strong>,\u00a0<strong>Focus Asia<\/strong>, si terranno quindi\u00a0<strong>dal 29 giugno al 1\u00b0 luglio<\/strong>.\u00a0Confermata la dodicesima edizione del workshop di co-produzione Asia-Europa\u00a0<strong>Ties That Bind<\/strong>\u00a0(<strong>dal 28 giugno al 2 luglio<\/strong>) e la nuovissima sezione dei work in progress,\u00a0<strong>Far East in Progress<\/strong>,\u00a0la prima e unica piattaforma europea dedicata ai film asiatici in post-produzione.<\/p>\n<p>\u00abLa salute pubblica \u00e8 il bene pi\u00f9 prezioso \u2013 commentano\u00a0<strong>Sabrina Baracetti\u00a0<\/strong>e<strong>\u00a0Thomas Bertacche<\/strong>, fondatori del\u00a0<strong>Festival<\/strong>\u00a0\u2013 e questo momento richiede scelte responsabili. Siamo felici di avere trovato il pieno appoggio delle istituzioni e del\u00a0<strong>Teatro Nuovo<\/strong>, sede storica del\u00a0<strong>FEFF<\/strong>. Non possiamo che sottolineare il clima di grande solidariet\u00e0 tra pubblico e privato e anche tra diverse realt\u00e0 organizzative: gi\u00e0 confermata una collaborazione con Trieste per lo\u00a0<strong>ShorTS International Film Festival<\/strong>\u00a0che si svolger\u00e0 nelle stesse date\u00bb.<\/p>\n<p><a href=\"http:\/\/imagazinevideotruck.it\/outlet\/relink.html\" target=\"_top\" rel=\"noopener\"><img loading=\"lazy\" decoding=\"async\" align=\"LEFT\" height=\"250\" src=\"http:\/\/imagazinevideotruck.it\/outlet\/outlet30.gif\" width=\"300\" alt=\"\" title=\"\"><\/a><\/p>\n<p>\u00a0<\/p>\n<p>\u00a0<\/p>\n<p>\u00a0<\/p>\n<p>\u00a0<\/p>\n<p>\u00a0<\/p>\n<p>\u00a0<\/p>\n<p>\u00a0<\/p>\n<p>\u00a0<\/p>\n<p>\u00a0<\/p>\n<p>Confermato anche il doppio omaggio all\u2019attore e regista filippino\u00a0<strong>Eddie Garcia<\/strong>\u00a0<strong>(il \u201cKirk Douglas\u201d del sud-est asiatico)<\/strong>\u00a0e quello al cinema eccentrico dei fratelli\u00a0<strong>Watanabe<\/strong>: Hirobumi, regista alla Jim\u00a0Jarmusch,\u00a0e Yuji, autore delle musiche di tutti i loro film.<\/p>\n","protected":false},"excerpt":{"rendered":"<p>Oggi l&#8217;annuncio ufficiale<\/p>\n","protected":false},"author":28,"featured_media":32591,"comment_status":"closed","ping_status":"closed","sticky":false,"template":"","format":"standard","meta":{"dwc-title":[],"dwc-content":[],"footnotes":""},"categories":[37],"tags":[],"class_list":["post-32590","post","type-post","status-publish","format-standard","has-post-thumbnail","hentry","category-cultura-e-spettacolo"],"rttpg_featured_image_url":{"full":["https:\/\/imagazine.it\/wp-content\/uploads\/2024\/01\/33097-1.webp",750,501,false],"landscape":["https:\/\/imagazine.it\/wp-content\/uploads\/2024\/01\/33097-1.webp",750,501,false],"portraits":["https:\/\/imagazine.it\/wp-content\/uploads\/2024\/01\/33097-1.webp",750,501,false],"thumbnail":["https:\/\/imagazine.it\/wp-content\/uploads\/2024\/01\/33097-1-150x150.webp",150,150,true],"medium":["https:\/\/imagazine.it\/wp-content\/uploads\/2024\/01\/33097-1-300x200.webp",300,200,true],"large":["https:\/\/imagazine.it\/wp-content\/uploads\/2024\/01\/33097-1.webp",640,428,false],"thumblist":["https:\/\/imagazine.it\/wp-content\/uploads\/2024\/01\/33097-1.webp",300,200,false],"thumbrelated":["https:\/\/imagazine.it\/wp-content\/uploads\/2024\/01\/33097-1.webp",500,334,false],"meccarouselthumb":["https:\/\/imagazine.it\/wp-content\/uploads\/2024\/01\/33097-1.webp",474,317,false],"gridsquare":["https:\/\/imagazine.it\/wp-content\/uploads\/2024\/01\/33097-1.webp",389,260,false],"tileview":["https:\/\/imagazine.it\/wp-content\/uploads\/2024\/01\/33097-1.webp",300,200,false],"1536x1536":["https:\/\/imagazine.it\/wp-content\/uploads\/2024\/01\/33097-1.webp",750,501,false],"2048x2048":["https:\/\/imagazine.it\/wp-content\/uploads\/2024\/01\/33097-1.webp",750,501,false],"newsup-slider-full":["https:\/\/imagazine.it\/wp-content\/uploads\/2024\/01\/33097-1.webp",750,501,false],"newsup-featured":["https:\/\/imagazine.it\/wp-content\/uploads\/2024\/01\/33097-1.webp",750,501,false],"newsup-medium":["https:\/\/imagazine.it\/wp-content\/uploads\/2024\/01\/33097-1-720x380.webp",720,380,true],"tptn_thumbnail":["https:\/\/imagazine.it\/wp-content\/uploads\/2024\/01\/33097-1.webp",250,167,false],"sow-carousel-default":["https:\/\/imagazine.it\/wp-content\/uploads\/2024\/01\/33097-1-272x182.webp",272,182,true]},"rttpg_author":{"display_name":"redazione","author_link":"https:\/\/imagazine.it\/home_desk\/author\/redazione\/"},"rttpg_comment":0,"rttpg_category":"<a href=\"https:\/\/imagazine.it\/home_desk\/category\/cultura-e-spettacolo\/\" rel=\"category tag\">CULTURA&amp;SPETTACOLO<\/a>","rttpg_excerpt":"Oggi l'annuncio ufficiale","_links":{"self":[{"href":"https:\/\/imagazine.it\/home_desk\/wp-json\/wp\/v2\/posts\/32590","targetHints":{"allow":["GET"]}}],"collection":[{"href":"https:\/\/imagazine.it\/home_desk\/wp-json\/wp\/v2\/posts"}],"about":[{"href":"https:\/\/imagazine.it\/home_desk\/wp-json\/wp\/v2\/types\/post"}],"author":[{"embeddable":true,"href":"https:\/\/imagazine.it\/home_desk\/wp-json\/wp\/v2\/users\/28"}],"replies":[{"embeddable":true,"href":"https:\/\/imagazine.it\/home_desk\/wp-json\/wp\/v2\/comments?post=32590"}],"version-history":[{"count":0,"href":"https:\/\/imagazine.it\/home_desk\/wp-json\/wp\/v2\/posts\/32590\/revisions"}],"wp:featuredmedia":[{"embeddable":true,"href":"https:\/\/imagazine.it\/home_desk\/wp-json\/wp\/v2\/media\/32591"}],"wp:attachment":[{"href":"https:\/\/imagazine.it\/home_desk\/wp-json\/wp\/v2\/media?parent=32590"}],"wp:term":[{"taxonomy":"category","embeddable":true,"href":"https:\/\/imagazine.it\/home_desk\/wp-json\/wp\/v2\/categories?post=32590"},{"taxonomy":"post_tag","embeddable":true,"href":"https:\/\/imagazine.it\/home_desk\/wp-json\/wp\/v2\/tags?post=32590"}],"curies":[{"name":"wp","href":"https:\/\/api.w.org\/{rel}","templated":true}]}}