{"id":32588,"date":"2020-02-27T00:00:00","date_gmt":"2020-02-26T23:00:00","guid":{"rendered":"https:\/\/imagazine.it\/?p=32588"},"modified":"2020-02-27T00:00:00","modified_gmt":"2020-02-26T23:00:00","slug":"a-pramollo-la-gara-di-sci-piu-lunga-del-mondo","status":"publish","type":"post","link":"https:\/\/imagazine.it\/home_desk\/a-pramollo-la-gara-di-sci-piu-lunga-del-mondo\/","title":{"rendered":"A Pramollo la gara di sci pi\u00f9 lunga del mondo"},"content":{"rendered":"<p>Venerd\u00ec 6 e sabato 7 marzo a Nassfeld Pramollo andr\u00e0 in scena \u201cSchlag das Ass\u201d <em>Batti il campione<\/em>, riconosciuta ufficialmente nel 2010 come la gara pi\u00f9 lunga del mondo dal Guiness dei Primati.<\/p>\n<p>Posticipata di qualche mese rispetto alle edizioni precedenti per godere di maggiori ore di luce, coinvolger\u00e0 l\u2019intero comprensorio in un percorso di gara di quasi 26 km con un dislivello complessivo si 6.400 metri attraverso 9 delle piste principali con diversi livelli di difficolt\u00e0. La giornata di venerd\u00ec \u00e8 dedicata al sopralluogo e ispezione delle piste da parte dei partecipanti.<\/p>\n<p>Sono attesi oltre 800 atleti dilettanti che partiranno a gruppi di 20 con intervalli di 2 minuti. Oltre alla passione e al desiderio di vincere sono richiesti resistenza, tecnica, forza, necessari \u00a0per conquistare il &#8220;Trofeo Nassfeld&#8221; con una sfida al decimo di secondo.<\/p>\n<p><a href=\"http:\/\/imagazinevideotruck.it\/outlet\/relink.html\" target=\"_top\" rel=\"noopener\"><img loading=\"lazy\" decoding=\"async\" align=\"LEFT\" height=\"250\" src=\"http:\/\/imagazinevideotruck.it\/outlet\/outlet30.gif\" width=\"300\" alt=\"\" title=\"\"><\/a><\/p>\n<p>\u00a0<\/p>\n<p>\u00a0<\/p>\n<p>\u00a0<\/p>\n<p>\u00a0<\/p>\n<p>\u00a0<\/p>\n<p>\u00a0<\/p>\n<p>\u00a0<\/p>\n<p>\u00a0<\/p>\n<p>\u00a0<\/p>\n<p>Come ogni anno sar\u00e0 presente <strong>Armin Assinger<\/strong>, ex sciatore, conduttore televisivo e soprattutto ideatore di \u201cSchlag das Ass\u201d.<\/p>\n<p>L\u2019iscrizione \u00e8 aperta dai 16 anni di et\u00e0 compiuti. Info: <u><a href=\"http:\/\/www.schlagdasass.at\" target=\"_blank\" rel=\"noopener\">www.schlagdasass.at<\/a><\/u><\/p>\n","protected":false},"excerpt":{"rendered":"<p>\u201cSchlag das Ass\u201d<\/p>\n","protected":false},"author":28,"featured_media":32589,"comment_status":"closed","ping_status":"closed","sticky":false,"template":"","format":"standard","meta":{"dwc-title":[],"dwc-content":[],"footnotes":""},"categories":[38],"tags":[],"class_list":["post-32588","post","type-post","status-publish","format-standard","has-post-thumbnail","hentry","category-sport"],"rttpg_featured_image_url":{"full":["https:\/\/imagazine.it\/wp-content\/uploads\/2024\/01\/33096-1.webp",750,431,false],"landscape":["https:\/\/imagazine.it\/wp-content\/uploads\/2024\/01\/33096-1.webp",750,431,false],"portraits":["https:\/\/imagazine.it\/wp-content\/uploads\/2024\/01\/33096-1.webp",750,431,false],"thumbnail":["https:\/\/imagazine.it\/wp-content\/uploads\/2024\/01\/33096-1-150x150.webp",150,150,true],"medium":["https:\/\/imagazine.it\/wp-content\/uploads\/2024\/01\/33096-1-300x172.webp",300,172,true],"large":["https:\/\/imagazine.it\/wp-content\/uploads\/2024\/01\/33096-1.webp",640,368,false],"thumblist":["https:\/\/imagazine.it\/wp-content\/uploads\/2024\/01\/33096-1.webp",300,172,false],"thumbrelated":["https:\/\/imagazine.it\/wp-content\/uploads\/2024\/01\/33096-1.webp",500,287,false],"meccarouselthumb":["https:\/\/imagazine.it\/wp-content\/uploads\/2024\/01\/33096-1.webp",474,272,false],"gridsquare":["https:\/\/imagazine.it\/wp-content\/uploads\/2024\/01\/33096-1.webp",391,225,false],"tileview":["https:\/\/imagazine.it\/wp-content\/uploads\/2024\/01\/33096-1.webp",300,172,false],"1536x1536":["https:\/\/imagazine.it\/wp-content\/uploads\/2024\/01\/33096-1.webp",750,431,false],"2048x2048":["https:\/\/imagazine.it\/wp-content\/uploads\/2024\/01\/33096-1.webp",750,431,false],"newsup-slider-full":["https:\/\/imagazine.it\/wp-content\/uploads\/2024\/01\/33096-1.webp",750,431,false],"newsup-featured":["https:\/\/imagazine.it\/wp-content\/uploads\/2024\/01\/33096-1.webp",750,431,false],"newsup-medium":["https:\/\/imagazine.it\/wp-content\/uploads\/2024\/01\/33096-1-720x380.webp",720,380,true],"tptn_thumbnail":["https:\/\/imagazine.it\/wp-content\/uploads\/2024\/01\/33096-1.webp",250,144,false],"sow-carousel-default":["https:\/\/imagazine.it\/wp-content\/uploads\/2024\/01\/33096-1-272x182.webp",272,182,true]},"rttpg_author":{"display_name":"redazione","author_link":"https:\/\/imagazine.it\/home_desk\/author\/redazione\/"},"rttpg_comment":0,"rttpg_category":"<a href=\"https:\/\/imagazine.it\/home_desk\/category\/sport\/\" rel=\"category tag\">SPORT<\/a>","rttpg_excerpt":"\u201cSchlag das Ass\u201d","_links":{"self":[{"href":"https:\/\/imagazine.it\/home_desk\/wp-json\/wp\/v2\/posts\/32588","targetHints":{"allow":["GET"]}}],"collection":[{"href":"https:\/\/imagazine.it\/home_desk\/wp-json\/wp\/v2\/posts"}],"about":[{"href":"https:\/\/imagazine.it\/home_desk\/wp-json\/wp\/v2\/types\/post"}],"author":[{"embeddable":true,"href":"https:\/\/imagazine.it\/home_desk\/wp-json\/wp\/v2\/users\/28"}],"replies":[{"embeddable":true,"href":"https:\/\/imagazine.it\/home_desk\/wp-json\/wp\/v2\/comments?post=32588"}],"version-history":[{"count":0,"href":"https:\/\/imagazine.it\/home_desk\/wp-json\/wp\/v2\/posts\/32588\/revisions"}],"wp:featuredmedia":[{"embeddable":true,"href":"https:\/\/imagazine.it\/home_desk\/wp-json\/wp\/v2\/media\/32589"}],"wp:attachment":[{"href":"https:\/\/imagazine.it\/home_desk\/wp-json\/wp\/v2\/media?parent=32588"}],"wp:term":[{"taxonomy":"category","embeddable":true,"href":"https:\/\/imagazine.it\/home_desk\/wp-json\/wp\/v2\/categories?post=32588"},{"taxonomy":"post_tag","embeddable":true,"href":"https:\/\/imagazine.it\/home_desk\/wp-json\/wp\/v2\/tags?post=32588"}],"curies":[{"name":"wp","href":"https:\/\/api.w.org\/{rel}","templated":true}]}}