{"id":32556,"date":"2020-02-23T00:00:00","date_gmt":"2020-02-22T23:00:00","guid":{"rendered":"https:\/\/imagazine.it\/?p=32556"},"modified":"2020-02-23T00:00:00","modified_gmt":"2020-02-22T23:00:00","slug":"dal-friuli-a-roma-per-i-ciclisti-morti-in-strada","status":"publish","type":"post","link":"https:\/\/imagazine.it\/home_desk\/dal-friuli-a-roma-per-i-ciclisti-morti-in-strada\/","title":{"rendered":"Dal Friuli a Roma per i ciclisti morti in strada"},"content":{"rendered":"<p>Anche il friulano <strong>Mauro Buoro<\/strong> da Ruda, <u><a href=\"http:\/\/www.imagazine.it\/notizie-trieste-gorizia-udine-friuli\/4438\" target=\"_blank\" rel=\"noopener\">gi\u00e0 protagonista della lotta contro l\u2019obesit\u00e0,<\/a><\/u> ha voluto presenziare alla manifestazione \u201cRispettiamocinstrada&#8221;, organizzata in piazza del Colosseo a Roma dalla FIAB (Federazione Italiana Ambiente e Bicicletta), assieme a numerose altre associazioni, tra cui l\u2019associazione \u201cMarco Scarponi\u201d, composta da mamme e pap\u00e0 che hanno subito la scomparsa dei propri cari sulle strade di tutta Italia, ma anche realt\u00e0 di ciclisti, cicloviaggiatori e perfino motociclisti rimasti vittime di incidenti provocati da automobilisti indisciplinati.<\/p>\n<p>\u201cSono rimasto molto turbato \u2013 ha dichiarato Buoro \u2013 nel vedere e sentire le loro storie: tante mamme hanno denunciato alle istituzioni veri propri omicidi stradali, non trovando tuttavia giustizia. Cos\u00ec oggi volevano fare sentire la loro voce, chiedendo il perch\u00e9 di tanti processi finiti in nulla, senza una logica spiegazione\u201d.<\/p>\n<p>All\u2019evento erano presenti anche il presidente Federazione Ciclistica Italiana, <strong>Renato di Rocco<\/strong>, e il CT della Nazionale di ciclismo, <strong>Davide Cassani<\/strong>.<\/p>\n<p>\u201cHo voluto partecipare a questa manifestazione \u2013 ha concluso Buoro \u2013 perch\u00e9 non se ne pu\u00f2 pi\u00f9. Avevo con me la bandiera del Friuli, perch\u00e9 desideravo far sentire non solo la mia vicinanza ma quello di un intero territorio\u201d.<\/p>\n","protected":false},"excerpt":{"rendered":"<p>Evento \u201cRispettiamocinstrada\u201d<\/p>\n","protected":false},"author":28,"featured_media":32557,"comment_status":"closed","ping_status":"closed","sticky":false,"template":"","format":"standard","meta":{"dwc-title":[],"dwc-content":[],"footnotes":""},"categories":[5],"tags":[],"class_list":["post-32556","post","type-post","status-publish","format-standard","has-post-thumbnail","hentry","category-attualita"],"rttpg_featured_image_url":{"full":["https:\/\/imagazine.it\/wp-content\/uploads\/2024\/01\/32996-1.webp",750,548,false],"landscape":["https:\/\/imagazine.it\/wp-content\/uploads\/2024\/01\/32996-1.webp",750,548,false],"portraits":["https:\/\/imagazine.it\/wp-content\/uploads\/2024\/01\/32996-1.webp",750,548,false],"thumbnail":["https:\/\/imagazine.it\/wp-content\/uploads\/2024\/01\/32996-1-150x150.webp",150,150,true],"medium":["https:\/\/imagazine.it\/wp-content\/uploads\/2024\/01\/32996-1-300x219.webp",300,219,true],"large":["https:\/\/imagazine.it\/wp-content\/uploads\/2024\/01\/32996-1.webp",640,468,false],"thumblist":["https:\/\/imagazine.it\/wp-content\/uploads\/2024\/01\/32996-1.webp",300,219,false],"thumbrelated":["https:\/\/imagazine.it\/wp-content\/uploads\/2024\/01\/32996-1.webp",500,365,false],"meccarouselthumb":["https:\/\/imagazine.it\/wp-content\/uploads\/2024\/01\/32996-1.webp",443,324,false],"gridsquare":["https:\/\/imagazine.it\/wp-content\/uploads\/2024\/01\/32996-1.webp",356,260,false],"tileview":["https:\/\/imagazine.it\/wp-content\/uploads\/2024\/01\/32996-1.webp",300,219,false],"1536x1536":["https:\/\/imagazine.it\/wp-content\/uploads\/2024\/01\/32996-1.webp",750,548,false],"2048x2048":["https:\/\/imagazine.it\/wp-content\/uploads\/2024\/01\/32996-1.webp",750,548,false],"newsup-slider-full":["https:\/\/imagazine.it\/wp-content\/uploads\/2024\/01\/32996-1.webp",750,548,false],"newsup-featured":["https:\/\/imagazine.it\/wp-content\/uploads\/2024\/01\/32996-1.webp",750,548,false],"newsup-medium":["https:\/\/imagazine.it\/wp-content\/uploads\/2024\/01\/32996-1-720x380.webp",720,380,true],"tptn_thumbnail":["https:\/\/imagazine.it\/wp-content\/uploads\/2024\/01\/32996-1.webp",250,183,false],"sow-carousel-default":["https:\/\/imagazine.it\/wp-content\/uploads\/2024\/01\/32996-1-272x182.webp",272,182,true]},"rttpg_author":{"display_name":"redazione","author_link":"https:\/\/imagazine.it\/home_desk\/author\/redazione\/"},"rttpg_comment":0,"rttpg_category":"<a href=\"https:\/\/imagazine.it\/home_desk\/category\/attualita\/\" rel=\"category tag\">ATTUALIT\u00c0<\/a>","rttpg_excerpt":"Evento \u201cRispettiamocinstrada\u201d","_links":{"self":[{"href":"https:\/\/imagazine.it\/home_desk\/wp-json\/wp\/v2\/posts\/32556","targetHints":{"allow":["GET"]}}],"collection":[{"href":"https:\/\/imagazine.it\/home_desk\/wp-json\/wp\/v2\/posts"}],"about":[{"href":"https:\/\/imagazine.it\/home_desk\/wp-json\/wp\/v2\/types\/post"}],"author":[{"embeddable":true,"href":"https:\/\/imagazine.it\/home_desk\/wp-json\/wp\/v2\/users\/28"}],"replies":[{"embeddable":true,"href":"https:\/\/imagazine.it\/home_desk\/wp-json\/wp\/v2\/comments?post=32556"}],"version-history":[{"count":0,"href":"https:\/\/imagazine.it\/home_desk\/wp-json\/wp\/v2\/posts\/32556\/revisions"}],"wp:featuredmedia":[{"embeddable":true,"href":"https:\/\/imagazine.it\/home_desk\/wp-json\/wp\/v2\/media\/32557"}],"wp:attachment":[{"href":"https:\/\/imagazine.it\/home_desk\/wp-json\/wp\/v2\/media?parent=32556"}],"wp:term":[{"taxonomy":"category","embeddable":true,"href":"https:\/\/imagazine.it\/home_desk\/wp-json\/wp\/v2\/categories?post=32556"},{"taxonomy":"post_tag","embeddable":true,"href":"https:\/\/imagazine.it\/home_desk\/wp-json\/wp\/v2\/tags?post=32556"}],"curies":[{"name":"wp","href":"https:\/\/api.w.org\/{rel}","templated":true}]}}