{"id":32524,"date":"2020-02-18T00:00:00","date_gmt":"2020-02-17T23:00:00","guid":{"rendered":"https:\/\/imagazine.it\/?p=32524"},"modified":"2020-02-18T00:00:00","modified_gmt":"2020-02-17T23:00:00","slug":"ritmica-asu-udine-seconda-anche-a-eboli","status":"publish","type":"post","link":"https:\/\/imagazine.it\/home_desk\/ritmica-asu-udine-seconda-anche-a-eboli\/","title":{"rendered":"Ritmica, ASU Udine seconda anche a Eboli"},"content":{"rendered":"<p>Nuove soddisfazioni per l&#39;Associazione Sportiva Udinese: la squadra di ritmica conferma il secondo posto in A1, mentre i giovanissimi del fioretto fanno incetta di medaglie agli interregionali.<\/p>\n<p><strong>RITMICA<\/strong> &#8211; Nuovo importante risultato per le farfalle bianconere che, a Eboli, hanno conquistato nuovamente l&#39;argento, posizionandosi alle spalle della Faber Ginnastica Fabriano.<\/p>\n<p>Soddisfatta la societ\u00e0 cos\u00ec come le allenatrici: \u00ab<em>Questa volta devo dire che la prova \u00e8 stata un po&#39; pi\u00f9 semplice per noi, vista la presenza del nostro prestito straniero, e che <strong>Alexandra Agiurgiuculese<\/strong> portava due attrezzi<\/em>\u00bb, ha ricordato <strong>Spela Dragas<\/strong> che allena la compagine friulana con <strong>Magda Pigano<\/strong>. Al suo esordio nel campionato di massima serie <strong>Miriam Marina<\/strong> (2007) ha superato ogni aspettativa \u00ab<em>facendo il suo lavoro, col nastro, alla grande<\/em>\u00bb, meritandosi uno \u00ab<em>stra-promossa<\/em>\u00bb. Molto bene anche <strong>Tara Dragas<\/strong>.<\/p>\n<p>Per Alexandra \u00ab<em>ottima la prova alla fune, un attrezzo che non \u00e8 nel suo programma. Ha davvero sorpreso tutti <\/em>&#8211; ha sottolineato Dragas -,<em> totalizzando oltre 20 punti, una cosa davvero pi\u00f9 unica che rara. Si \u00e8 invece deconcentrata un po&#39; nelle clavette, un attrezzo che ha fatto molto bene in pi\u00f9 di un&#39;occasione, ma che questa volta ha fatto con tre gravi errori<\/em>\u00bb. In ogni caso, \u00ab<em>nel complesso siamo molto contente. Io ringrazio ancora le mie colleghe, Magda Pigano, Laura Miotti (coreografa) e Carlotta Longo, e ovviamente la societ\u00e0 che ci sta appoggiando tantissimo e ci mette nelle perfette condizioni per affrontare queste gare. Adesso ci aspetta, fra due settimane, la terza prova, l&#39;ultima di regular season<\/em>\u00bb, a Desio (29 febbraio e 1\u00b0 marzo).<\/p>\n<p><strong>SCHERMA<\/strong> &#8211; Grandi soddisfazioni anche dalla sezione scherma (in particolare il fioretto) che a San Giorgio di Nogaro, dove si sono tenute le gare della seconda prova interregionale, ha conquistato un podio, un terzo e un settimo posto.<\/p>\n<p>Nella categoria maschietti (2009), <strong>Marco Bertossi<\/strong> ha stracciato la concorrenza aggiudicandosi l\u2019oro e facendo il bis dopo il primo posto conquistato a Conegliano. Bene anche <strong>Cristiano Polini<\/strong> che si \u00e8 classificato settimo fra i 42 schermidori in gara. Anche\u00a0<strong>Tommaso Zanitti<\/strong> non ha deluso le aspettative, battuto pure il campione italiano in carica, il veneto Marco Panazzolo, ha conquistato il bronzo nella categoria giovanissimi (2008).\u00a0<\/p>\n<p><a href=\"http:\/\/imagazinevideotruck.it\/outlet\/relink.html\" target=\"_top\" rel=\"noopener\"><img loading=\"lazy\" decoding=\"async\" align=\"LEFT\" height=\"250\" src=\"http:\/\/imagazinevideotruck.it\/outlet\/outlet30.gif\" width=\"300\" alt=\"\" title=\"\"><\/a><\/p>\n<p>\u00a0<\/p>\n<p>\u00a0<\/p>\n<p>\u00a0<\/p>\n<p>\u00a0<\/p>\n<p>\u00a0<\/p>\n<p>\u00a0<\/p>\n<p>\u00a0<\/p>\n<p>\u00a0<\/p>\n<p>\u00a0<\/p>\n<p>\u00ab<em>Si vede che i ragazzi stanno crescendo<\/em>\u00bb ha ricordato <strong>Fabio Zannier<\/strong> che allena i ragazzi assieme ad <strong>Alberto Stella<\/strong>, con la supervisione del maestro <strong>Roberto Piraino<\/strong>. \u00ab<em>Stiamo lavorando (noi e i nostri atleti) con dedizione e impegno e come dico sempre, il lavoro paga. Ci vuole tempo, pazienza, costanza, ma un po&#39; alla volta i risultati arrivano<\/em>\u00bb.<\/p>\n<p>Ora gli schermidori dell&#39;Associazione Sportiva Udinese dovranno prepararsi per la terza e ultima gara interregionale, in programma a fine marzo a Faenza.<\/p>\n","protected":false},"excerpt":{"rendered":"<p>Nel campionato di Serie A1<\/p>\n","protected":false},"author":28,"featured_media":32525,"comment_status":"closed","ping_status":"closed","sticky":false,"template":"","format":"standard","meta":{"dwc-title":[],"dwc-content":[],"footnotes":""},"categories":[38],"tags":[],"class_list":["post-32524","post","type-post","status-publish","format-standard","has-post-thumbnail","hentry","category-sport"],"rttpg_featured_image_url":{"full":["https:\/\/imagazine.it\/wp-content\/uploads\/2024\/01\/32929-1.webp",750,476,false],"landscape":["https:\/\/imagazine.it\/wp-content\/uploads\/2024\/01\/32929-1.webp",750,476,false],"portraits":["https:\/\/imagazine.it\/wp-content\/uploads\/2024\/01\/32929-1.webp",750,476,false],"thumbnail":["https:\/\/imagazine.it\/wp-content\/uploads\/2024\/01\/32929-1-150x150.webp",150,150,true],"medium":["https:\/\/imagazine.it\/wp-content\/uploads\/2024\/01\/32929-1-300x190.webp",300,190,true],"large":["https:\/\/imagazine.it\/wp-content\/uploads\/2024\/01\/32929-1.webp",640,406,false],"thumblist":["https:\/\/imagazine.it\/wp-content\/uploads\/2024\/01\/32929-1.webp",300,190,false],"thumbrelated":["https:\/\/imagazine.it\/wp-content\/uploads\/2024\/01\/32929-1.webp",500,317,false],"meccarouselthumb":["https:\/\/imagazine.it\/wp-content\/uploads\/2024\/01\/32929-1.webp",474,301,false],"gridsquare":["https:\/\/imagazine.it\/wp-content\/uploads\/2024\/01\/32929-1.webp",391,248,false],"tileview":["https:\/\/imagazine.it\/wp-content\/uploads\/2024\/01\/32929-1.webp",300,190,false],"1536x1536":["https:\/\/imagazine.it\/wp-content\/uploads\/2024\/01\/32929-1.webp",750,476,false],"2048x2048":["https:\/\/imagazine.it\/wp-content\/uploads\/2024\/01\/32929-1.webp",750,476,false],"newsup-slider-full":["https:\/\/imagazine.it\/wp-content\/uploads\/2024\/01\/32929-1.webp",750,476,false],"newsup-featured":["https:\/\/imagazine.it\/wp-content\/uploads\/2024\/01\/32929-1.webp",750,476,false],"newsup-medium":["https:\/\/imagazine.it\/wp-content\/uploads\/2024\/01\/32929-1-720x380.webp",720,380,true],"tptn_thumbnail":["https:\/\/imagazine.it\/wp-content\/uploads\/2024\/01\/32929-1.webp",250,159,false],"sow-carousel-default":["https:\/\/imagazine.it\/wp-content\/uploads\/2024\/01\/32929-1-272x182.webp",272,182,true]},"rttpg_author":{"display_name":"redazione","author_link":"https:\/\/imagazine.it\/home_desk\/author\/redazione\/"},"rttpg_comment":0,"rttpg_category":"<a href=\"https:\/\/imagazine.it\/home_desk\/category\/sport\/\" rel=\"category tag\">SPORT<\/a>","rttpg_excerpt":"Nel campionato di Serie A1","_links":{"self":[{"href":"https:\/\/imagazine.it\/home_desk\/wp-json\/wp\/v2\/posts\/32524","targetHints":{"allow":["GET"]}}],"collection":[{"href":"https:\/\/imagazine.it\/home_desk\/wp-json\/wp\/v2\/posts"}],"about":[{"href":"https:\/\/imagazine.it\/home_desk\/wp-json\/wp\/v2\/types\/post"}],"author":[{"embeddable":true,"href":"https:\/\/imagazine.it\/home_desk\/wp-json\/wp\/v2\/users\/28"}],"replies":[{"embeddable":true,"href":"https:\/\/imagazine.it\/home_desk\/wp-json\/wp\/v2\/comments?post=32524"}],"version-history":[{"count":0,"href":"https:\/\/imagazine.it\/home_desk\/wp-json\/wp\/v2\/posts\/32524\/revisions"}],"wp:featuredmedia":[{"embeddable":true,"href":"https:\/\/imagazine.it\/home_desk\/wp-json\/wp\/v2\/media\/32525"}],"wp:attachment":[{"href":"https:\/\/imagazine.it\/home_desk\/wp-json\/wp\/v2\/media?parent=32524"}],"wp:term":[{"taxonomy":"category","embeddable":true,"href":"https:\/\/imagazine.it\/home_desk\/wp-json\/wp\/v2\/categories?post=32524"},{"taxonomy":"post_tag","embeddable":true,"href":"https:\/\/imagazine.it\/home_desk\/wp-json\/wp\/v2\/tags?post=32524"}],"curies":[{"name":"wp","href":"https:\/\/api.w.org\/{rel}","templated":true}]}}