{"id":32500,"date":"2020-02-17T00:00:00","date_gmt":"2020-02-16T23:00:00","guid":{"rendered":"https:\/\/imagazine.it\/?p=32500"},"modified":"2020-02-17T00:00:00","modified_gmt":"2020-02-16T23:00:00","slug":"pieris-prima-realta-di-baskin-nel-goriziano","status":"publish","type":"post","link":"https:\/\/imagazine.it\/home_desk\/pieris-prima-realta-di-baskin-nel-goriziano\/","title":{"rendered":"Pieris, prima realt\u00e0 di baskin nel Goriziano"},"content":{"rendered":"<p>In provincia di Gorizia sta nascendo qualcosa di nuovo, un progetto fatto con il cuore. <a name=\"js_4hi\"><\/a>La Polisportiva Isontina Pieris e Percorso Sicurezza, assieme nel progetto sportivo di basket di promozione, presentano il BASKIN (BASKet &#8211; INclusivo).<\/p>\n<p>Appuntamento per tutti domenica 1 marzo presso la palestra di Pieris, in via Atleti Azzurri, \u201calla Scoperta del Baskin\u201d: evento a cui sono tutti invitati, dai piccoli ai grandi, per ogni tipo di parentela anche di non atleti.<\/p>\n<p>Il programma della giornata prevede alle ore 10 la conferenza di presentazione del Baskin, ad opera di <strong>Alberto Andriola<\/strong>; alle ore 11 partita dimostrativa tra le squadre \u201cZio Pino Baskin Udine\u201d e \u201cBazinga Trieste\u201d; dalle 14.30 allenamento di baskin aperto a tutti.<\/p>\n<p>Il baskin nasce nel 2003 a Cremona in contesto scolastico. I suoi fondatori sono l&#39;ingegnere Antonio Bodini, padre di cinque figli, e l&#39;insegnante di educazione fisica Fausto Capellini.<\/p>\n<p>Il baskin nasce per evitare i pietismi e dare a tutti il diritto di esprimersi al meglio, con l&#39;idea che solo cos\u00ec si pu\u00f2 realizzare la vera integrazione. Ciascun giocatore \u00e8 fondamentale per la squadra e l&#39;agonismo mette in moto le capacit\u00e0 di tutti, rendendo il baskin uno sport a tutti gli effetti.<\/p>\n<p>A differenza di altri sport per\u00f2 le fragilit\u00e0 sono necessarie alla vittoria quanto le eccellenze. Questo sport trae origine dalla pallacanestro e ne mantiene lo scopo del gioco. Ogni squadra \u00e8 composta sia da giocatori disabili che normodotati, ciascuno dei quali \u00e8 portato a esprimersi al massimo delle sue capacit\u00e0 insieme ai compagni. Possono partecipare sia persone con disabilit\u00e0 mentali, sia persone con disabilit\u00e0 fisiche, pi\u00f9 o meno gravi.<\/p>\n<p><a href=\"http:\/\/imagazinevideotruck.it\/outlet\/relink.html\" target=\"_top\" rel=\"noopener\"><img loading=\"lazy\" decoding=\"async\" align=\"LEFT\" height=\"250\" src=\"http:\/\/imagazinevideotruck.it\/outlet\/outlet30.gif\" width=\"300\" alt=\"\" title=\"\"><\/a><\/p>\n<p>\u00a0<\/p>\n<p>\u00a0<\/p>\n<p>\u00a0<\/p>\n<p>\u00a0<\/p>\n<p>\u00a0<\/p>\n<p>\u00a0<\/p>\n<p>\u00a0<\/p>\n<p>\u00a0<\/p>\n<p>\u00a0<\/p>\n<p>Anche tra i normodotati ci possono essere giocatori di pallacanestro, sportivi provenienti da altre discipline e persone meno abituate allo sport. Le squadre sono miste anche dal punto di vista del sesso e dell&#39;et\u00e0. Tutto ci\u00f2 \u00e8 possibile grazie a un ingegnoso sistema di regole, pensato per adattarsi ai giocatori. Un obiettivo \u00e8 formare e spiegare un&#39;idea della cultura dell&#39;inclusione per offrire momenti sportivi ai soggetti in difficolt\u00e0, per poter potenziare abilit\u00e0 psicomotorie, incentivare lo spirito di gruppo, sviluppare prassi e abilit\u00e0 tendenti al miglioramento personale, potenziare la capacit\u00e0 di esprimere le proprie emozioni e i propri sentimenti, migliorare l&#39;autostima e l&#39;auto efficacia, migliorare l&#39;autonomia personale.<\/p>\n<p>La finalit\u00e0 \u00e8 favorire l&#39;integrazione, l&#39;aggregazione e la socializzazione tra soggetti con disabilit\u00e0 e soggetti non disabili attraverso l&#39;avviamento della pratica sportiva, potenziare e diffondere l\u2019inclusione con i bambini e i ragazzi.<\/p>\n","protected":false},"excerpt":{"rendered":"<p>Domenica 1 marzo la presentazione<\/p>\n","protected":false},"author":22,"featured_media":32501,"comment_status":"closed","ping_status":"closed","sticky":false,"template":"","format":"standard","meta":{"dwc-title":[],"dwc-content":[],"footnotes":""},"categories":[38],"tags":[],"class_list":["post-32500","post","type-post","status-publish","format-standard","has-post-thumbnail","hentry","category-sport"],"rttpg_featured_image_url":{"full":["https:\/\/imagazine.it\/wp-content\/uploads\/2024\/01\/32875-1.webp",750,500,false],"landscape":["https:\/\/imagazine.it\/wp-content\/uploads\/2024\/01\/32875-1.webp",750,500,false],"portraits":["https:\/\/imagazine.it\/wp-content\/uploads\/2024\/01\/32875-1.webp",750,500,false],"thumbnail":["https:\/\/imagazine.it\/wp-content\/uploads\/2024\/01\/32875-1-150x150.webp",150,150,true],"medium":["https:\/\/imagazine.it\/wp-content\/uploads\/2024\/01\/32875-1-300x200.webp",300,200,true],"large":["https:\/\/imagazine.it\/wp-content\/uploads\/2024\/01\/32875-1.webp",640,427,false],"thumblist":["https:\/\/imagazine.it\/wp-content\/uploads\/2024\/01\/32875-1.webp",300,200,false],"thumbrelated":["https:\/\/imagazine.it\/wp-content\/uploads\/2024\/01\/32875-1.webp",500,333,false],"meccarouselthumb":["https:\/\/imagazine.it\/wp-content\/uploads\/2024\/01\/32875-1.webp",474,316,false],"gridsquare":["https:\/\/imagazine.it\/wp-content\/uploads\/2024\/01\/32875-1.webp",391,260,false],"tileview":["https:\/\/imagazine.it\/wp-content\/uploads\/2024\/01\/32875-1.webp",300,200,false],"1536x1536":["https:\/\/imagazine.it\/wp-content\/uploads\/2024\/01\/32875-1.webp",750,500,false],"2048x2048":["https:\/\/imagazine.it\/wp-content\/uploads\/2024\/01\/32875-1.webp",750,500,false],"newsup-slider-full":["https:\/\/imagazine.it\/wp-content\/uploads\/2024\/01\/32875-1.webp",750,500,false],"newsup-featured":["https:\/\/imagazine.it\/wp-content\/uploads\/2024\/01\/32875-1.webp",750,500,false],"newsup-medium":["https:\/\/imagazine.it\/wp-content\/uploads\/2024\/01\/32875-1-720x380.webp",720,380,true],"tptn_thumbnail":["https:\/\/imagazine.it\/wp-content\/uploads\/2024\/01\/32875-1.webp",250,167,false],"sow-carousel-default":["https:\/\/imagazine.it\/wp-content\/uploads\/2024\/01\/32875-1-272x182.webp",272,182,true]},"rttpg_author":{"display_name":"Livio Nonis","author_link":"https:\/\/imagazine.it\/home_desk\/author\/nonis\/"},"rttpg_comment":0,"rttpg_category":"<a href=\"https:\/\/imagazine.it\/home_desk\/category\/sport\/\" rel=\"category tag\">SPORT<\/a>","rttpg_excerpt":"Domenica 1 marzo la presentazione","_links":{"self":[{"href":"https:\/\/imagazine.it\/home_desk\/wp-json\/wp\/v2\/posts\/32500","targetHints":{"allow":["GET"]}}],"collection":[{"href":"https:\/\/imagazine.it\/home_desk\/wp-json\/wp\/v2\/posts"}],"about":[{"href":"https:\/\/imagazine.it\/home_desk\/wp-json\/wp\/v2\/types\/post"}],"author":[{"embeddable":true,"href":"https:\/\/imagazine.it\/home_desk\/wp-json\/wp\/v2\/users\/22"}],"replies":[{"embeddable":true,"href":"https:\/\/imagazine.it\/home_desk\/wp-json\/wp\/v2\/comments?post=32500"}],"version-history":[{"count":0,"href":"https:\/\/imagazine.it\/home_desk\/wp-json\/wp\/v2\/posts\/32500\/revisions"}],"wp:featuredmedia":[{"embeddable":true,"href":"https:\/\/imagazine.it\/home_desk\/wp-json\/wp\/v2\/media\/32501"}],"wp:attachment":[{"href":"https:\/\/imagazine.it\/home_desk\/wp-json\/wp\/v2\/media?parent=32500"}],"wp:term":[{"taxonomy":"category","embeddable":true,"href":"https:\/\/imagazine.it\/home_desk\/wp-json\/wp\/v2\/categories?post=32500"},{"taxonomy":"post_tag","embeddable":true,"href":"https:\/\/imagazine.it\/home_desk\/wp-json\/wp\/v2\/tags?post=32500"}],"curies":[{"name":"wp","href":"https:\/\/api.w.org\/{rel}","templated":true}]}}